{"id":37646,"date":"2026-04-28T14:54:36","date_gmt":"2026-04-28T14:54:36","guid":{"rendered":"https:\/\/acronoticias.com\/index.php\/2026\/04\/28\/dgjp-inicia-semana-de-la-etica-2026-con-actividades-enfocadas-en-valores-y-transparencia\/"},"modified":"2026-04-28T14:54:36","modified_gmt":"2026-04-28T14:54:36","slug":"dgjp-inicia-semana-de-la-etica-2026-con-actividades-enfocadas-en-valores-y-transparencia","status":"publish","type":"post","link":"https:\/\/acronoticias.com\/index.php\/2026\/04\/28\/dgjp-inicia-semana-de-la-etica-2026-con-actividades-enfocadas-en-valores-y-transparencia\/","title":{"rendered":"DGJP inicia Semana de la \u00c9tica 2026 con actividades enfocadas en valores y transparencia"},"content":{"rendered":"<p><img decoding=\"async\" width=\"355\" height=\"200\" src=\"https:\/\/nuevodiario-assets.s3.us-east-2.amazonaws.com\/wp-content\/uploads\/2026\/04\/DGJP-inicia-Semana-de-la-Etica-2026-con-actividades-enfocadas-en-valores-y-transparencia-355x200.jpeg\" class=\"webfeedsFeaturedVisual not-transparent wp-post-image\" alt=\"\" style=\"--dominant-color: #8b837c;margin-bottom: 5px;clear:both;max-width: 100%\" loading=\"lazy\" data-has-transparency=\"false\" data-dominant-color=\"8b837c\" \/><\/p>\n<p>EL NUEVO DIARIO, SANTO DOMINGO.- La <span class=\"hover:entity-accent entity-underline inline cursor-pointer align-baseline\"><span class=\"whitespace-normal\">Direcci\u00f3n General de Jubilaciones y Pensiones a Cargo del Estado (DGJP)\u00a0<\/span><\/span> inici\u00f3 el lunes la celebraci\u00f3n de la Semana de la \u00c9tica 2026, con el tema \u201cEl legado de valores de nuestros afiliados, jubilados y pensionados\u201d, con el objetivo de fortalecer la cultura \u00e9tica mediante el intercambio de experiencias y valores.<\/p>\n<p data-start=\"401\" data-end=\"735\">El acto se llev\u00f3 a cabo en el \u00e1rea de Atenci\u00f3n al Pensionado, donde el director general de la entidad, <span class=\"hover:entity-accent entity-underline inline cursor-pointer align-baseline\"><span class=\"whitespace-normal\">Juan Rosa<\/span><\/span>, indic\u00f3 que la jornada promueve la reflexi\u00f3n sobre la importancia de actuar con integridad, transparencia y responsabilidad en el ejercicio de la funci\u00f3n p\u00fablica, seg\u00fan un comunicado de prensa.<\/p>\n<p data-start=\"737\" data-end=\"1063\">El funcionario se\u00f1al\u00f3 que la actividad se enmarca en la conmemoraci\u00f3n del <span class=\"hover:entity-accent entity-underline inline cursor-pointer align-baseline\"><span class=\"whitespace-normal\">D\u00eda Nacional de la \u00c9tica Ciudadana<\/span><\/span>, y que la instituci\u00f3n asume el compromiso de ofrecer servicios con respeto y vocaci\u00f3n de servicio.<\/p>\n<figure id=\"attachment_3099931\" aria-describedby=\"caption-attachment-3099931\" style=\"width: 1600px\" class=\"wp-caption alignnone\"><img loading=\"lazy\" decoding=\"async\" data-recalc-dims=\"1\" data-dominant-color=\"7f807e\" data-has-transparency=\"false\" style=\"--dominant-color: #7f807e\" class=\"wp-image-3099931 size-full not-transparent\" src=\"https:\/\/i0.wp.com\/nuevodiario-assets.s3.us-east-2.amazonaws.com\/wp-content\/uploads\/2026\/04\/Al-centro-el-director-general-de-la-entidad-Juan-Rosa.jpeg?resize=640%2C458&#038;quality=100&#038;ssl=1\" alt=\"\" width=\"640\" height=\"458\" \/><figcaption id=\"caption-attachment-3099931\" class=\"wp-caption-text\">Al centro el director general de la entidad, Juan Rosa. (Foto: DGJP).<\/figcaption><\/figure>\n<p data-start=\"1065\" data-end=\"1238\">Asimismo, record\u00f3 que la conmemoraci\u00f3n fue instituida mediante el <span class=\"hover:entity-accent entity-underline inline cursor-pointer align-baseline\"><span class=\"whitespace-normal\">Decreto n\u00fam. 252-05<\/span><\/span>, y que busca promover la \u00e9tica como pr\u00e1ctica en la gesti\u00f3n p\u00fablica.<\/p>\n<figure id=\"attachment_3099929\" aria-describedby=\"caption-attachment-3099929\" style=\"width: 1600px\" class=\"wp-caption alignnone\"><img loading=\"lazy\" decoding=\"async\" data-recalc-dims=\"1\" data-dominant-color=\"87947f\" data-has-transparency=\"false\" style=\"--dominant-color: #87947f\" class=\"wp-image-3099929 size-full not-transparent\" src=\"https:\/\/i0.wp.com\/nuevodiario-assets.s3.us-east-2.amazonaws.com\/wp-content\/uploads\/2026\/04\/DGJP-inicia-Semana-de-la-Etica-2026-con-actividades-enfocadas-en-valores-y-transparencia-3.jpeg?resize=640%2C638&#038;quality=100&#038;ssl=1\" alt=\"\" width=\"640\" height=\"638\" \/><figcaption id=\"caption-attachment-3099929\" class=\"wp-caption-text\">DGJP inicia Semana de la \u00c9tica 2026 con actividades enfocadas en valores y transparencia. (Foto: DGJP).\u00a0 \u00a0 \u00a0 \u00a0 \u00a0 \u00a0 \u00a0 \u00a0 \u00a0 \u00a0 \u00a0 \u00a0 \u00a0\u00a0<\/figcaption><\/figure>\n<p data-start=\"1240\" data-end=\"1554\">De su lado, la coordinadora general de la Comisi\u00f3n de Integridad Gubernamental y Cumplimiento Normativo (CIGCN) de la DGJP, <span class=\"hover:entity-accent entity-underline inline cursor-pointer align-baseline\"><span class=\"whitespace-normal\">Carmen Ma\u00f1\u00f3n<\/span><\/span>, expres\u00f3 que la Semana de la \u00c9tica 2026 constituye un espacio para reafirmar el compromiso institucional con principios que orienten la gesti\u00f3n p\u00fablica.<\/p>\n<p data-start=\"1240\" data-end=\"1554\">Durante la semana, bajo el lema \u201cEl desarrollo est\u00e1 en la integridad\u201d, la entidad desarrollar\u00e1 actividades orientadas a promover la transparencia, la responsabilidad y los valores \u00e9ticos en la administraci\u00f3n p\u00fablica.<\/p>\n<figure id=\"attachment_3099928\" aria-describedby=\"caption-attachment-3099928\" style=\"width: 1600px\" class=\"wp-caption alignnone\"><img decoding=\"async\" data-recalc-dims=\"1\" data-dominant-color=\"717170\" data-has-transparency=\"false\" style=\"--dominant-color: #717170\" loading=\"lazy\" class=\"wp-image-3099928 size-full not-transparent\" src=\"https:\/\/i0.wp.com\/nuevodiario-assets.s3.us-east-2.amazonaws.com\/wp-content\/uploads\/2026\/04\/DGJP-inicia-Semana-de-la-Etica-2026-con-actividades-enfocadas-en-valores-y-transparencia-2.jpeg?resize=640%2C409&#038;quality=100&#038;ssl=1\" alt=\"\" width=\"640\" height=\"409\" \/><figcaption id=\"caption-attachment-3099928\" class=\"wp-caption-text\">DGJP inicia Semana de la \u00c9tica 2026 con actividades enfocadas en valores y transparencia. (Foto: DGJP).<\/figcaption><\/figure>\n<p data-start=\"1774\" data-end=\"2016\" data-is-last-node=\"\" data-is-only-node=\"\">En el encuentro organizado por la CIGCN participaron Heidi V\u00edlchez, coordinadora ejecutiva, junto a los miembros Daneiro P\u00e9rez, Mar\u00eda Teresa Pe\u00f1a, Daniel Santana, Marino Rodr\u00edguez y Juana M\u00e9ndez, as\u00ed como otros funcionarios de la instituci\u00f3n.<\/p>\n<p data-start=\"1774\" data-end=\"2016\" data-is-last-node=\"\" data-is-only-node=\"\">NLP\/<\/p>\n<p>La entrada <a href=\"https:\/\/elnuevodiario.com.do\/dgjp-inicia-semana-de-la-etica-2026-con-actividades-enfocadas-en-valores-y-transparencia\/\">DGJP inicia Semana de la \u00c9tica 2026 con actividades enfocadas en valores y transparencia<\/a> se public\u00f3 primero en <a href=\"https:\/\/elnuevodiario.com.do\">El Nuevo Diario (Rep\u00fablica Dominicana)<\/a>.<\/p>\n","protected":false},"excerpt":{"rendered":"<p>EL NUEVO DIARIO, SANTO DOMINGO.- La Direcci\u00f3n General de Jubilaciones y Pensiones a Cargo del Estado (DGJP)\u00a0 inici\u00f3 el lunes la celebraci\u00f3n de la Semana de la \u00c9tica 2026, con el tema \u201cEl legado de valores de nuestros afiliados, jubilados y pensionados\u201d, con el objetivo de fortalecer la cultura \u00e9tica mediante el intercambio de experiencias<\/p>\n","protected":false},"author":1,"featured_media":37647,"comment_status":"open","ping_status":"open","sticky":false,"template":"","format":"standard","meta":{"footnotes":""},"categories":[1],"tags":[],"class_list":["post-37646","post","type-post","status-publish","format-standard","has-post-thumbnail","hentry","category-nacionales"],"_links":{"self":[{"href":"https:\/\/acronoticias.com\/index.php\/wp-json\/wp\/v2\/posts\/37646","targetHints":{"allow":["GET"]}}],"collection":[{"href":"https:\/\/acronoticias.com\/index.php\/wp-json\/wp\/v2\/posts"}],"about":[{"href":"https:\/\/acronoticias.com\/index.php\/wp-json\/wp\/v2\/types\/post"}],"author":[{"embeddable":true,"href":"https:\/\/acronoticias.com\/index.php\/wp-json\/wp\/v2\/users\/1"}],"replies":[{"embeddable":true,"href":"https:\/\/acronoticias.com\/index.php\/wp-json\/wp\/v2\/comments?post=37646"}],"version-history":[{"count":0,"href":"https:\/\/acronoticias.com\/index.php\/wp-json\/wp\/v2\/posts\/37646\/revisions"}],"wp:featuredmedia":[{"embeddable":true,"href":"https:\/\/acronoticias.com\/index.php\/wp-json\/wp\/v2\/media\/37647"}],"wp:attachment":[{"href":"https:\/\/acronoticias.com\/index.php\/wp-json\/wp\/v2\/media?parent=37646"}],"wp:term":[{"taxonomy":"category","embeddable":true,"href":"https:\/\/acronoticias.com\/index.php\/wp-json\/wp\/v2\/categories?post=37646"},{"taxonomy":"post_tag","embeddable":true,"href":"https:\/\/acronoticias.com\/index.php\/wp-json\/wp\/v2\/tags?post=37646"}],"curies":[{"name":"wp","href":"https:\/\/api.w.org\/{rel}","templated":true}]}}