{"id":37638,"date":"2026-04-28T14:22:41","date_gmt":"2026-04-28T14:22:41","guid":{"rendered":"https:\/\/acronoticias.com\/index.php\/2026\/04\/28\/jose-del-castillo-savinon-alerta-sobre-crisis-fiscal-y-energetica-que-amenaza-el-crecimiento-economico-del-pais\/"},"modified":"2026-04-28T14:22:41","modified_gmt":"2026-04-28T14:22:41","slug":"jose-del-castillo-savinon-alerta-sobre-crisis-fiscal-y-energetica-que-amenaza-el-crecimiento-economico-del-pais","status":"publish","type":"post","link":"https:\/\/acronoticias.com\/index.php\/2026\/04\/28\/jose-del-castillo-savinon-alerta-sobre-crisis-fiscal-y-energetica-que-amenaza-el-crecimiento-economico-del-pais\/","title":{"rendered":"Jos\u00e9 del Castillo Savi\u00f1\u00f3n alerta sobre crisis fiscal y energ\u00e9tica que amenaza el crecimiento econ\u00f3mico del pa\u00eds"},"content":{"rendered":"<p><img loading=\"lazy\" decoding=\"async\" width=\"355\" height=\"200\" src=\"https:\/\/nuevodiario-assets.s3.us-east-2.amazonaws.com\/wp-content\/uploads\/2026\/04\/WhatsApp-Image-2026-04-28-at-9.49.28-AM-355x200.jpeg\" class=\"webfeedsFeaturedVisual not-transparent wp-post-image\" alt=\"El miembro de la Direcci\u00f3n Pol\u00edtica de la Fuerza del Pueblo, Jos\u00e9 del Castillo Savi\u00f1\u00f3n. (Foto: Wandel Almonte)\" style=\"--dominant-color: #7b6a6d;margin-bottom: 5px;clear:both;max-width: 100%\" data-has-transparency=\"false\" data-dominant-color=\"7b6a6d\" \/><\/p>\n<p><span style=\"font-weight: 400\">Por: Carolina Alvarez\u00a0<\/span><\/p>\n<p><span style=\"font-weight: 400\">EL NUEVO DIARIO, SANTO DOMINGO.- El miembro de la Direcci\u00f3n Pol\u00edtica de la Fuerza del Pueblo, Jos\u00e9 del Castillo Savi\u00f1\u00f3n, advirti\u00f3 que el pa\u00eds enfrenta serias limitaciones para sostener su crecimiento econ\u00f3mico debido al peso de los subsidios a los combustibles, la baja inversi\u00f3n p\u00fablica y la incertidumbre internacional.<\/span><\/p>\n<p><span style=\"font-weight: 400\">\u201cLa econom\u00eda dominicana enfrenta una tormenta perfecta que combina altos precios del petr\u00f3leo, subsidios crecientes y poco espacio fiscal\u201d, advirti\u00f3 el dirigente pol\u00edtico al analizar el panorama econ\u00f3mico actual y sus implicaciones para el corto y mediano plazo.<\/span><\/p>\n<p><span style=\"font-weight: 400\">El exsenador de Barahona explic\u00f3 que el gobierno ha optado por contener el impacto inflacionario mediante subsidios a los combustibles, una estrategia que aunque necesaria para evitar un choque social, genera una fuerte presi\u00f3n sobre las finanzas p\u00fablicas. \u201cEl Estado est\u00e1 absorbiendo diferenciales importantes en el precio del gasoil y la gasolina, pero eso tiene un l\u00edmite, sobre todo en un contexto donde no hay espacio fiscal\u201d, se\u00f1al\u00f3.<\/span><\/p>\n<p><span style=\"font-weight: 400\">El <a href=\"https:\/\/www.instagram.com\/josedelcastillosavinon\/\">dirigente<\/a> sostuvo que esta situaci\u00f3n se agrava por la pol\u00edtica monetaria del Banco Central que mantiene restringido el cr\u00e9dito. \u201cPor un lado se busca controlar la inflaci\u00f3n, pero por otro se limita la capacidad de crecimiento de la econom\u00eda\u201d, afirm\u00f3.<\/span><\/p>\n<p><span style=\"font-weight: 400\">El exministro de Industria y Comercio indic\u00f3 que a este panorama se le suma la baja inversi\u00f3n p\u00fablica. \u201cEstamos viendo uno de los niveles m\u00e1s bajos de ejecuci\u00f3n de gasto de capital en d\u00e9cadas, apenas alrededor de 1.2% del PIB, cuando hist\u00f3ricamente era cercano a 2.5%. Eso explica en gran medida el bajo crecimiento econ\u00f3mico reciente\u201d, expres\u00f3.<\/span><\/p>\n<p><strong>VER PROGRAMA:<\/strong><\/p>\n<div class=\"jetpack-video-wrapper\"><\/div>\n<p><span style=\"font-weight: 400\">Al ser entrevistado en el espacio <a href=\"https:\/\/elnuevodiario.com.do\/programa\/el-nuevo-diario-am\/\">El Nuevo Diario AM<\/a>, conducido por Enrique \u201cTuto\u201d Mota y Julio Clemente, y transmitido por la plataforma digital El Nuevo Diario TV,\u00a0 Del Castillo Savi\u00f1\u00f3n tambi\u00e9n insisti\u00f3 en la necesidad de impulsar alternativas energ\u00e9ticas y fomentar una cultura de ahorro. \u201cEl gobierno debe liderar con el ejemplo, promover la eficiencia energ\u00e9tica y retomar iniciativas como el gas natural. Dependemos de un mercado internacional que no controlamos\u201d, dijo.<\/span><\/p>\n<p><span style=\"font-weight: 400\">En el plano pol\u00edtico, Del Castillo destac\u00f3 el posicionamiento de la Fuerza del Pueblo de cara a los pr\u00f3ximos comicios. \u201cHoy somos la principal fuerza de oposici\u00f3n y estamos compitiendo de cerca con el oficialismo\u201d, asegur\u00f3, al tiempo que valor\u00f3 el liderazgo de Leonel Fern\u00e1ndez y el crecimiento de Omar Fern\u00e1ndez.<\/span><\/p>\n<p><span style=\"font-weight: 400\">Sobre el escenario electoral, consider\u00f3 probable una segunda vuelta en 2028. \u201cHabr\u00e1 una polarizaci\u00f3n entre las principales figuras y las alianzas ser\u00e1n determinantes, pero esa es una discusi\u00f3n para m\u00e1s adelante, hacia 2027\u201d, indic\u00f3.<\/span><\/p>\n<p>&nbsp;<\/p>\n<p>La entrada <a href=\"https:\/\/elnuevodiario.com.do\/jose-del-castillo-savinon-alerta-sobre-crisis-fiscal-y-energetica-que-amenaza-el-crecimiento-economico-del-pais\/\">Jos\u00e9 del Castillo Savi\u00f1\u00f3n alerta sobre crisis fiscal y energ\u00e9tica que amenaza el crecimiento econ\u00f3mico del pa\u00eds<\/a> se public\u00f3 primero en <a href=\"https:\/\/elnuevodiario.com.do\">El Nuevo Diario (Rep\u00fablica Dominicana)<\/a>.<\/p>\n<p><script async src=\"\/\/www.instagram.com\/embed.js\"><\/script><\/p>\n","protected":false},"excerpt":{"rendered":"<p>Por: Carolina Alvarez\u00a0 EL NUEVO DIARIO, SANTO DOMINGO.- El miembro de la Direcci\u00f3n Pol\u00edtica de la Fuerza del Pueblo, Jos\u00e9 del Castillo Savi\u00f1\u00f3n, advirti\u00f3 que el pa\u00eds enfrenta serias limitaciones para sostener su crecimiento econ\u00f3mico debido al peso de los subsidios a los combustibles, la baja inversi\u00f3n p\u00fablica y la incertidumbre internacional. \u201cLa econom\u00eda dominicana<\/p>\n","protected":false},"author":1,"featured_media":37639,"comment_status":"open","ping_status":"open","sticky":false,"template":"","format":"standard","meta":{"footnotes":""},"categories":[1],"tags":[],"class_list":["post-37638","post","type-post","status-publish","format-standard","has-post-thumbnail","hentry","category-nacionales"],"_links":{"self":[{"href":"https:\/\/acronoticias.com\/index.php\/wp-json\/wp\/v2\/posts\/37638","targetHints":{"allow":["GET"]}}],"collection":[{"href":"https:\/\/acronoticias.com\/index.php\/wp-json\/wp\/v2\/posts"}],"about":[{"href":"https:\/\/acronoticias.com\/index.php\/wp-json\/wp\/v2\/types\/post"}],"author":[{"embeddable":true,"href":"https:\/\/acronoticias.com\/index.php\/wp-json\/wp\/v2\/users\/1"}],"replies":[{"embeddable":true,"href":"https:\/\/acronoticias.com\/index.php\/wp-json\/wp\/v2\/comments?post=37638"}],"version-history":[{"count":0,"href":"https:\/\/acronoticias.com\/index.php\/wp-json\/wp\/v2\/posts\/37638\/revisions"}],"wp:featuredmedia":[{"embeddable":true,"href":"https:\/\/acronoticias.com\/index.php\/wp-json\/wp\/v2\/media\/37639"}],"wp:attachment":[{"href":"https:\/\/acronoticias.com\/index.php\/wp-json\/wp\/v2\/media?parent=37638"}],"wp:term":[{"taxonomy":"category","embeddable":true,"href":"https:\/\/acronoticias.com\/index.php\/wp-json\/wp\/v2\/categories?post=37638"},{"taxonomy":"post_tag","embeddable":true,"href":"https:\/\/acronoticias.com\/index.php\/wp-json\/wp\/v2\/tags?post=37638"}],"curies":[{"name":"wp","href":"https:\/\/api.w.org\/{rel}","templated":true}]}}