{"id":37634,"date":"2026-04-28T13:50:43","date_gmt":"2026-04-28T13:50:43","guid":{"rendered":"https:\/\/acronoticias.com\/index.php\/2026\/04\/28\/refuerzan-supervision-en-la-linea-fronteriza-para-garantizar-proteccion\/"},"modified":"2026-04-28T13:50:43","modified_gmt":"2026-04-28T13:50:43","slug":"refuerzan-supervision-en-la-linea-fronteriza-para-garantizar-proteccion","status":"publish","type":"post","link":"https:\/\/acronoticias.com\/index.php\/2026\/04\/28\/refuerzan-supervision-en-la-linea-fronteriza-para-garantizar-proteccion\/","title":{"rendered":"Refuerzan supervisi\u00f3n en la l\u00ednea fronteriza para garantizar protecci\u00f3n\u00a0"},"content":{"rendered":"<p><img decoding=\"async\" width=\"355\" height=\"200\" src=\"https:\/\/nuevodiario-assets.s3.us-east-2.amazonaws.com\/wp-content\/uploads\/2026\/04\/Recorrido-zona-fronteriza-5-355x200.jpg\" class=\"webfeedsFeaturedVisual not-transparent wp-post-image\" alt=\"\" style=\"--dominant-color: #626e5f;margin-bottom: 5px;clear:both;max-width: 100%\" loading=\"lazy\" data-has-transparency=\"false\" data-dominant-color=\"626e5f\" \/><\/p>\n<p>EL NUEVO DIARIO, SANTO DOMINGO.- El comandante mayor general del Ej\u00e9rcito de Rep\u00fablica Dominicana, Jorge Iv\u00e1n Camino P\u00e9rez, realiz\u00f3 un extenso recorrido por diversos puntos fronterizos de las provincias Independencia, El\u00edas Pi\u00f1a y Dajab\u00f3n, abarcando m\u00faltiples destacamentos, compa\u00f1\u00edas y puestos estrat\u00e9gicos, reafirmando la presencia operativa del Ej\u00e9rcito en la zona fronteriza y el compromiso institucional con la seguridad territorial.<\/p>\n<p>La jornada inici\u00f3 en la comunidad de Jiman\u00ed, donde visit\u00f3 la Fortaleza El Rodeo, asiento del 14to. Batall\u00f3n de Infanter\u00eda. Desde all\u00ed se traslad\u00f3 al destacamento La 240, continuando hacia la Pir\u00e1mide 243.<\/p>\n<div id=\"v-fTJZsnOu-1\" class=\"video-player\"><video id=\"v-fTJZsnOu-1-video\" width=\"640\" height=\"360\" poster=\"\" controls=\"true\" preload=\"metadata\" dir=\"ltr\"><\/p>\n<div><img loading=\"lazy\" decoding=\"async\" alt=\"\" src=\"\" width=\"640\" height=\"360\" \/><\/div>\n<p><\/video><\/div>\n<p>Posteriormente, inspeccion\u00f3 el destacamento de Tierra Nueva y el puesto Las Lajas. M\u00e1s adelante, visit\u00f3 el reci\u00e9n construido destacamento de Tierra Virgen, seguido por el destacamento Cacique Enriquillo.<\/p>\n<p>El recorrido continu\u00f3 hacia la 25ta. Compa\u00f1\u00eda de Infanter\u00eda, con asiento en el municipio de Pedro Santana, provincia El\u00edas Pi\u00f1a, desde donde inspeccion\u00f3 el puente sobre el r\u00edo Artibonito, punto que marca el inicio de la carretera internacional en direcci\u00f3n sur\u2013norte.<\/p>\n<p><img loading=\"lazy\" decoding=\"async\" data-recalc-dims=\"1\" data-dominant-color=\"909587\" data-has-transparency=\"false\" style=\"--dominant-color: #909587\" class=\"alignnone wp-image-3099799 size-full not-transparent\" src=\"https:\/\/i0.wp.com\/nuevodiario-assets.s3.us-east-2.amazonaws.com\/wp-content\/uploads\/2026\/04\/Recorrido-zona-fronteriza-8.jpg?resize=640%2C501&#038;quality=100&#038;ssl=1\" alt=\"\" width=\"640\" height=\"501\" \/><\/p>\n<p>Luego, se traslad\u00f3 al puesto El Fort\u00edn, desde donde visit\u00f3 el puente sobre el r\u00edo Lib\u00f3n, en el municipio de Restauraci\u00f3n, provincia Dajab\u00f3n, punto de partida de la carretera internacional en direcci\u00f3n norte\u2013sur.<\/p>\n<p>El trayecto incluy\u00f3 adem\u00e1s un recorrido aproximado de 10 kil\u00f3metros de esta v\u00eda, abarcando las comunidades de Tilory y Villa Anacaona. Durante este tramo, inspeccion\u00f3 el destacamento de Villa Anacaona y el puesto Los Algodones, concluyendo en el puesto avanzado de Guayajayuco.<\/p>\n<p><img decoding=\"async\" data-recalc-dims=\"1\" data-dominant-color=\"82886e\" data-has-transparency=\"false\" style=\"--dominant-color: #82886e\" loading=\"lazy\" class=\"alignnone wp-image-3099803 size-full not-transparent\" src=\"https:\/\/i0.wp.com\/nuevodiario-assets.s3.us-east-2.amazonaws.com\/wp-content\/uploads\/2026\/04\/Recorrido-zona-fronteriza-9.jpg?resize=640%2C446&#038;quality=100&#038;ssl=1\" alt=\"\" width=\"640\" height=\"446\" \/><\/p>\n<p>La jornada culmin\u00f3 con una visita a la Fortaleza Beller, asiento del 10mo. Batall\u00f3n de Infanter\u00eda, en la provincia Dajab\u00f3n, donde el Comandante General se dirigi\u00f3 a las tropas en formaci\u00f3n, exhort\u00e1ndoles a fortalecer la vigilancia y a mantenerse apegados al cumplimiento estricto de sus tareas, garantizando la protecci\u00f3n del territorio nacional y la seguridad de las comunidades fronterizas.<\/p>\n<p>Acompa\u00f1aron al Mayor General Camino P\u00e9rez, el General de Brigada Rafael Antonio N\u00fa\u00f1ez Veloz, Inspector General del Ej\u00e9rcito; el General de Brigada Freddy Soto Thormann, Comandante de la 5ta. Brigada de Infanter\u00eda; y el General de Brigada Jos\u00e9 Manuel Dur\u00e1n Infante, Comandante de la 4ta. Brigada de Infanter\u00eda, junto a otros oficiales del Estado Mayor del Ej\u00e9rcito.<\/p>\n<p>Estas visitas forman parte del programa permanente de supervisi\u00f3n y fortalecimiento operacional que desarrolla el Ej\u00e9rcito de Rep\u00fablica Dominicana, con el prop\u00f3sito de garantizar la defensa del territorio nacional y la seguridad en toda la zona fronteriza.<\/p>\n<p><img decoding=\"async\" data-recalc-dims=\"1\" data-dominant-color=\"68777c\" data-has-transparency=\"false\" style=\"--dominant-color: #68777c\" loading=\"lazy\" class=\"alignnone wp-image-3099805 size-full not-transparent\" src=\"https:\/\/i0.wp.com\/nuevodiario-assets.s3.us-east-2.amazonaws.com\/wp-content\/uploads\/2026\/04\/Recorrido-zona-fronteriza-2.jpg?resize=640%2C387&#038;quality=100&#038;ssl=1\" alt=\"\" width=\"640\" height=\"387\" \/> <img decoding=\"async\" data-recalc-dims=\"1\" data-dominant-color=\"7e8b8d\" data-has-transparency=\"false\" style=\"--dominant-color: #7e8b8d\" loading=\"lazy\" class=\"alignnone wp-image-3099807 size-full not-transparent\" src=\"https:\/\/i0.wp.com\/nuevodiario-assets.s3.us-east-2.amazonaws.com\/wp-content\/uploads\/2026\/04\/Recorrido-zona-fronteriza-.jpg?resize=640%2C402&#038;quality=100&#038;ssl=1\" alt=\"\" width=\"640\" height=\"402\" \/> <img decoding=\"async\" data-recalc-dims=\"1\" data-dominant-color=\"7f8c83\" data-has-transparency=\"false\" style=\"--dominant-color: #7f8c83\" loading=\"lazy\" class=\"alignnone wp-image-3099808 size-full not-transparent\" src=\"https:\/\/i0.wp.com\/nuevodiario-assets.s3.us-east-2.amazonaws.com\/wp-content\/uploads\/2026\/04\/IMG-20260428-WA0026.jpg?resize=640%2C394&#038;quality=100&#038;ssl=1\" alt=\"\" width=\"640\" height=\"394\" \/><\/p>\n<p>La entrada <a href=\"https:\/\/elnuevodiario.com.do\/refuerzan-supervision-en-la-linea-fronteriza-para-garantizar-proteccion\/\">Refuerzan supervisi\u00f3n en la l\u00ednea fronteriza para garantizar protecci\u00f3n\u00a0<\/a> se public\u00f3 primero en <a href=\"https:\/\/elnuevodiario.com.do\">El Nuevo Diario (Rep\u00fablica Dominicana)<\/a>.<\/p>\n","protected":false},"excerpt":{"rendered":"<p>EL NUEVO DIARIO, SANTO DOMINGO.- El comandante mayor general del Ej\u00e9rcito de Rep\u00fablica Dominicana, Jorge Iv\u00e1n Camino P\u00e9rez, realiz\u00f3 un extenso recorrido por diversos puntos fronterizos de las provincias Independencia, El\u00edas Pi\u00f1a y Dajab\u00f3n, abarcando m\u00faltiples destacamentos, compa\u00f1\u00edas y puestos estrat\u00e9gicos, reafirmando la presencia operativa del Ej\u00e9rcito en la zona fronteriza y el compromiso institucional<\/p>\n","protected":false},"author":1,"featured_media":37635,"comment_status":"open","ping_status":"open","sticky":false,"template":"","format":"standard","meta":{"footnotes":""},"categories":[1],"tags":[],"class_list":["post-37634","post","type-post","status-publish","format-standard","has-post-thumbnail","hentry","category-nacionales"],"_links":{"self":[{"href":"https:\/\/acronoticias.com\/index.php\/wp-json\/wp\/v2\/posts\/37634","targetHints":{"allow":["GET"]}}],"collection":[{"href":"https:\/\/acronoticias.com\/index.php\/wp-json\/wp\/v2\/posts"}],"about":[{"href":"https:\/\/acronoticias.com\/index.php\/wp-json\/wp\/v2\/types\/post"}],"author":[{"embeddable":true,"href":"https:\/\/acronoticias.com\/index.php\/wp-json\/wp\/v2\/users\/1"}],"replies":[{"embeddable":true,"href":"https:\/\/acronoticias.com\/index.php\/wp-json\/wp\/v2\/comments?post=37634"}],"version-history":[{"count":0,"href":"https:\/\/acronoticias.com\/index.php\/wp-json\/wp\/v2\/posts\/37634\/revisions"}],"wp:featuredmedia":[{"embeddable":true,"href":"https:\/\/acronoticias.com\/index.php\/wp-json\/wp\/v2\/media\/37635"}],"wp:attachment":[{"href":"https:\/\/acronoticias.com\/index.php\/wp-json\/wp\/v2\/media?parent=37634"}],"wp:term":[{"taxonomy":"category","embeddable":true,"href":"https:\/\/acronoticias.com\/index.php\/wp-json\/wp\/v2\/categories?post=37634"},{"taxonomy":"post_tag","embeddable":true,"href":"https:\/\/acronoticias.com\/index.php\/wp-json\/wp\/v2\/tags?post=37634"}],"curies":[{"name":"wp","href":"https:\/\/api.w.org\/{rel}","templated":true}]}}