{"id":37628,"date":"2026-04-28T13:28:43","date_gmt":"2026-04-28T13:28:43","guid":{"rendered":"https:\/\/acronoticias.com\/index.php\/2026\/04\/28\/el-desafio-de-mover-a-la-ballena-jorobada-encallada-en-el-mar-baltico\/"},"modified":"2026-04-28T13:28:43","modified_gmt":"2026-04-28T13:28:43","slug":"el-desafio-de-mover-a-la-ballena-jorobada-encallada-en-el-mar-baltico","status":"publish","type":"post","link":"https:\/\/acronoticias.com\/index.php\/2026\/04\/28\/el-desafio-de-mover-a-la-ballena-jorobada-encallada-en-el-mar-baltico\/","title":{"rendered":"el desaf\u00edo de mover a la ballena jorobada encallada en el mar B\u00e1ltico"},"content":{"rendered":"<div>\n<div class=\"c-detail__author full\">\n<div>\n<div class=\"c-detail__author__thumb\">\n<figure>\n                                <picture src=\"https:\/\/imagenes.hoy.com.do\/files\/image_square_xs\/uploads\/2025\/11\/18\/691c7d5bed035.jpeg\" data-size=\"w:40,h:40\">\n                                    <img decoding=\"async\" loading=\"lazy\" alt=\"EFE EFE\" width=\"40\" height=\"40\" src=\"https:\/\/imagenes.hoy.com.do\/files\/image_square_xs\/uploads\/2025\/11\/18\/691c7d5bed035.jpeg\"\/>\n                                <\/picture>\n                                <\/figure>\n<\/div>\n<\/div>\n<\/div>\n<p>                                                                                            <!-- --><\/p>\n<p class=\"paragraph\">Berl\u00edn, 28 abr (EFE).- Veterinarios y especialistas comenzaron un nuevo intento para <b>salvar a la ballena jorobada <\/b>encallada desde hace un mes en la costa alemana del mar B\u00e1ltico, en el marco de una iniciativa privada que consiste en crear un arn\u00e9s para llevarle hacia una especie de gabarra que deber\u00eda transportar a &#8220;<b>Timmy&#8221;<\/b> hacia el mar del Norte.<\/p>\n<p class=\"paragraph\">El ministro de Medio Ambiente de Mecklemburgo-Antepomerania, Till Backhaus, explic\u00f3 este martes en declaraciones a los medios que las dos veterinarias presentes en Wismar han determinado que &#8220;<b>la ballena es apta para el transporte&#8221;.<\/b><\/p>\n<p class=\"paragraph\">&#8220;Adem\u00e1s, el estado de salud, que ha sido cuestionado reiteradamente por la comunidad cient\u00edfica, tambi\u00e9n por m\u00ed, se describe as\u00ed: la respiraci\u00f3n es profunda, sin ruidos patol\u00f3gicos, regular y a<b>daptada a las condiciones del entorno<\/b>, el espir\u00e1culo no registra anomal\u00edas y el coraz\u00f3n es fuerte y bien adaptado&#8221;, indic\u00f3.<\/p>\n<p class=\"paragraph\">&#8220;Timmy tiene, eso s\u00ed &#8220;<b>una leve conjuntivitis&#8221;,<\/b> probablemente debido a part\u00edculas en suspensi\u00f3n, en tanto que las alteraciones cut\u00e1neas son leves y contin\u00faan sanando bien, a\u00f1adi\u00f3.<\/p>\n<p class=\"paragraph\">&#8220;Este es un intento \u00fanico en Alemania: salvar a una ballena jorobada viva que<b> ya ha encallado cinco veces <\/b>en nuestro estado federado, rescatarla y trasladarla al mar del Norte, donde pueda tener una oportunidad. No sabemos si la aprovechar\u00e1, pero el intento vale la pena. Siempre he dicho: quien no hace nada tampoco comete errores&#8221;, recalc\u00f3 Backhaus.<\/p>\n<p class=\"paragraph\">El nuevo intento consiste en colocar en la ballena un sistema de arneses, seg\u00fan el modelo australiano, que consiste en colocar mangueras de los bomberos alrededor del cet\u00e1ceo para poder guiarla de forma controlada hacia la gabarra, subirla a ella e iniciar, si todo sale bien, el traslado hacia el mar del Norte.<\/p>\n<div class=\"c-detail__box \">\n<article class=\"c-detail__sumario \">\n<figure class=\"c-detail__sumario__thumb\" style=\"display: block;\">\n            <a href=\"#\" title=\"\">\n                <picture data-size=\"w:140,h:140\" loading=\"lazy\" src=\"https:\/\/imagenes.hoy.com.do\/files\/related_image\/uploads\/2026\/01\/27\/69797aebb297a.webp\" data-full-src=\"https:\/\/imagenes.hoy.com.do\/uploads\/2026\/01\/27\/69797aebb297a.webp\">\n                    <img loading=\"lazy\" decoding=\"async\" width=\"140\" height=\"140\" alt=\"Ballena Jorobada\" src=\"https:\/\/imagenes.hoy.com.do\/uploads\/2026\/01\/27\/69797aebb297a.webp\"\/>\n                <\/picture>\n            <\/a><br \/>\n        <\/figure>\n<\/article>\n<\/div>\n<p class=\"paragraph\">El cet\u00e1ceo, que mide 12,35 metros de largo, 3,20 metros de ancho, 1,60 metros de alto y pesa de unas 12 toneladas, debe ayudar a los especialistas para llegar hasta la barcaza.<\/p>\n<p class=\"paragraph\">El paso de llevarla hacia la gabarra es el que puede tomar m\u00e1s tiempo de todo el operativo de rescate, seg\u00fan los veterinarios.<\/p>\n<p class=\"paragraph\">El ministro de Medio Ambiente de Mecklemburgo-Antepomerania explic\u00f3 que la barcaza ya est\u00e1 parcialmente hundida para que la ballena jorobada pueda &#8220;flotar&#8221; en la misma.<\/p>\n<p class=\"paragraph\">La embarcaci\u00f3n especial de 50 metros de eslora, que funciona como un dique flotante sumergible, lleg\u00f3 la v\u00edspera al lugar tras haber sido sometida a peque\u00f1as modificaciones en Wismar.<\/p>\n<p class=\"paragraph\">Backhaus sostuvo que &#8220;las condiciones son buenas, el mar est\u00e1 tranquilo, y con algo de cooperaci\u00f3n del animal podr\u00edamos avanzar hoy de manera decisiva&#8221;.<\/p>\n<p class=\"paragraph\">El pol\u00edtico no se atrevi\u00f3 a dar un horizonte temporal, pero confi\u00f3 en que &#8220;idealmente deber\u00eda haberse logrado subir a la ballena a la barcaza antes del atardecer&#8221;.<\/p>\n<p class=\"paragraph\">&#8220;Tenemos que ver c\u00f3mo reacciona el cet\u00e1ceo: es un animal salvaje&#8221; (&#8230;), recalc\u00f3.<\/p>\n<p class=\"paragraph\">&#8220;Esperemos que tenga \u00e9xito.<b> Crucemos los dedos:<\/b> ser\u00eda algo extraordinario&#8221; lograr salvar a la ballena, a\u00f1adi\u00f3.<\/p>\n<p class=\"paragraph\">Desde que &#8220;Timmy&#8221; encall\u00f3 en la costa alemana del mar B\u00e1ltico a finales de marzo hubo varios intentos de liberar al cet\u00e1ceo mediante diferentes iniciativas, pero ninguna hasta ahora prosper\u00f3 o lleg\u00f3 a implantarse realmente.<\/p>\n<p class=\"paragraph\">El jueves de la semana pasada hubo una tentativa no aplicada finalmente de dos empresarios consistente en elevar a la ballena del lecho marino con ayuda de colchonetas de aire para transportarla despu\u00e9s sobre una lona entre dos pontones, y siempre escoltado, con un remolcador hasta el mar del Norte, o incluso el Atl\u00e1ntico.<\/p>\n<p class=\"paragraph\">Adem\u00e1s, la ballena logr\u00f3 liberarse en varias ocasiones por s\u00ed misma, pero nunca lleg\u00f3 a abandonar la costa hacia aguas profundas y finalmente acab\u00f3 encallada frente a la isla de Poel. EFE<\/p>\n<\/p><\/div>\n","protected":false},"excerpt":{"rendered":"<p>Berl\u00edn, 28 abr (EFE).- Veterinarios y especialistas comenzaron un nuevo intento para salvar a la ballena jorobada encallada desde hace un mes en la costa alemana del mar B\u00e1ltico, en el marco de una iniciativa privada que consiste en crear un arn\u00e9s para llevarle hacia una especie de gabarra que deber\u00eda transportar a &#8220;Timmy&#8221; hacia<\/p>\n","protected":false},"author":1,"featured_media":37629,"comment_status":"open","ping_status":"open","sticky":false,"template":"","format":"standard","meta":{"footnotes":""},"categories":[3],"tags":[],"class_list":["post-37628","post","type-post","status-publish","format-standard","has-post-thumbnail","hentry","category-internacionales"],"_links":{"self":[{"href":"https:\/\/acronoticias.com\/index.php\/wp-json\/wp\/v2\/posts\/37628","targetHints":{"allow":["GET"]}}],"collection":[{"href":"https:\/\/acronoticias.com\/index.php\/wp-json\/wp\/v2\/posts"}],"about":[{"href":"https:\/\/acronoticias.com\/index.php\/wp-json\/wp\/v2\/types\/post"}],"author":[{"embeddable":true,"href":"https:\/\/acronoticias.com\/index.php\/wp-json\/wp\/v2\/users\/1"}],"replies":[{"embeddable":true,"href":"https:\/\/acronoticias.com\/index.php\/wp-json\/wp\/v2\/comments?post=37628"}],"version-history":[{"count":0,"href":"https:\/\/acronoticias.com\/index.php\/wp-json\/wp\/v2\/posts\/37628\/revisions"}],"wp:featuredmedia":[{"embeddable":true,"href":"https:\/\/acronoticias.com\/index.php\/wp-json\/wp\/v2\/media\/37629"}],"wp:attachment":[{"href":"https:\/\/acronoticias.com\/index.php\/wp-json\/wp\/v2\/media?parent=37628"}],"wp:term":[{"taxonomy":"category","embeddable":true,"href":"https:\/\/acronoticias.com\/index.php\/wp-json\/wp\/v2\/categories?post=37628"},{"taxonomy":"post_tag","embeddable":true,"href":"https:\/\/acronoticias.com\/index.php\/wp-json\/wp\/v2\/tags?post=37628"}],"curies":[{"name":"wp","href":"https:\/\/api.w.org\/{rel}","templated":true}]}}