{"id":37626,"date":"2026-04-28T13:01:37","date_gmt":"2026-04-28T13:01:37","guid":{"rendered":"https:\/\/acronoticias.com\/index.php\/2026\/04\/28\/coe-eleva-a-4-las-provincias-en-alerta-amarilla-y-pone-8-en-verde\/"},"modified":"2026-04-28T13:01:37","modified_gmt":"2026-04-28T13:01:37","slug":"coe-eleva-a-4-las-provincias-en-alerta-amarilla-y-pone-8-en-verde","status":"publish","type":"post","link":"https:\/\/acronoticias.com\/index.php\/2026\/04\/28\/coe-eleva-a-4-las-provincias-en-alerta-amarilla-y-pone-8-en-verde\/","title":{"rendered":"COE eleva a 4 las provincias en alerta amarilla y pone 8 en verde"},"content":{"rendered":"<div data-td-block-uid=\"tdi_100\">\n<div class=\"tdb-block-inner td-fix-index\">\n<p><strong>SANTO DOMINGO.<\/strong> \u2013 El Centro de Operaciones de Emergencias (COE) coloc\u00f3 este lunes a 12 provincias bajo alerta, cuatro de ellas en nivel amarillo, debido a la permanencia de una vaguada que provocar\u00e1 fuertes aguaceros, tormentas el\u00e9ctricas y r\u00e1fagas de viento hasta horas de la noche.<\/p>\n<p>Las provincias en <strong>alerta amarilla<\/strong> son Mar\u00eda Trinidad S\u00e1nchez, Santiago, S\u00e1nchez Ram\u00edrez y Duarte, con especial atenci\u00f3n a la zona del Bajo Yuna. Por su parte, en <strong>alerta verde<\/strong> se encuentran Santiago Rodr\u00edguez, Espaillat, La Vega, Puerto Plata, San Crist\u00f3bal, Peravia, Hermanas Mirabal y Monse\u00f1or Nouel.<\/p>\n<p>Seg\u00fan los informes del Instituto Dominicano de Meteorolog\u00eda (INDOMET) y el INDRHI, el ciclo diurno potenciar\u00e1 los incrementos nubosos, lo que aumenta el riesgo de crecidas repentinas. Ante esta situaci\u00f3n, el organismo de socorro recomend\u00f3 a la poblaci\u00f3n abstenerse de cruzar r\u00edos, arroyos y ca\u00f1adas, as\u00ed como evitar el uso de balnearios en las demarcaciones bajo vigilancia.<\/p>\n<\/div>\n<\/div>\n","protected":false},"excerpt":{"rendered":"<p>SANTO DOMINGO. \u2013 El Centro de Operaciones de Emergencias (COE) coloc\u00f3 este lunes a 12 provincias bajo alerta, cuatro de ellas en nivel amarillo, debido a la permanencia de una vaguada que provocar\u00e1 fuertes aguaceros, tormentas el\u00e9ctricas y r\u00e1fagas de viento hasta horas de la noche. Las provincias en alerta amarilla son Mar\u00eda Trinidad S\u00e1nchez,<\/p>\n","protected":false},"author":1,"featured_media":37627,"comment_status":"open","ping_status":"open","sticky":false,"template":"","format":"standard","meta":{"footnotes":""},"categories":[1],"tags":[],"class_list":["post-37626","post","type-post","status-publish","format-standard","has-post-thumbnail","hentry","category-nacionales"],"_links":{"self":[{"href":"https:\/\/acronoticias.com\/index.php\/wp-json\/wp\/v2\/posts\/37626","targetHints":{"allow":["GET"]}}],"collection":[{"href":"https:\/\/acronoticias.com\/index.php\/wp-json\/wp\/v2\/posts"}],"about":[{"href":"https:\/\/acronoticias.com\/index.php\/wp-json\/wp\/v2\/types\/post"}],"author":[{"embeddable":true,"href":"https:\/\/acronoticias.com\/index.php\/wp-json\/wp\/v2\/users\/1"}],"replies":[{"embeddable":true,"href":"https:\/\/acronoticias.com\/index.php\/wp-json\/wp\/v2\/comments?post=37626"}],"version-history":[{"count":0,"href":"https:\/\/acronoticias.com\/index.php\/wp-json\/wp\/v2\/posts\/37626\/revisions"}],"wp:featuredmedia":[{"embeddable":true,"href":"https:\/\/acronoticias.com\/index.php\/wp-json\/wp\/v2\/media\/37627"}],"wp:attachment":[{"href":"https:\/\/acronoticias.com\/index.php\/wp-json\/wp\/v2\/media?parent=37626"}],"wp:term":[{"taxonomy":"category","embeddable":true,"href":"https:\/\/acronoticias.com\/index.php\/wp-json\/wp\/v2\/categories?post=37626"},{"taxonomy":"post_tag","embeddable":true,"href":"https:\/\/acronoticias.com\/index.php\/wp-json\/wp\/v2\/tags?post=37626"}],"curies":[{"name":"wp","href":"https:\/\/api.w.org\/{rel}","templated":true}]}}