{"id":37609,"date":"2026-04-28T11:25:40","date_gmt":"2026-04-28T11:25:40","guid":{"rendered":"https:\/\/acronoticias.com\/index.php\/2026\/04\/28\/identifican-victima-de-choque-entre-camion-de-basura-y-un-carro-en-la-carretera-la-otra-banda-la-altagracia\/"},"modified":"2026-04-28T11:25:40","modified_gmt":"2026-04-28T11:25:40","slug":"identifican-victima-de-choque-entre-camion-de-basura-y-un-carro-en-la-carretera-la-otra-banda-la-altagracia","status":"publish","type":"post","link":"https:\/\/acronoticias.com\/index.php\/2026\/04\/28\/identifican-victima-de-choque-entre-camion-de-basura-y-un-carro-en-la-carretera-la-otra-banda-la-altagracia\/","title":{"rendered":"Identifican v\u00edctima de choque entre cami\u00f3n de basura y un carro en la carretera La Otra Banda, La Altagracia\u00a0"},"content":{"rendered":"<p><img decoding=\"async\" width=\"355\" height=\"200\" src=\"https:\/\/nuevodiario-assets.s3.us-east-2.amazonaws.com\/wp-content\/uploads\/2026\/04\/Misael-fallecido-en-accidente-3-355x200.jpg\" class=\"webfeedsFeaturedVisual not-transparent wp-post-image\" alt=\"\" style=\"--dominant-color: #c4c4c4;margin-bottom: 5px;clear:both;max-width: 100%\" loading=\"lazy\" data-has-transparency=\"false\" data-dominant-color=\"c4c4c4\" \/><\/p>\n<p>EL NUEVO DIARIO, LA ALTAGRACIA.- Las autoridades identificaron al joven que perdi\u00f3 la vida la tarde de este lunes, luego de que el veh\u00edculo que conduc\u00eda sufriera un aparatoso accidente de tr\u00e1nsito con un cami\u00f3n recolector de desechos s\u00f3lidos en la carretera La Otra Banda-La Ceiba del Salado, pr\u00f3ximo a la Cruz del Isle\u00f1o, La Altagracia.<\/p>\n<p>Se trata de Misael Santana, de 25 a\u00f1os de edad, quien resid\u00eda en esa misma localidad y era empleado hotelero.<\/p>\n<p>Santana, muri\u00f3 instant\u00e1neamente tras su cuerpo quedar aplastado por la estructura de metal del veh\u00edculo en que se desplazaba.<\/p>\n<p>De acuerdo con las informaciones preliminares, Misael supuestamente transitaba con destino a su hogar cuando sufri\u00f3 el fatal accidente que cobr\u00f3 su vida. El joven laboraba como cocinero en un popular hotel de la zona tur\u00edstica de B\u00e1varo.<\/p>\n<p><img loading=\"lazy\" decoding=\"async\" data-recalc-dims=\"1\" data-dominant-color=\"6a7975\" data-has-transparency=\"false\" style=\"--dominant-color: #6a7975\" class=\"alignnone wp-image-3099660 size-full not-transparent\" src=\"https:\/\/i0.wp.com\/nuevodiario-assets.s3.us-east-2.amazonaws.com\/wp-content\/uploads\/2026\/04\/Accidente-La-Altagracia-2-scaled.jpg?resize=640%2C628&#038;quality=100&#038;ssl=1\" alt=\"\" width=\"640\" height=\"628\" \/><\/p>\n<p>El cami\u00f3n de desechos s\u00f3lidos involucrado en el tr\u00e1gico siniestro vial supuestamente pertenece a la compa\u00f1\u00eda Vermont, encargada de recoger gran parte de la basura en esa zona tur\u00edstica.<\/p>\n<p>La muerte de \u201cMisael Santana\u201d, ha causado gran tristeza y dolor entre familiares, amigos y compa\u00f1eros de trabajo, quienes han expresado su dolor en las distintas redes sociales.<\/p>\n<p>Las autoridades de tr\u00e1nsito informaron que el hecho se encuentra bajo investigaci\u00f3n, para determinar circunstancias en la que ocurri\u00f3 la tragedia.<\/p>\n<p><img loading=\"lazy\" decoding=\"async\" data-recalc-dims=\"1\" data-dominant-color=\"636163\" data-has-transparency=\"false\" style=\"--dominant-color: #636163\" class=\"alignnone wp-image-3099662 size-full not-transparent\" src=\"https:\/\/i0.wp.com\/nuevodiario-assets.s3.us-east-2.amazonaws.com\/wp-content\/uploads\/2026\/04\/Accidente-La-Altagracia-4-scaled.jpg?resize=640%2C590&#038;quality=100&#038;ssl=1\" alt=\"\" width=\"640\" height=\"590\" \/> <img decoding=\"async\" data-recalc-dims=\"1\" data-dominant-color=\"666a69\" data-has-transparency=\"false\" style=\"--dominant-color: #666a69\" loading=\"lazy\" class=\"alignnone wp-image-3099663 size-full not-transparent\" src=\"https:\/\/i0.wp.com\/nuevodiario-assets.s3.us-east-2.amazonaws.com\/wp-content\/uploads\/2026\/04\/Accidente-La-Altagracia-3-scaled.jpg?resize=640%2C596&#038;quality=100&#038;ssl=1\" alt=\"\" width=\"640\" height=\"596\" \/><\/p>\n<p>La entrada <a href=\"https:\/\/elnuevodiario.com.do\/identifican-victima-de-choque-entre-camion-de-basura-y-un-carro-en-la-carretera-la-otra-banda-la-altagracia\/\">Identifican v\u00edctima de choque entre cami\u00f3n de basura y un carro en la carretera La Otra Banda, La Altagracia\u00a0<\/a> se public\u00f3 primero en <a href=\"https:\/\/elnuevodiario.com.do\">El Nuevo Diario (Rep\u00fablica Dominicana)<\/a>.<\/p>\n","protected":false},"excerpt":{"rendered":"<p>EL NUEVO DIARIO, LA ALTAGRACIA.- Las autoridades identificaron al joven que perdi\u00f3 la vida la tarde de este lunes, luego de que el veh\u00edculo que conduc\u00eda sufriera un aparatoso accidente de tr\u00e1nsito con un cami\u00f3n recolector de desechos s\u00f3lidos en la carretera La Otra Banda-La Ceiba del Salado, pr\u00f3ximo a la Cruz del Isle\u00f1o, La<\/p>\n","protected":false},"author":1,"featured_media":37610,"comment_status":"open","ping_status":"open","sticky":false,"template":"","format":"standard","meta":{"footnotes":""},"categories":[1],"tags":[],"class_list":["post-37609","post","type-post","status-publish","format-standard","has-post-thumbnail","hentry","category-nacionales"],"_links":{"self":[{"href":"https:\/\/acronoticias.com\/index.php\/wp-json\/wp\/v2\/posts\/37609","targetHints":{"allow":["GET"]}}],"collection":[{"href":"https:\/\/acronoticias.com\/index.php\/wp-json\/wp\/v2\/posts"}],"about":[{"href":"https:\/\/acronoticias.com\/index.php\/wp-json\/wp\/v2\/types\/post"}],"author":[{"embeddable":true,"href":"https:\/\/acronoticias.com\/index.php\/wp-json\/wp\/v2\/users\/1"}],"replies":[{"embeddable":true,"href":"https:\/\/acronoticias.com\/index.php\/wp-json\/wp\/v2\/comments?post=37609"}],"version-history":[{"count":0,"href":"https:\/\/acronoticias.com\/index.php\/wp-json\/wp\/v2\/posts\/37609\/revisions"}],"wp:featuredmedia":[{"embeddable":true,"href":"https:\/\/acronoticias.com\/index.php\/wp-json\/wp\/v2\/media\/37610"}],"wp:attachment":[{"href":"https:\/\/acronoticias.com\/index.php\/wp-json\/wp\/v2\/media?parent=37609"}],"wp:term":[{"taxonomy":"category","embeddable":true,"href":"https:\/\/acronoticias.com\/index.php\/wp-json\/wp\/v2\/categories?post=37609"},{"taxonomy":"post_tag","embeddable":true,"href":"https:\/\/acronoticias.com\/index.php\/wp-json\/wp\/v2\/tags?post=37609"}],"curies":[{"name":"wp","href":"https:\/\/api.w.org\/{rel}","templated":true}]}}