{"id":37596,"date":"2026-04-28T09:17:20","date_gmt":"2026-04-28T09:17:20","guid":{"rendered":"https:\/\/acronoticias.com\/index.php\/2026\/04\/28\/abinader-entrega-plaza-de-vendedores-y-otras-obras-en-playa-de-sosua-puerto-plata\/"},"modified":"2026-04-28T09:17:20","modified_gmt":"2026-04-28T09:17:20","slug":"abinader-entrega-plaza-de-vendedores-y-otras-obras-en-playa-de-sosua-puerto-plata","status":"publish","type":"post","link":"https:\/\/acronoticias.com\/index.php\/2026\/04\/28\/abinader-entrega-plaza-de-vendedores-y-otras-obras-en-playa-de-sosua-puerto-plata\/","title":{"rendered":"Abinader entrega plaza de vendedores y otras obras en playa de Sos\u00faa, Puerto Plata"},"content":{"rendered":"<div>\n<p><strong>Santo Domingo.- <\/strong>El presidente <strong>Luis Abinader<\/strong> entreg\u00f3 este lunes las obras renovadas y la nueva plaza de vendedores en la playa de Sos\u00faa, Puerto Plata, dando inicio a una transformaci\u00f3n integral orientada a posicionar este destino como referente del turismo en el pa\u00eds, mediante un plan estatal que combina inversi\u00f3n, ordenamiento y desarrollo sostenible.<\/p>\n<p>Durante el acto, el mandatario resalt\u00f3 el valor hist\u00f3rico, social y tur\u00edstico de Sos\u00faa, al tiempo que evoc\u00f3 su v\u00ednculo personal con la zona desde la infancia, describi\u00e9ndola como una de las playas m\u00e1s emblem\u00e1ticas del pa\u00eds. Subray\u00f3 que este proyecto representa \u201cun renacer\u201d para el destino, tras a\u00f1os de desorden urban\u00edstico y deterioro en su imagen.<\/p>\n<p>Explic\u00f3, en nota enviado por Palacio, que la intervenci\u00f3n no solo contempla la reorganizaci\u00f3n del frente costero y la dignificaci\u00f3n de los espacios de venta, sino tambi\u00e9n un enfoque integral que incluye saneamiento ambiental, recuperaci\u00f3n de \u00e1reas p\u00fablicas y fortalecimiento de la oferta tur\u00edstica.<\/p>\n<p>En ese sentido, asegur\u00f3 que el objetivo es convertir a Sos\u00faa en un destino familiar, seguro y sostenible.<\/p>\n<p>El jefe de Estado enfatiz\u00f3 que el desarrollo tur\u00edstico debe impactar directamente a todos los sectores, desde vendedores y turoperadores hasta inversionistas y trabajadores locales.<\/p>\n<p>\u201cEste es un modelo donde ganamos todos\u201d, afirm\u00f3, al destacar que la transformaci\u00f3n permitir\u00e1 aumentar la llegada de visitantes y dinamizar la econom\u00eda de la zona.<\/p>\n<p>Como parte de la estrategia de relanzamiento, mencion\u00f3 proyectos complementarios como el desarrollo de Punta Bergant\u00edn, orientado a atraer marcas hoteleras internacionales y fortalecer la promoci\u00f3n del destino en mercados globales.<\/p>\n<figure class=\"wp-block-image size-large\"><img data-recalc-dims=\"1\" fetchpriority=\"high\" decoding=\"async\" width=\"696\" height=\"522\" data-attachment-id=\"499143\" data-permalink=\"https:\/\/rnn.com.do\/abinader-entrega-plaza-de-vendedores-y-otras-obras-en-playa-de-sosua-puerto-plata\/image-3841\/\" data-orig-file=\"https:\/\/i0.wp.com\/rnn.com.do\/wp-content\/uploads\/2026\/04\/image-135.png?fit=1280%2C960&amp;ssl=1\" data-orig-size=\"1280,960\" data-comments-opened=\"1\" data-image-meta=\"{&quot;aperture&quot;:&quot;0&quot;,&quot;credit&quot;:&quot;&quot;,&quot;camera&quot;:&quot;&quot;,&quot;caption&quot;:&quot;&quot;,&quot;created_timestamp&quot;:&quot;0&quot;,&quot;copyright&quot;:&quot;&quot;,&quot;focal_length&quot;:&quot;0&quot;,&quot;iso&quot;:&quot;0&quot;,&quot;shutter_speed&quot;:&quot;0&quot;,&quot;title&quot;:&quot;&quot;,&quot;orientation&quot;:&quot;0&quot;}\" data-image-title=\"image\" data-image-description=\"\" data-image-caption=\"\" data-large-file=\"https:\/\/i0.wp.com\/rnn.com.do\/wp-content\/uploads\/2026\/04\/image-135.png?fit=696%2C522&amp;ssl=1\" src=\"https:\/\/i0.wp.com\/rnn.com.do\/wp-content\/uploads\/2026\/04\/image-135.png?resize=696%2C522&amp;ssl=1\" alt=\"\" class=\"wp-image-499143\" srcset=\"https:\/\/i0.wp.com\/rnn.com.do\/wp-content\/uploads\/2026\/04\/image-135.png?resize=1024%2C768&amp;ssl=1 1024w, https:\/\/i0.wp.com\/rnn.com.do\/wp-content\/uploads\/2026\/04\/image-135.png?resize=300%2C225&amp;ssl=1 300w, https:\/\/i0.wp.com\/rnn.com.do\/wp-content\/uploads\/2026\/04\/image-135.png?resize=768%2C576&amp;ssl=1 768w, https:\/\/i0.wp.com\/rnn.com.do\/wp-content\/uploads\/2026\/04\/image-135.png?resize=560%2C420&amp;ssl=1 560w, https:\/\/i0.wp.com\/rnn.com.do\/wp-content\/uploads\/2026\/04\/image-135.png?resize=80%2C60&amp;ssl=1 80w, https:\/\/i0.wp.com\/rnn.com.do\/wp-content\/uploads\/2026\/04\/image-135.png?resize=150%2C113&amp;ssl=1 150w, https:\/\/i0.wp.com\/rnn.com.do\/wp-content\/uploads\/2026\/04\/image-135.png?resize=696%2C522&amp;ssl=1 696w, https:\/\/i0.wp.com\/rnn.com.do\/wp-content\/uploads\/2026\/04\/image-135.png?resize=1068%2C801&amp;ssl=1 1068w, https:\/\/i0.wp.com\/rnn.com.do\/wp-content\/uploads\/2026\/04\/image-135.png?resize=265%2C198&amp;ssl=1 265w, https:\/\/i0.wp.com\/rnn.com.do\/wp-content\/uploads\/2026\/04\/image-135.png?w=1280&amp;ssl=1 1280w\" sizes=\"(max-width: 696px) 100vw, 696px\"\/><\/figure>\n<p>Asimismo, valor\u00f3 la renovaci\u00f3n de infraestructuras hoteleras existentes, lo que contribuir\u00e1 a elevar los est\u00e1ndares de calidad en la oferta tur\u00edstica.<\/p>\n<p>En el \u00e1mbito de la salud, anunci\u00f3 la construcci\u00f3n de un hospital traumatol\u00f3gico en Sos\u00faa, cuya entrega est\u00e1 prevista para noviembre de este a\u00f1o. Este centro brindar\u00e1 atenci\u00f3n especializada en emergencias y accidentes, beneficiando a toda la regi\u00f3n norte.<\/p>\n<p>Tambi\u00e9n adelant\u00f3 nuevas iniciativas en infraestructura, incluyendo proyectos en proceso de adjudicaci\u00f3n de la carretera del \u00c1mbar y la reanudaci\u00f3n de las operaciones del telef\u00e9rico.<\/p>\n<figure class=\"wp-block-image size-large\"><img loading=\"lazy\" data-recalc-dims=\"1\" decoding=\"async\" width=\"696\" height=\"464\" data-attachment-id=\"499142\" data-permalink=\"https:\/\/rnn.com.do\/abinader-entrega-plaza-de-vendedores-y-otras-obras-en-playa-de-sosua-puerto-plata\/image-3840\/\" data-orig-file=\"https:\/\/i0.wp.com\/rnn.com.do\/wp-content\/uploads\/2026\/04\/image-134.png?fit=1280%2C854&amp;ssl=1\" data-orig-size=\"1280,854\" data-comments-opened=\"1\" data-image-meta=\"{&quot;aperture&quot;:&quot;0&quot;,&quot;credit&quot;:&quot;&quot;,&quot;camera&quot;:&quot;&quot;,&quot;caption&quot;:&quot;&quot;,&quot;created_timestamp&quot;:&quot;0&quot;,&quot;copyright&quot;:&quot;&quot;,&quot;focal_length&quot;:&quot;0&quot;,&quot;iso&quot;:&quot;0&quot;,&quot;shutter_speed&quot;:&quot;0&quot;,&quot;title&quot;:&quot;&quot;,&quot;orientation&quot;:&quot;0&quot;}\" data-image-title=\"image\" data-image-description=\"\" data-image-caption=\"\" data-large-file=\"https:\/\/i0.wp.com\/rnn.com.do\/wp-content\/uploads\/2026\/04\/image-134.png?fit=696%2C464&amp;ssl=1\" src=\"https:\/\/i0.wp.com\/rnn.com.do\/wp-content\/uploads\/2026\/04\/image-134.png?resize=696%2C464&amp;ssl=1\" alt=\"\" class=\"wp-image-499142\" srcset=\"https:\/\/i0.wp.com\/rnn.com.do\/wp-content\/uploads\/2026\/04\/image-134.png?resize=1024%2C683&amp;ssl=1 1024w, https:\/\/i0.wp.com\/rnn.com.do\/wp-content\/uploads\/2026\/04\/image-134.png?resize=300%2C200&amp;ssl=1 300w, https:\/\/i0.wp.com\/rnn.com.do\/wp-content\/uploads\/2026\/04\/image-134.png?resize=768%2C512&amp;ssl=1 768w, https:\/\/i0.wp.com\/rnn.com.do\/wp-content\/uploads\/2026\/04\/image-134.png?resize=630%2C420&amp;ssl=1 630w, https:\/\/i0.wp.com\/rnn.com.do\/wp-content\/uploads\/2026\/04\/image-134.png?resize=150%2C100&amp;ssl=1 150w, https:\/\/i0.wp.com\/rnn.com.do\/wp-content\/uploads\/2026\/04\/image-134.png?resize=696%2C464&amp;ssl=1 696w, https:\/\/i0.wp.com\/rnn.com.do\/wp-content\/uploads\/2026\/04\/image-134.png?resize=1068%2C713&amp;ssl=1 1068w, https:\/\/i0.wp.com\/rnn.com.do\/wp-content\/uploads\/2026\/04\/image-134.png?w=1280&amp;ssl=1 1280w\" sizes=\"auto, (max-width: 696px) 100vw, 696px\"\/><\/figure>\n<figure class=\"wp-block-image size-large\"><img loading=\"lazy\" data-recalc-dims=\"1\" decoding=\"async\" width=\"696\" height=\"464\" data-attachment-id=\"499141\" data-permalink=\"https:\/\/rnn.com.do\/abinader-entrega-plaza-de-vendedores-y-otras-obras-en-playa-de-sosua-puerto-plata\/image-3839\/\" data-orig-file=\"https:\/\/i0.wp.com\/rnn.com.do\/wp-content\/uploads\/2026\/04\/image-133.png?fit=1280%2C854&amp;ssl=1\" data-orig-size=\"1280,854\" data-comments-opened=\"1\" data-image-meta=\"{&quot;aperture&quot;:&quot;0&quot;,&quot;credit&quot;:&quot;&quot;,&quot;camera&quot;:&quot;&quot;,&quot;caption&quot;:&quot;&quot;,&quot;created_timestamp&quot;:&quot;0&quot;,&quot;copyright&quot;:&quot;&quot;,&quot;focal_length&quot;:&quot;0&quot;,&quot;iso&quot;:&quot;0&quot;,&quot;shutter_speed&quot;:&quot;0&quot;,&quot;title&quot;:&quot;&quot;,&quot;orientation&quot;:&quot;0&quot;}\" data-image-title=\"image\" data-image-description=\"\" data-image-caption=\"\" data-large-file=\"https:\/\/i0.wp.com\/rnn.com.do\/wp-content\/uploads\/2026\/04\/image-133.png?fit=696%2C464&amp;ssl=1\" src=\"https:\/\/i0.wp.com\/rnn.com.do\/wp-content\/uploads\/2026\/04\/image-133.png?resize=696%2C464&amp;ssl=1\" alt=\"\" class=\"wp-image-499141\" srcset=\"https:\/\/i0.wp.com\/rnn.com.do\/wp-content\/uploads\/2026\/04\/image-133.png?resize=1024%2C683&amp;ssl=1 1024w, https:\/\/i0.wp.com\/rnn.com.do\/wp-content\/uploads\/2026\/04\/image-133.png?resize=300%2C200&amp;ssl=1 300w, https:\/\/i0.wp.com\/rnn.com.do\/wp-content\/uploads\/2026\/04\/image-133.png?resize=768%2C512&amp;ssl=1 768w, https:\/\/i0.wp.com\/rnn.com.do\/wp-content\/uploads\/2026\/04\/image-133.png?resize=630%2C420&amp;ssl=1 630w, https:\/\/i0.wp.com\/rnn.com.do\/wp-content\/uploads\/2026\/04\/image-133.png?resize=150%2C100&amp;ssl=1 150w, https:\/\/i0.wp.com\/rnn.com.do\/wp-content\/uploads\/2026\/04\/image-133.png?resize=696%2C464&amp;ssl=1 696w, https:\/\/i0.wp.com\/rnn.com.do\/wp-content\/uploads\/2026\/04\/image-133.png?resize=1068%2C713&amp;ssl=1 1068w, https:\/\/i0.wp.com\/rnn.com.do\/wp-content\/uploads\/2026\/04\/image-133.png?w=1280&amp;ssl=1 1280w\" sizes=\"auto, (max-width: 696px) 100vw, 696px\"\/><\/figure>\n<p>En el acto revel\u00f3 que el pr\u00f3ximo lanzamiento de un plan integral similar al de Sos\u00faa ser\u00e1 en Boca Chica.<\/p>\n<p>Destac\u00f3 la importancia de la articulaci\u00f3n entre el Gobierno, el sector privado y las comunidades para lograr resultados sostenibles. Enfatiz\u00f3 que el progreso del pa\u00eds depende de la capacidad de alcanzar consensos y ejecutar pol\u00edticas p\u00fablicas que combinen orden con justicia social.<\/p>\n<figure class=\"wp-block-image size-large\"><img data-recalc-dims=\"1\" loading=\"lazy\" decoding=\"async\" width=\"696\" height=\"560\" data-attachment-id=\"499140\" data-permalink=\"https:\/\/rnn.com.do\/abinader-entrega-plaza-de-vendedores-y-otras-obras-en-playa-de-sosua-puerto-plata\/image-3838\/\" data-orig-file=\"https:\/\/i0.wp.com\/rnn.com.do\/wp-content\/uploads\/2026\/04\/image-132.png?fit=1280%2C1030&amp;ssl=1\" data-orig-size=\"1280,1030\" data-comments-opened=\"1\" data-image-meta=\"{&quot;aperture&quot;:&quot;0&quot;,&quot;credit&quot;:&quot;&quot;,&quot;camera&quot;:&quot;&quot;,&quot;caption&quot;:&quot;&quot;,&quot;created_timestamp&quot;:&quot;0&quot;,&quot;copyright&quot;:&quot;&quot;,&quot;focal_length&quot;:&quot;0&quot;,&quot;iso&quot;:&quot;0&quot;,&quot;shutter_speed&quot;:&quot;0&quot;,&quot;title&quot;:&quot;&quot;,&quot;orientation&quot;:&quot;0&quot;}\" data-image-title=\"image\" data-image-description=\"\" data-image-caption=\"\" data-large-file=\"https:\/\/i0.wp.com\/rnn.com.do\/wp-content\/uploads\/2026\/04\/image-132.png?fit=696%2C560&amp;ssl=1\" src=\"https:\/\/i0.wp.com\/rnn.com.do\/wp-content\/uploads\/2026\/04\/image-132.png?resize=696%2C560&amp;ssl=1\" alt=\"\" class=\"wp-image-499140\" srcset=\"https:\/\/i0.wp.com\/rnn.com.do\/wp-content\/uploads\/2026\/04\/image-132.png?resize=1024%2C824&amp;ssl=1 1024w, https:\/\/i0.wp.com\/rnn.com.do\/wp-content\/uploads\/2026\/04\/image-132.png?resize=300%2C241&amp;ssl=1 300w, https:\/\/i0.wp.com\/rnn.com.do\/wp-content\/uploads\/2026\/04\/image-132.png?resize=768%2C618&amp;ssl=1 768w, https:\/\/i0.wp.com\/rnn.com.do\/wp-content\/uploads\/2026\/04\/image-132.png?resize=522%2C420&amp;ssl=1 522w, https:\/\/i0.wp.com\/rnn.com.do\/wp-content\/uploads\/2026\/04\/image-132.png?resize=150%2C121&amp;ssl=1 150w, https:\/\/i0.wp.com\/rnn.com.do\/wp-content\/uploads\/2026\/04\/image-132.png?resize=696%2C560&amp;ssl=1 696w, https:\/\/i0.wp.com\/rnn.com.do\/wp-content\/uploads\/2026\/04\/image-132.png?resize=1068%2C859&amp;ssl=1 1068w, https:\/\/i0.wp.com\/rnn.com.do\/wp-content\/uploads\/2026\/04\/image-132.png?w=1280&amp;ssl=1 1280w\" sizes=\"auto, (max-width: 696px) 100vw, 696px\"\/><\/figure>\n<p>Agradeci\u00f3 el respaldo de autoridades locales, empresarios, trabajadores del sector tur\u00edstico y residentes, y expres\u00f3 su confianza en que Sos\u00faa se consolide como un referente del turismo dominicano renovado.<\/p>\n<\/div>\n","protected":false},"excerpt":{"rendered":"<p>Santo Domingo.- El presidente Luis Abinader entreg\u00f3 este lunes las obras renovadas y la nueva plaza de vendedores en la playa de Sos\u00faa, Puerto Plata, dando inicio a una transformaci\u00f3n integral orientada a posicionar este destino como referente del turismo en el pa\u00eds, mediante un plan estatal que combina inversi\u00f3n, ordenamiento y desarrollo sostenible. Durante<\/p>\n","protected":false},"author":1,"featured_media":37597,"comment_status":"open","ping_status":"open","sticky":false,"template":"","format":"standard","meta":{"footnotes":""},"categories":[1],"tags":[],"class_list":["post-37596","post","type-post","status-publish","format-standard","has-post-thumbnail","hentry","category-nacionales"],"_links":{"self":[{"href":"https:\/\/acronoticias.com\/index.php\/wp-json\/wp\/v2\/posts\/37596","targetHints":{"allow":["GET"]}}],"collection":[{"href":"https:\/\/acronoticias.com\/index.php\/wp-json\/wp\/v2\/posts"}],"about":[{"href":"https:\/\/acronoticias.com\/index.php\/wp-json\/wp\/v2\/types\/post"}],"author":[{"embeddable":true,"href":"https:\/\/acronoticias.com\/index.php\/wp-json\/wp\/v2\/users\/1"}],"replies":[{"embeddable":true,"href":"https:\/\/acronoticias.com\/index.php\/wp-json\/wp\/v2\/comments?post=37596"}],"version-history":[{"count":0,"href":"https:\/\/acronoticias.com\/index.php\/wp-json\/wp\/v2\/posts\/37596\/revisions"}],"wp:featuredmedia":[{"embeddable":true,"href":"https:\/\/acronoticias.com\/index.php\/wp-json\/wp\/v2\/media\/37597"}],"wp:attachment":[{"href":"https:\/\/acronoticias.com\/index.php\/wp-json\/wp\/v2\/media?parent=37596"}],"wp:term":[{"taxonomy":"category","embeddable":true,"href":"https:\/\/acronoticias.com\/index.php\/wp-json\/wp\/v2\/categories?post=37596"},{"taxonomy":"post_tag","embeddable":true,"href":"https:\/\/acronoticias.com\/index.php\/wp-json\/wp\/v2\/tags?post=37596"}],"curies":[{"name":"wp","href":"https:\/\/api.w.org\/{rel}","templated":true}]}}