{"id":37586,"date":"2026-04-28T08:23:54","date_gmt":"2026-04-28T08:23:54","guid":{"rendered":"https:\/\/acronoticias.com\/index.php\/2026\/04\/28\/arrestan-en-mexico-a-presunto-operador-financiero-del-cartel-jalisco-nueva-generacion\/"},"modified":"2026-04-28T08:23:54","modified_gmt":"2026-04-28T08:23:54","slug":"arrestan-en-mexico-a-presunto-operador-financiero-del-cartel-jalisco-nueva-generacion","status":"publish","type":"post","link":"https:\/\/acronoticias.com\/index.php\/2026\/04\/28\/arrestan-en-mexico-a-presunto-operador-financiero-del-cartel-jalisco-nueva-generacion\/","title":{"rendered":"Arrestan en M\u00e9xico a presunto operador financiero del Cartel Jalisco Nueva Generaci\u00f3n"},"content":{"rendered":"<p>Fuerzas Especiales del Ej\u00e9rcito mexicano y de la <strong>Guardia Nacional<\/strong> capturaron este lunes a <strong>C\u00e9sar Alejandro<\/strong> &#8216;N&#8217;, alias El G\u00fcero Conta, identificado como presunto operador financiero de <strong>Audias Flores Silva<\/strong>, alias El Jardinero, capturado horas antes, se\u00f1alado como uno de los dirigentes del <strong>C\u00e1rtel Jalisco Nueva Generaci\u00f3n<\/strong> (<strong>CJNG<\/strong>) y por quien se ofrec\u00eda una recompensa de cinco millones de d\u00f3lares.<\/p>\n<ul class=\"wp-block-list\">\n<li>El d\u00eda de hoy, en <strong>Zapopan<\/strong>, <strong>Jalisco<\/strong> (oeste), Fuerzas Especiales del Ej\u00e9rcito mexicano y de la Guardia Nacional detuvieron a <strong>C\u00e9sar Alejandro<\/strong> &#8216;N&#8217;, alias &#8216;El G\u00fcero Conta&#8217;, identificado como operador financiero de <strong>Audias Flores Silva<\/strong>, alias &#8216;El Jardinero&#8217;, jefe regional del <strong>CJNG<\/strong>\u00ab, indic\u00f3 en un mensaje en redes sociales el secretario de Seguridad y Protecci\u00f3n Ciudadana (<strong>SSPC<\/strong>) de <strong>M\u00e9xico<\/strong>, <strong>Omar Garc\u00eda Harfuch<\/strong>.<\/li>\n<\/ul>\n<p>Agreg\u00f3 que <strong>El G\u00fcero Conta<\/strong> es se\u00f1alado por lavar recursos provenientes de actividades il\u00edcitas mediante empresas y prestanombres, as\u00ed como por adquirir aeronaves, embarcaciones, casas, ranchos e invertir en productoras de tequila.<\/p>\n<p>Esta detenci\u00f3n representa un golpe importante a la estructura financiera de dicho grupo criminal\u00bb, apunt\u00f3 <strong>Garc\u00eda Harfuch<\/strong>, y se\u00f1al\u00f3 que las instituciones del <strong>Gabinete de Seguridad<\/strong> mantienen acciones permanentes \u00abpara debilitar a las organizaciones delictivas y llevar ante la justicia a quienes generan violencia\u00bb.<\/p>\n<figure class=\"wp-block-image size-full\"><img decoding=\"async\" loading=\"lazy\" width=\"345\" height=\"194\" src=\"https:\/\/multimedia.noticiassin.com\/wp-content\/uploads\/2026\/04\/arrestan-en-mexico-a-presunto-operador-financiero-del-cartel-jalisco-nueva-gener-20260428-014229-Gr8P.webp\" alt=\"\" class=\"wp-image-1987456\" \/><\/figure>\n<h3 class=\"wp-block-heading\">Captura y se\u00f1alamientos<\/h3>\n<p>El arresto de <strong>Flores Silva<\/strong> ocurri\u00f3 en el estado de <strong>Nayarit<\/strong> (oeste), en una regi\u00f3n con fuerte presencia del <strong>CJNG<\/strong>, a dos meses de la muerte, en un operativo militar, del capo <strong>Nemesio Oseguera Cervantes<\/strong>, alias El Mencho, de quien se consideraba su posible sucesor.<\/p>\n<p>El ahora detenido contaba con una orden de aprehensi\u00f3n en <strong>M\u00e9xico<\/strong> y es requerido por autoridades de <strong>Estados Unidos<\/strong> con fines de extradici\u00f3n.<\/p>\n<h3 class=\"wp-block-heading\">Antecedentes y extradici\u00f3n<\/h3>\n<p>La operaci\u00f3n fue \u00abplaneada, desarrollada y ejecutada\u00bb por personal de la <strong>Secretar\u00eda de Marina<\/strong> (<strong>Semar<\/strong>), se\u00f1al\u00f3 previamente <strong>Garc\u00eda Harfuch<\/strong>.<\/p>\n<p><strong>Flores Silva<\/strong>, de 45 a\u00f1os, tambi\u00e9n ha sido se\u00f1alado como jefe de seguridad de <strong>Oseguera Cervantes<\/strong>, seg\u00fan reportes de medios que citan a la <strong>Administraci\u00f3n para el Control de Drogas<\/strong> (<strong>DEA<\/strong>, en ingl\u00e9s).<\/p>\n<p>El <strong>Departamento del Tesoro<\/strong> estadounidense afirm\u00f3 entonces que controlaba amplias zonas del Pac\u00edfico mexicano, incluido <strong>Nayarit<\/strong>, y lo se\u00f1al\u00f3 de traficar con grandes cantidades de opi\u00e1ceos y coca\u00edna.<\/p>\n<p>Tambi\u00e9n destac\u00f3 que <strong>Flores Silva<\/strong> cuenta con orden de extradici\u00f3n por el delito de asociaci\u00f3n delictuosa contra la salud y portaci\u00f3n de arma de fuego, solicitada por <strong>Estados Unidos<\/strong>, y tiene una orden de reaprehensi\u00f3n de 2024 por homicidio.<\/p>\n<ul class=\"wp-block-list\">\n<li>Las agencias de seguridad mexicanas apuntaron que se tiene conocimiento de que el ahora detenido \u201ccontrolaba laboratorios de metanfetamina, pistas clandestinas y avionetas, camiones de carga y veh\u00edculos de pasajeros para transportar coca\u00edna, hero\u00edna\u201d y otras drogas desde <strong>Centroam\u00e9rica<\/strong> a <strong>M\u00e9xico<\/strong> y, posteriormente, a c\u00e9lulas de distribuci\u00f3n en varios estados de <strong>Estados Unidos<\/strong>, en los estados de <strong>California<\/strong>, <strong>Texas<\/strong>, <strong>Illinois<\/strong>, <strong>Georgia<\/strong>, <strong>Washington<\/strong> y <strong>Virginia<\/strong>.<\/li>\n<\/ul>\n","protected":false},"excerpt":{"rendered":"<p>Fuerzas Especiales del Ej\u00e9rcito mexicano y de la Guardia Nacional capturaron este lunes a C\u00e9sar Alejandro &#8216;N&#8217;, alias El G\u00fcero Conta, identificado como presunto operador financiero de Audias Flores Silva, alias El Jardinero, capturado horas antes, se\u00f1alado como uno de los dirigentes del C\u00e1rtel Jalisco Nueva Generaci\u00f3n (CJNG) y por quien se ofrec\u00eda una recompensa<\/p>\n","protected":false},"author":1,"featured_media":37587,"comment_status":"open","ping_status":"open","sticky":false,"template":"","format":"standard","meta":{"footnotes":""},"categories":[3],"tags":[],"class_list":["post-37586","post","type-post","status-publish","format-standard","has-post-thumbnail","hentry","category-internacionales"],"_links":{"self":[{"href":"https:\/\/acronoticias.com\/index.php\/wp-json\/wp\/v2\/posts\/37586","targetHints":{"allow":["GET"]}}],"collection":[{"href":"https:\/\/acronoticias.com\/index.php\/wp-json\/wp\/v2\/posts"}],"about":[{"href":"https:\/\/acronoticias.com\/index.php\/wp-json\/wp\/v2\/types\/post"}],"author":[{"embeddable":true,"href":"https:\/\/acronoticias.com\/index.php\/wp-json\/wp\/v2\/users\/1"}],"replies":[{"embeddable":true,"href":"https:\/\/acronoticias.com\/index.php\/wp-json\/wp\/v2\/comments?post=37586"}],"version-history":[{"count":0,"href":"https:\/\/acronoticias.com\/index.php\/wp-json\/wp\/v2\/posts\/37586\/revisions"}],"wp:featuredmedia":[{"embeddable":true,"href":"https:\/\/acronoticias.com\/index.php\/wp-json\/wp\/v2\/media\/37587"}],"wp:attachment":[{"href":"https:\/\/acronoticias.com\/index.php\/wp-json\/wp\/v2\/media?parent=37586"}],"wp:term":[{"taxonomy":"category","embeddable":true,"href":"https:\/\/acronoticias.com\/index.php\/wp-json\/wp\/v2\/categories?post=37586"},{"taxonomy":"post_tag","embeddable":true,"href":"https:\/\/acronoticias.com\/index.php\/wp-json\/wp\/v2\/tags?post=37586"}],"curies":[{"name":"wp","href":"https:\/\/api.w.org\/{rel}","templated":true}]}}