{"id":37576,"date":"2026-04-28T07:24:23","date_gmt":"2026-04-28T07:24:23","guid":{"rendered":"https:\/\/acronoticias.com\/index.php\/2026\/04\/28\/matan-de-un-disparo-en-la-cabeza-a-un-sargento-del-dicrim-durante-operativo-en-yamasa\/"},"modified":"2026-04-28T07:24:23","modified_gmt":"2026-04-28T07:24:23","slug":"matan-de-un-disparo-en-la-cabeza-a-un-sargento-del-dicrim-durante-operativo-en-yamasa","status":"publish","type":"post","link":"https:\/\/acronoticias.com\/index.php\/2026\/04\/28\/matan-de-un-disparo-en-la-cabeza-a-un-sargento-del-dicrim-durante-operativo-en-yamasa\/","title":{"rendered":"Matan de un disparo en la cabeza a un sargento del Dicrim durante operativo en Yamas\u00e1"},"content":{"rendered":"<div data-td-block-uid=\"tdi_100\">\n<div class=\"tdb-block-inner td-fix-index\">\n<p><strong>SANTO DOMINGO.- <\/strong>Un sargento adscrito a la Direcci\u00f3n Central de Investigaci\u00f3n (DICRIM) falleci\u00f3 este lunes tras recibir un disparo en la cabeza mientras atend\u00eda una denuncia ciudadana en el sector \u00abCuneta de M\u00e1yiga\u00bb, en este municipio.<\/p>\n<p>La v\u00edctima fue identificada como el sargento Juan Tom\u00e1s Charles, quien muri\u00f3 mientras recib\u00eda atenciones m\u00e9dicas en el Hospital General Docente de la Polic\u00eda Nacional (Hosgedopol), centro al que fue trasladado en estado cr\u00edtico desde otra instalaci\u00f3n de salud.<\/p>\n<p>De acuerdo con el informe preliminar, la patrulla policial acudi\u00f3 al lugar tras recibir una denuncia sobre varios hombres armados que profer\u00edan amenazas de muerte. Al llegar al referido sector, los agentes fueron atacados a tiros por tres individuos, uno de ellos identificado preliminarmente como \u00abOrlando\u00bb, quienes emprendieron la huida inmediatamente despu\u00e9s de la agresi\u00f3n.<\/p>\n<p>El vocero de la Polic\u00eda Nacional, coronel Diego Pesqueira, inform\u00f3 que las investigaciones se encuentran en su fase inicial. Equipos de investigaci\u00f3n y unidades t\u00e1cticas mantienen un operativo de b\u00fasqueda en toda la provincia de Monte Plata para localizar y apresar a los responsables del hecho criminal.<\/p>\n<\/div>\n<\/div>\n","protected":false},"excerpt":{"rendered":"<p>SANTO DOMINGO.- Un sargento adscrito a la Direcci\u00f3n Central de Investigaci\u00f3n (DICRIM) falleci\u00f3 este lunes tras recibir un disparo en la cabeza mientras atend\u00eda una denuncia ciudadana en el sector \u00abCuneta de M\u00e1yiga\u00bb, en este municipio. La v\u00edctima fue identificada como el sargento Juan Tom\u00e1s Charles, quien muri\u00f3 mientras recib\u00eda atenciones m\u00e9dicas en el Hospital<\/p>\n","protected":false},"author":1,"featured_media":37577,"comment_status":"open","ping_status":"open","sticky":false,"template":"","format":"standard","meta":{"footnotes":""},"categories":[1],"tags":[],"class_list":["post-37576","post","type-post","status-publish","format-standard","has-post-thumbnail","hentry","category-nacionales"],"_links":{"self":[{"href":"https:\/\/acronoticias.com\/index.php\/wp-json\/wp\/v2\/posts\/37576","targetHints":{"allow":["GET"]}}],"collection":[{"href":"https:\/\/acronoticias.com\/index.php\/wp-json\/wp\/v2\/posts"}],"about":[{"href":"https:\/\/acronoticias.com\/index.php\/wp-json\/wp\/v2\/types\/post"}],"author":[{"embeddable":true,"href":"https:\/\/acronoticias.com\/index.php\/wp-json\/wp\/v2\/users\/1"}],"replies":[{"embeddable":true,"href":"https:\/\/acronoticias.com\/index.php\/wp-json\/wp\/v2\/comments?post=37576"}],"version-history":[{"count":0,"href":"https:\/\/acronoticias.com\/index.php\/wp-json\/wp\/v2\/posts\/37576\/revisions"}],"wp:featuredmedia":[{"embeddable":true,"href":"https:\/\/acronoticias.com\/index.php\/wp-json\/wp\/v2\/media\/37577"}],"wp:attachment":[{"href":"https:\/\/acronoticias.com\/index.php\/wp-json\/wp\/v2\/media?parent=37576"}],"wp:term":[{"taxonomy":"category","embeddable":true,"href":"https:\/\/acronoticias.com\/index.php\/wp-json\/wp\/v2\/categories?post=37576"},{"taxonomy":"post_tag","embeddable":true,"href":"https:\/\/acronoticias.com\/index.php\/wp-json\/wp\/v2\/tags?post=37576"}],"curies":[{"name":"wp","href":"https:\/\/api.w.org\/{rel}","templated":true}]}}