{"id":37570,"date":"2026-04-28T06:50:13","date_gmt":"2026-04-28T06:50:13","guid":{"rendered":"https:\/\/acronoticias.com\/index.php\/2026\/04\/28\/lluvias-y-vientos-golpean-el-municipio-de-villa-la-mata-alcalde-solicita-auxilio-al-gobierno\/"},"modified":"2026-04-28T06:50:13","modified_gmt":"2026-04-28T06:50:13","slug":"lluvias-y-vientos-golpean-el-municipio-de-villa-la-mata-alcalde-solicita-auxilio-al-gobierno","status":"publish","type":"post","link":"https:\/\/acronoticias.com\/index.php\/2026\/04\/28\/lluvias-y-vientos-golpean-el-municipio-de-villa-la-mata-alcalde-solicita-auxilio-al-gobierno\/","title":{"rendered":"Lluvias y vientos golpean el municipio de Villa La Mata; alcalde solicita auxilio al Gobierno"},"content":{"rendered":"<div data-td-block-uid=\"tdi_100\">\n<div class=\"tdb-block-inner td-fix-index\">\n<p>VILLA LA MATA, S\u00c1NCHEZ RAM\u00cdREZ.\u2013 Un fuerte ventarr\u00f3n acompa\u00f1ado de intensas lluvias afect\u00f3 durante la tarde de este lunes diversas viviendas en varios sectores de este municipio, en especial la comunidad de Angelina, dejando al menos cinco casas con da\u00f1os estructurales de consideraci\u00f3n.<\/p>\n<p>El alcalde del municipio Villa La Mata, Eliseo Pe\u00f1a, realiz\u00f3 un levantamiento en la zona afectada junto a representantes de las juntas de vecinos locales.<\/p>\n<p>Entre las localidades m\u00e1s afectadas figuran zonas rurales de la ciudad y el distrito municipal de Angelina, donde varios postes del tendido el\u00e9ctrico fueron derribados por el viento.<\/p>\n<p>Pe\u00f1a confirm\u00f3 que los da\u00f1os fueron provocados por r\u00e1fagas de viento registradas durante la tarde y anunci\u00f3 que gestionar\u00e1 ayuda ante el Plan de Asistencia Social de la Presidencia y el Ministerio de Vivienda y Edificaciones (MIVHED).<\/p>\n<p>El ejecutivo municipal explic\u00f3 que la alcald\u00eda realizar\u00e1 un compromiso con los afectados para la reconstrucci\u00f3n, pero advirti\u00f3 que la capacidad de respuesta local depende del suministro de materiales por parte de las instancias gubernamentales.<\/p>\n<p>Las autoridades mantienen el monitoreo en la parte alta del municipio para cuantificar el total de las p\u00e9rdidas materiales, mientras se coordinan las brigadas de auxilio para las familias que perdieron sus techos.<\/p>\n<\/div>\n<\/div>\n","protected":false},"excerpt":{"rendered":"<p>VILLA LA MATA, S\u00c1NCHEZ RAM\u00cdREZ.\u2013 Un fuerte ventarr\u00f3n acompa\u00f1ado de intensas lluvias afect\u00f3 durante la tarde de este lunes diversas viviendas en varios sectores de este municipio, en especial la comunidad de Angelina, dejando al menos cinco casas con da\u00f1os estructurales de consideraci\u00f3n. El alcalde del municipio Villa La Mata, Eliseo Pe\u00f1a, realiz\u00f3 un levantamiento<\/p>\n","protected":false},"author":1,"featured_media":37571,"comment_status":"open","ping_status":"open","sticky":false,"template":"","format":"standard","meta":{"footnotes":""},"categories":[1],"tags":[],"class_list":["post-37570","post","type-post","status-publish","format-standard","has-post-thumbnail","hentry","category-nacionales"],"_links":{"self":[{"href":"https:\/\/acronoticias.com\/index.php\/wp-json\/wp\/v2\/posts\/37570","targetHints":{"allow":["GET"]}}],"collection":[{"href":"https:\/\/acronoticias.com\/index.php\/wp-json\/wp\/v2\/posts"}],"about":[{"href":"https:\/\/acronoticias.com\/index.php\/wp-json\/wp\/v2\/types\/post"}],"author":[{"embeddable":true,"href":"https:\/\/acronoticias.com\/index.php\/wp-json\/wp\/v2\/users\/1"}],"replies":[{"embeddable":true,"href":"https:\/\/acronoticias.com\/index.php\/wp-json\/wp\/v2\/comments?post=37570"}],"version-history":[{"count":0,"href":"https:\/\/acronoticias.com\/index.php\/wp-json\/wp\/v2\/posts\/37570\/revisions"}],"wp:featuredmedia":[{"embeddable":true,"href":"https:\/\/acronoticias.com\/index.php\/wp-json\/wp\/v2\/media\/37571"}],"wp:attachment":[{"href":"https:\/\/acronoticias.com\/index.php\/wp-json\/wp\/v2\/media?parent=37570"}],"wp:term":[{"taxonomy":"category","embeddable":true,"href":"https:\/\/acronoticias.com\/index.php\/wp-json\/wp\/v2\/categories?post=37570"},{"taxonomy":"post_tag","embeddable":true,"href":"https:\/\/acronoticias.com\/index.php\/wp-json\/wp\/v2\/tags?post=37570"}],"curies":[{"name":"wp","href":"https:\/\/api.w.org\/{rel}","templated":true}]}}