{"id":37564,"date":"2026-04-28T06:22:34","date_gmt":"2026-04-28T06:22:34","guid":{"rendered":"https:\/\/acronoticias.com\/index.php\/2026\/04\/28\/detenido-en-mexico-el-jardinero-presunto-nuevo-lider-de-cartel-jalisco-nueva-generacion\/"},"modified":"2026-04-28T06:22:34","modified_gmt":"2026-04-28T06:22:34","slug":"detenido-en-mexico-el-jardinero-presunto-nuevo-lider-de-cartel-jalisco-nueva-generacion","status":"publish","type":"post","link":"https:\/\/acronoticias.com\/index.php\/2026\/04\/28\/detenido-en-mexico-el-jardinero-presunto-nuevo-lider-de-cartel-jalisco-nueva-generacion\/","title":{"rendered":"Detenido en M\u00e9xico El Jardinero, presunto nuevo l\u00edder de Cartel Jalisco Nueva Generaci\u00f3n"},"content":{"rendered":"<p>El secretario de <strong>Seguridad y Protecci\u00f3n Ciudadana<\/strong> (<strong>SSPC<\/strong>) de <strong>M\u00e9xico<\/strong>, <strong>Omar Garc\u00eda Harfuch<\/strong>, anunci\u00f3 este lunes la detenci\u00f3n de <strong>Audias Flores Silva<\/strong>, alias El Jardinero, identificado por autoridades estadounidenses como uno de los dirigentes del <strong>C\u00e1rtel Jalisco Nueva Generaci\u00f3n<\/strong> (<strong>CJNG<\/strong>) y por quien se ofrec\u00eda una recompensa de cinco millones de d\u00f3lares.<\/p>\n<p>El arresto ocurri\u00f3 en el estado de <strong>Nayarit<\/strong> (oeste), en una regi\u00f3n con fuerte presencia del <strong>CJNG<\/strong>, a dos meses de la muerte, en un operativo militar, del capo <strong>Nemesio Oseguera Cervantes<\/strong>, alias <strong>El Mencho<\/strong>, de quien se consideraba su posible sucesor.<\/p>\n<p><strong>Garc\u00eda Harfuch<\/strong> explic\u00f3 que el detenido cuenta con una orden de aprehensi\u00f3n en <strong>M\u00e9xico<\/strong> y es requerido por autoridades de <strong>Estados Unidos<\/strong> con fines de extradici\u00f3n.<\/p>\n<ul class=\"wp-block-list\">\n<li>Por su captura, el gobierno estadounidense ofrec\u00eda una recompensa de 5 millones de d\u00f3lares\u00bb, mencion\u00f3 en un breve mensaje en su cuenta de X.<\/li>\n<\/ul>\n<p>La operaci\u00f3n fue \u00abplaneada, desarrollada y ejecutada\u00bb por personal de la <strong>Secretar\u00eda de Marina<\/strong> (<strong>Semar<\/strong>), se\u00f1al\u00f3 el funcionario.<\/p>\n<h3 class=\"wp-block-heading\">Antecedentes y cargos<\/h3>\n<p>En abril de 2021, el Gobierno de <strong>EE.UU.<\/strong> anunci\u00f3 sanciones contra <strong>Flores Silva<\/strong>, a quien identific\u00f3 como uno de los dirigentes regionales del <strong>CJNG<\/strong>.<\/p>\n<p><strong>Flores Silva<\/strong>, de 45 a\u00f1os, tambi\u00e9n ha sido se\u00f1alado como jefe de seguridad de <strong>Oseguera Cervantes<\/strong>, seg\u00fan reportes de medios que citan a la <strong>Administraci\u00f3n para el Control de Drogas<\/strong> (<strong>DEA<\/strong>, en ingl\u00e9s).<\/p>\n<p>El <strong>Departamento del Tesoro<\/strong> estadounidense afirm\u00f3 entonces que controlaba amplias zonas del Pac\u00edfico mexicano, incluido <strong>Nayarit<\/strong>, y lo se\u00f1al\u00f3 de traficar con grandes cantidades de opi\u00e1ceos y coca\u00edna.<\/p>\n<p>Tambi\u00e9n fue imputado en <strong>EE.UU.<\/strong> por conspiraci\u00f3n para distribuir coca\u00edna y hero\u00edna, as\u00ed como por delitos con armas de fuego.<\/p>\n<p>Posteriormente, en junio de 2025, <strong>El Jardinero<\/strong> volvi\u00f3 a ser incluido en un paquete de sanciones contra altos mandos del <strong>CJNG<\/strong>, donde se le vincul\u00f3 con la operaci\u00f3n de laboratorios clandestinos de metanfetamina.<\/p>\n<p>En febrero pasado, tras la muerte de <strong>El Mencho<\/strong>, fundador del <strong>CJNG<\/strong>, especialistas se\u00f1alaron al ahora detenido como parte de un grupo de l\u00edderes que qued\u00f3 al frente del cartel.<\/p>\n<figure class=\"wp-block-image size-full is-resized\"><img decoding=\"async\" loading=\"lazy\" width=\"1200\" height=\"675\" src=\"https:\/\/multimedia.noticiassin.com\/wp-content\/uploads\/2026\/04\/detenido-en-mexico-el-jardinero-presunto-nuevo-lider-de-cartel-jalisco-nueva-ge-20260428-015554-oQ99.jpg\" alt=\"\" class=\"wp-image-1987471\" style=\"width:465px;height:auto\" \/><\/figure>\n<h3 class=\"wp-block-heading\">Seguimiento e inteligencia<\/h3>\n<p>Autoridades mexicanas indicaron que la detenci\u00f3n ocurri\u00f3 tras 19 meses de seguimiento y trabajos de inteligencia, <strong>as\u00ed como del intercambio de informaci\u00f3n con agencias estadounidenses.<\/strong><\/p>\n<p>Tambi\u00e9n destacaron que <strong>Flores Silva<\/strong> cuenta con orden de extradici\u00f3n por el delito de asociaci\u00f3n delictuosa contra la salud y portaci\u00f3n de arma de fuego, solicitada por <strong>Estados Unidos<\/strong>, y tiene una orden de reaprehensi\u00f3n de 2024 por homicidio.<\/p>\n<ul class=\"wp-block-list\">\n<li>Las agencias de seguridad mexicanas apuntaron que se tiene conocimiento de que el ahora detenido \u201ccontrolaba laboratorios de metanfetamina, pistas clandestinas y avionetas, camiones de carga y veh\u00edculos de pasajeros para transportar coca\u00edna, hero\u00edna\u201d y otras drogas desde <strong>Centroam\u00e9rica<\/strong> a <strong>M\u00e9xico<\/strong> y, posteriormente, a c\u00e9lulas de distribuci\u00f3n en varios estados de <strong>Estados Unidos<\/strong>, en los estados de <strong>California<\/strong>, <strong>Texas<\/strong>, <strong>Illinois<\/strong>, <strong>Georgia<\/strong>, <strong>Washington<\/strong> y <strong>Virginia<\/strong>.<\/li>\n<\/ul>\n","protected":false},"excerpt":{"rendered":"<p>El secretario de Seguridad y Protecci\u00f3n Ciudadana (SSPC) de M\u00e9xico, Omar Garc\u00eda Harfuch, anunci\u00f3 este lunes la detenci\u00f3n de Audias Flores Silva, alias El Jardinero, identificado por autoridades estadounidenses como uno de los dirigentes del C\u00e1rtel Jalisco Nueva Generaci\u00f3n (CJNG) y por quien se ofrec\u00eda una recompensa de cinco millones de d\u00f3lares. El arresto ocurri\u00f3<\/p>\n","protected":false},"author":1,"featured_media":37565,"comment_status":"open","ping_status":"open","sticky":false,"template":"","format":"standard","meta":{"footnotes":""},"categories":[3],"tags":[],"class_list":["post-37564","post","type-post","status-publish","format-standard","has-post-thumbnail","hentry","category-internacionales"],"_links":{"self":[{"href":"https:\/\/acronoticias.com\/index.php\/wp-json\/wp\/v2\/posts\/37564","targetHints":{"allow":["GET"]}}],"collection":[{"href":"https:\/\/acronoticias.com\/index.php\/wp-json\/wp\/v2\/posts"}],"about":[{"href":"https:\/\/acronoticias.com\/index.php\/wp-json\/wp\/v2\/types\/post"}],"author":[{"embeddable":true,"href":"https:\/\/acronoticias.com\/index.php\/wp-json\/wp\/v2\/users\/1"}],"replies":[{"embeddable":true,"href":"https:\/\/acronoticias.com\/index.php\/wp-json\/wp\/v2\/comments?post=37564"}],"version-history":[{"count":0,"href":"https:\/\/acronoticias.com\/index.php\/wp-json\/wp\/v2\/posts\/37564\/revisions"}],"wp:featuredmedia":[{"embeddable":true,"href":"https:\/\/acronoticias.com\/index.php\/wp-json\/wp\/v2\/media\/37565"}],"wp:attachment":[{"href":"https:\/\/acronoticias.com\/index.php\/wp-json\/wp\/v2\/media?parent=37564"}],"wp:term":[{"taxonomy":"category","embeddable":true,"href":"https:\/\/acronoticias.com\/index.php\/wp-json\/wp\/v2\/categories?post=37564"},{"taxonomy":"post_tag","embeddable":true,"href":"https:\/\/acronoticias.com\/index.php\/wp-json\/wp\/v2\/tags?post=37564"}],"curies":[{"name":"wp","href":"https:\/\/api.w.org\/{rel}","templated":true}]}}