{"id":37556,"date":"2026-04-28T05:29:36","date_gmt":"2026-04-28T05:29:36","guid":{"rendered":"https:\/\/acronoticias.com\/index.php\/2026\/04\/28\/mesa-interinstitucional-marca-el-inicio-del-camino-hacia-el-centro-de-bellas-artes-en-los-alcarrizos\/"},"modified":"2026-04-28T05:29:36","modified_gmt":"2026-04-28T05:29:36","slug":"mesa-interinstitucional-marca-el-inicio-del-camino-hacia-el-centro-de-bellas-artes-en-los-alcarrizos","status":"publish","type":"post","link":"https:\/\/acronoticias.com\/index.php\/2026\/04\/28\/mesa-interinstitucional-marca-el-inicio-del-camino-hacia-el-centro-de-bellas-artes-en-los-alcarrizos\/","title":{"rendered":"Mesa interinstitucional marca el inicio del camino hacia el Centro de Bellas Artes en Los Alcarrizos"},"content":{"rendered":"<div id=\"mvp-content-main\">\n<p><strong>Los Alcarrizos.- <\/strong>El Ayuntamiento de Los Alcarrizos dio un paso decisivo hacia el fortalecimiento cultural del municipio con la conformaci\u00f3n de una mesa interinstitucional, en coordinaci\u00f3n con el Ministerio de Cultura y la Direcci\u00f3n General de Bellas Artes, con el objetivo de impulsar la creaci\u00f3n de un Centro de Bellas Artes en esta demarcaci\u00f3n.<\/p>\n<p>Este espacio de trabajo tendr\u00e1 la responsabilidad de desarrollar el proyecto integral, que incluir\u00e1 el dise\u00f1o, remozamiento, construcci\u00f3n y el equipamiento necesario para hacer realidad esta importante obra cultural, concebida para promover el talento art\u00edstico y brindar nuevas oportunidades de formaci\u00f3n a la juventud.<\/p>\n<p>El encuentro fue encabezado por el alcalde Junior Santos y el ministro de Cultura, Roberto \u00c1ngel Salcedo, quienes coincidieron en la relevancia de esta iniciativa y reafirmaron su compromiso de trabajar de manera conjunta para gestionar, ante el Gobierno central, los recursos que permitan la ejecuci\u00f3n del proyecto, con la meta de que pueda ser inaugurado en el transcurso de este mismo a\u00f1o.<\/p>\n<p>De igual forma, se inform\u00f3 que las delegaciones regionales funcionar\u00e1n como espacios de formaci\u00f3n art\u00edstica dentro del municipio, donde los j\u00f3venes podr\u00e1n iniciarse en distintas disciplinas y posteriormente integrarse a la sede principal del futuro Centro de Bellas Artes.<\/p>\n<figure class=\"wp-block-image size-large\"><a href=\"https:\/\/cdn.ultimasnoticias.com.do\/2026\/04\/PHOTO-2026-04-27-17-37-34-1.jpg\"><img loading=\"lazy\" decoding=\"async\" width=\"1024\" height=\"682\" alt=\"PHOTO 2026 04 27 17 37 34 1\" class=\"wp-image-217237 cwvlazyload\" src=\"https:\/\/cdn.ultimasnoticias.com.do\/2026\/04\/PHOTO-2026-04-27-17-37-34-1-1024x682.jpg\" srcset=\"https:\/\/cdn.ultimasnoticias.com.do\/2026\/04\/PHOTO-2026-04-27-17-37-34-1-1024x682.jpg 1024w, https:\/\/cdn.ultimasnoticias.com.do\/2026\/04\/PHOTO-2026-04-27-17-37-34-1-300x200.jpg 300w, https:\/\/cdn.ultimasnoticias.com.do\/2026\/04\/PHOTO-2026-04-27-17-37-34-1-768x512.jpg 768w, https:\/\/cdn.ultimasnoticias.com.do\/2026\/04\/PHOTO-2026-04-27-17-37-34-1.jpg 1280w\" data-sizes=\"(max-width: 1024px) 100vw, 1024px\"\/><\/a><\/figure>\n<p>Cabe destacar que el edificio donde operaba el Instituto Postal Dominicano (INPOSDOM) fue entregado al Ayuntamiento de Los Alcarrizos por disposici\u00f3n del presidente Luis Abinader, a trav\u00e9s de la Direcci\u00f3n General de Bienes Nacionales, lo que permitir\u00e1 avanzar en la materializaci\u00f3n de este proyecto cultural.<\/p>\n<\/div>\n","protected":false},"excerpt":{"rendered":"<p>Los Alcarrizos.- El Ayuntamiento de Los Alcarrizos dio un paso decisivo hacia el fortalecimiento cultural del municipio con la conformaci\u00f3n de una mesa interinstitucional, en coordinaci\u00f3n con el Ministerio de Cultura y la Direcci\u00f3n General de Bellas Artes, con el objetivo de impulsar la creaci\u00f3n de un Centro de Bellas Artes en esta demarcaci\u00f3n. Este<\/p>\n","protected":false},"author":1,"featured_media":37557,"comment_status":"open","ping_status":"open","sticky":false,"template":"","format":"standard","meta":{"footnotes":""},"categories":[1],"tags":[],"class_list":["post-37556","post","type-post","status-publish","format-standard","has-post-thumbnail","hentry","category-nacionales"],"_links":{"self":[{"href":"https:\/\/acronoticias.com\/index.php\/wp-json\/wp\/v2\/posts\/37556","targetHints":{"allow":["GET"]}}],"collection":[{"href":"https:\/\/acronoticias.com\/index.php\/wp-json\/wp\/v2\/posts"}],"about":[{"href":"https:\/\/acronoticias.com\/index.php\/wp-json\/wp\/v2\/types\/post"}],"author":[{"embeddable":true,"href":"https:\/\/acronoticias.com\/index.php\/wp-json\/wp\/v2\/users\/1"}],"replies":[{"embeddable":true,"href":"https:\/\/acronoticias.com\/index.php\/wp-json\/wp\/v2\/comments?post=37556"}],"version-history":[{"count":0,"href":"https:\/\/acronoticias.com\/index.php\/wp-json\/wp\/v2\/posts\/37556\/revisions"}],"wp:featuredmedia":[{"embeddable":true,"href":"https:\/\/acronoticias.com\/index.php\/wp-json\/wp\/v2\/media\/37557"}],"wp:attachment":[{"href":"https:\/\/acronoticias.com\/index.php\/wp-json\/wp\/v2\/media?parent=37556"}],"wp:term":[{"taxonomy":"category","embeddable":true,"href":"https:\/\/acronoticias.com\/index.php\/wp-json\/wp\/v2\/categories?post=37556"},{"taxonomy":"post_tag","embeddable":true,"href":"https:\/\/acronoticias.com\/index.php\/wp-json\/wp\/v2\/tags?post=37556"}],"curies":[{"name":"wp","href":"https:\/\/api.w.org\/{rel}","templated":true}]}}