{"id":37554,"date":"2026-04-28T05:21:10","date_gmt":"2026-04-28T05:21:10","guid":{"rendered":"https:\/\/acronoticias.com\/index.php\/2026\/04\/28\/la-vicepresidenta-espanola-aagesen-valora-la-cooperacion-para-avanzar-en-la-transicion-energetica\/"},"modified":"2026-04-28T05:21:10","modified_gmt":"2026-04-28T05:21:10","slug":"la-vicepresidenta-espanola-aagesen-valora-la-cooperacion-para-avanzar-en-la-transicion-energetica","status":"publish","type":"post","link":"https:\/\/acronoticias.com\/index.php\/2026\/04\/28\/la-vicepresidenta-espanola-aagesen-valora-la-cooperacion-para-avanzar-en-la-transicion-energetica\/","title":{"rendered":"La vicepresidenta espa\u00f1ola Aagesen valora la cooperaci\u00f3n para avanzar en la transici\u00f3n energ\u00e9tica"},"content":{"rendered":"<p>La vicepresidenta tercera y ministra para la Transici\u00f3n Ecol\u00f3gica y el Reto Demogr\u00e1fico de <strong>Espa\u00f1a<\/strong>, <strong>Sara Aagesen<\/strong>, valor\u00f3 este lunes en la ciudad colombiana de <strong>Santa Marta<\/strong>, donde se celebra la primera Conferencia para la Transici\u00f3n m\u00e1s all\u00e1 de los Combustibles F\u00f3siles, la importancia de la cooperaci\u00f3n para lograr la transici\u00f3n energ\u00e9tica.<\/p>\n<p>Yo creo que esta conferencia es fundamental porque es la primera vez que nos reunimos con esa ambici\u00f3n (de superar el uso de combustibles f\u00f3siles) y va a tener la virtud de generar alianzas, consensos y una hoja de ruta\u00bb, expres\u00f3 Aagesen a <strong>EFE<\/strong>.<\/p>\n<h3 class=\"wp-block-heading\">Reuniones en Santa Marta<\/h3>\n<p>En su primer d\u00eda en <strong>Santa Marta<\/strong>, donde estar\u00e1 hasta el cierre de la conferencia el mi\u00e9rcoles, la vicepresidenta tercera se reuni\u00f3 con la ministra colombiana de Ambiente, <strong>Irene V\u00e9lez<\/strong>, y de Pol\u00edtica Clim\u00e1tica y Crecimiento Verde de <strong>Pa\u00edses Bajos<\/strong>, <strong>Stientje van Veldhoven<\/strong>.<\/p>\n<figure class=\"wp-block-image size-full is-resized\"><img decoding=\"async\" loading=\"lazy\" width=\"1200\" height=\"675\" src=\"https:\/\/multimedia.noticiassin.com\/wp-content\/uploads\/2026\/04\/la-vicepresidenta-espanola-aagesen-valora-la-cooperacion-para-avanzar-en-la-tran-20260428-015905-xLEs.webp\" alt=\"\" class=\"wp-image-1987479\" style=\"width:509px;height:auto\" \/><\/figure>\n<p>Aagesen tambi\u00e9n se entrevist\u00f3 con la representante de Acci\u00f3n Clim\u00e1tica y Biodiversidad Positiva del <strong>Banco de Desarrollo de Am\u00e9rica Latina y el Caribe<\/strong> (<strong>CAF<\/strong>), <strong>Alicia Montalvo<\/strong>, y con el ministro de Cambio Clim\u00e1tico de <strong>B\u00e9lgica<\/strong>, <strong>Jean-Luck Cruck<\/strong>, entre otros.<\/p>\n<p>\u00abSomos muchos pa\u00edses los que vamos a compartir nuestra experiencia, una experiencia de \u00e9xito, y que queremos que cada vez, en esta familia, que ahora somos 56, seamos m\u00e1s\u00bb, <strong>a\u00f1adi\u00f3 la vicepresidenta sobre los asistentes a la conferencia.<\/strong><\/p>\n<p>Durante la jornada, la alta funcionaria espa\u00f1ola tambi\u00e9n firm\u00f3 con el ministro de Minas de <strong>Colombia<\/strong>, <strong>Edwin Palma<\/strong>, la pr\u00f3rroga por tres a\u00f1os de un memorando de entendimiento para la transici\u00f3n energ\u00e9tica justa y la descarbonizaci\u00f3n del sector energ\u00e9tico.<\/p>\n<p>El martes, que comienza el segmento de alto nivel de la conferencia, Aagesen intervendr\u00e1 en varias sesiones relacionadas con temas como transici\u00f3n energ\u00e9tica, econom\u00eda y creaci\u00f3n de empleo, y tambi\u00e9n se reunir\u00e1 con el secretario general adjunto para la Acci\u00f3n Clim\u00e1tica de <strong>Naciones Unidas<\/strong>, <strong>Selwin Hart<\/strong>.<\/p>\n<h3 class=\"wp-block-heading\">Claves de la conferencia<\/h3>\n<ul class=\"wp-block-list\">\n<li>La conferencia de <strong>Santa Marta<\/strong>, organizada por <strong>Colombia<\/strong> y <strong>Pa\u00edses Bajos<\/strong>, comenz\u00f3 el viernes pasado y cuenta con la participaci\u00f3n de representantes gubernamentales de m\u00e1s de 56 pa\u00edses.<\/li>\n<\/ul>\n<p>A la reuni\u00f3n tambi\u00e9n asisten acad\u00e9micos, parlamentarios, sindicatos, ind\u00edgenas, afrodescendientes, <strong>ONG<\/strong>, sociedad civil organizada, juventudes, campesinos, parlamentarios, sector privado y banca multilateral.<\/p>\n<p>En <strong>Santa Marta<\/strong>, las partes dialogan sobre acciones concretas para poner en marcha mecanismos financieros, fiscales, regulatorios y de cooperaci\u00f3n internacional que permitan implementar la transici\u00f3n energ\u00e9tica.<\/p>\n","protected":false},"excerpt":{"rendered":"<p>La vicepresidenta tercera y ministra para la Transici\u00f3n Ecol\u00f3gica y el Reto Demogr\u00e1fico de Espa\u00f1a, Sara Aagesen, valor\u00f3 este lunes en la ciudad colombiana de Santa Marta, donde se celebra la primera Conferencia para la Transici\u00f3n m\u00e1s all\u00e1 de los Combustibles F\u00f3siles, la importancia de la cooperaci\u00f3n para lograr la transici\u00f3n energ\u00e9tica. Yo creo que<\/p>\n","protected":false},"author":1,"featured_media":37555,"comment_status":"open","ping_status":"open","sticky":false,"template":"","format":"standard","meta":{"footnotes":""},"categories":[3],"tags":[],"class_list":["post-37554","post","type-post","status-publish","format-standard","has-post-thumbnail","hentry","category-internacionales"],"_links":{"self":[{"href":"https:\/\/acronoticias.com\/index.php\/wp-json\/wp\/v2\/posts\/37554","targetHints":{"allow":["GET"]}}],"collection":[{"href":"https:\/\/acronoticias.com\/index.php\/wp-json\/wp\/v2\/posts"}],"about":[{"href":"https:\/\/acronoticias.com\/index.php\/wp-json\/wp\/v2\/types\/post"}],"author":[{"embeddable":true,"href":"https:\/\/acronoticias.com\/index.php\/wp-json\/wp\/v2\/users\/1"}],"replies":[{"embeddable":true,"href":"https:\/\/acronoticias.com\/index.php\/wp-json\/wp\/v2\/comments?post=37554"}],"version-history":[{"count":0,"href":"https:\/\/acronoticias.com\/index.php\/wp-json\/wp\/v2\/posts\/37554\/revisions"}],"wp:featuredmedia":[{"embeddable":true,"href":"https:\/\/acronoticias.com\/index.php\/wp-json\/wp\/v2\/media\/37555"}],"wp:attachment":[{"href":"https:\/\/acronoticias.com\/index.php\/wp-json\/wp\/v2\/media?parent=37554"}],"wp:term":[{"taxonomy":"category","embeddable":true,"href":"https:\/\/acronoticias.com\/index.php\/wp-json\/wp\/v2\/categories?post=37554"},{"taxonomy":"post_tag","embeddable":true,"href":"https:\/\/acronoticias.com\/index.php\/wp-json\/wp\/v2\/tags?post=37554"}],"curies":[{"name":"wp","href":"https:\/\/api.w.org\/{rel}","templated":true}]}}