{"id":37550,"date":"2026-04-28T04:57:37","date_gmt":"2026-04-28T04:57:37","guid":{"rendered":"https:\/\/acronoticias.com\/index.php\/2026\/04\/28\/emboscada-mortal-matan-de-un-disparo-en-la-cabeza-a-sargento-de-la-policia-durante-violento-ataque-a-patrulla\/"},"modified":"2026-04-28T04:57:37","modified_gmt":"2026-04-28T04:57:37","slug":"emboscada-mortal-matan-de-un-disparo-en-la-cabeza-a-sargento-de-la-policia-durante-violento-ataque-a-patrulla","status":"publish","type":"post","link":"https:\/\/acronoticias.com\/index.php\/2026\/04\/28\/emboscada-mortal-matan-de-un-disparo-en-la-cabeza-a-sargento-de-la-policia-durante-violento-ataque-a-patrulla\/","title":{"rendered":"\u00a1Emboscada mortal! Matan de un disparo en la cabeza a sargento de la Polic\u00eda durante violento ataque a patrulla"},"content":{"rendered":"<div id=\"mvp-content-main\">\n<p><strong>Santo Domingo.-<\/strong> Un sargento de la Polic\u00eda Nacional, adscrito a la Direcci\u00f3n Central de Investigaci\u00f3n (DICRIM), fue asesinado de un disparo en la cabeza en medio de un violento ataque armado perpetrado contra una patrulla policial que acudi\u00f3 a atender una denuncia ciudadana en el municipio Yamas\u00e1, provincia Monte Plata.<\/p>\n<p>La v\u00edctima fue identificada como el sargento <strong>Juan Tom\u00e1s Charles<\/strong>, quien result\u00f3 gravemente herido durante la balacera y falleci\u00f3 mientras recib\u00eda atenciones m\u00e9dicas en el Hospital General Docente de la Polic\u00eda Nacional (Hosgedopol), luego de ser trasladado en estado cr\u00edtico desde otro centro de salud.<\/p>\n<p>De acuerdo con las informaciones ofrecidas por el vocero policial, coronel Diego Pesqueira, el hecho ocurri\u00f3 en el sector conocido como <strong>\u201cCuneta de M\u00e1yiga\u201d<\/strong>, donde los agentes se presentaron tras una denuncia de un ciudadano que asegur\u00f3 haber sido amenazado de muerte por varios hombres armados.<\/p>\n<p>El reporte preliminar establece que, al llegar al lugar, la patrulla fue sorprendida por una lluvia de disparos realizada por tres individuos fuertemente armados. En medio del ataque, el sargento Charles recibi\u00f3 el impacto mortal en la cabeza. Tras cometer la agresi\u00f3n, los atacantes emprendieron la huida.<\/p>\n<p>Uno de los presuntos responsables fue identificado preliminarmente con el apodo de <strong>\u201cOrlando\u201d<\/strong>, mientras que organismos de investigaci\u00f3n y unidades t\u00e1cticas mantienen desplegado un amplio operativo de b\u00fasqueda y rastreo en toda la zona para capturar a los implicados.<\/p>\n<p>La Polic\u00eda Nacional calific\u00f3 el hecho como un acto criminal de extrema gravedad y asegur\u00f3 que no descansar\u00e1 hasta localizar a los responsables.<\/p>\n<p>\u201cDamos garant\u00eda a la sociedad de que estos individuos ser\u00e1n localizados, apresados y puestos a disposici\u00f3n de la justicia\u201d, afirm\u00f3 el vocero policial. La instituci\u00f3n del orden reiter\u00f3 adem\u00e1s su compromiso de continuar enfrentando la delincuencia y exhort\u00f3 a la ciudadan\u00eda a colaborar con las autoridades aportando cualquier informaci\u00f3n que permita dar con el paradero de los agresores.<\/p>\n<\/div>\n","protected":false},"excerpt":{"rendered":"<p>Santo Domingo.- Un sargento de la Polic\u00eda Nacional, adscrito a la Direcci\u00f3n Central de Investigaci\u00f3n (DICRIM), fue asesinado de un disparo en la cabeza en medio de un violento ataque armado perpetrado contra una patrulla policial que acudi\u00f3 a atender una denuncia ciudadana en el municipio Yamas\u00e1, provincia Monte Plata. La v\u00edctima fue identificada como<\/p>\n","protected":false},"author":1,"featured_media":37551,"comment_status":"open","ping_status":"open","sticky":false,"template":"","format":"standard","meta":{"footnotes":""},"categories":[1],"tags":[],"class_list":["post-37550","post","type-post","status-publish","format-standard","has-post-thumbnail","hentry","category-nacionales"],"_links":{"self":[{"href":"https:\/\/acronoticias.com\/index.php\/wp-json\/wp\/v2\/posts\/37550","targetHints":{"allow":["GET"]}}],"collection":[{"href":"https:\/\/acronoticias.com\/index.php\/wp-json\/wp\/v2\/posts"}],"about":[{"href":"https:\/\/acronoticias.com\/index.php\/wp-json\/wp\/v2\/types\/post"}],"author":[{"embeddable":true,"href":"https:\/\/acronoticias.com\/index.php\/wp-json\/wp\/v2\/users\/1"}],"replies":[{"embeddable":true,"href":"https:\/\/acronoticias.com\/index.php\/wp-json\/wp\/v2\/comments?post=37550"}],"version-history":[{"count":0,"href":"https:\/\/acronoticias.com\/index.php\/wp-json\/wp\/v2\/posts\/37550\/revisions"}],"wp:featuredmedia":[{"embeddable":true,"href":"https:\/\/acronoticias.com\/index.php\/wp-json\/wp\/v2\/media\/37551"}],"wp:attachment":[{"href":"https:\/\/acronoticias.com\/index.php\/wp-json\/wp\/v2\/media?parent=37550"}],"wp:term":[{"taxonomy":"category","embeddable":true,"href":"https:\/\/acronoticias.com\/index.php\/wp-json\/wp\/v2\/categories?post=37550"},{"taxonomy":"post_tag","embeddable":true,"href":"https:\/\/acronoticias.com\/index.php\/wp-json\/wp\/v2\/tags?post=37550"}],"curies":[{"name":"wp","href":"https:\/\/api.w.org\/{rel}","templated":true}]}}