{"id":37542,"date":"2026-04-28T04:19:40","date_gmt":"2026-04-28T04:19:40","guid":{"rendered":"https:\/\/acronoticias.com\/index.php\/2026\/04\/28\/en-un-homenaje-a-los-ganadores-austriacos-de-eurovision-3-000-drones-iluminan-viena\/"},"modified":"2026-04-28T04:19:40","modified_gmt":"2026-04-28T04:19:40","slug":"en-un-homenaje-a-los-ganadores-austriacos-de-eurovision-3-000-drones-iluminan-viena","status":"publish","type":"post","link":"https:\/\/acronoticias.com\/index.php\/2026\/04\/28\/en-un-homenaje-a-los-ganadores-austriacos-de-eurovision-3-000-drones-iluminan-viena\/","title":{"rendered":"En un homenaje a los ganadores austr\u00edacos de Eurovisi\u00f3n 3.000 drones iluminan Viena"},"content":{"rendered":"<p>Cientos de personas asistieron en <strong>Viena<\/strong> a un espect\u00e1culo de 3.000 drones sobre el <strong>Palacio de Sch\u00f6nbrunn<\/strong> que, con motivo del festival de <strong>Eurovisi\u00f3n<\/strong>, rindi\u00f3 homenaje a los tres ganadores austr\u00edacos: <strong>Udo J\u00fcrgens<\/strong> (1966), <strong>Conchita Wurst<\/strong> (2014) y <strong>JJ<\/strong> (2025).<\/p>\n<p>El espect\u00e1culo, organizado por la emisora austr\u00edaca <strong>\u00d63<\/strong>, represent\u00f3 uno de los mayores de este tipo en <strong>Europa<\/strong> y se celebr\u00f3 con motivo del inicio de la 70.\u00aa edici\u00f3n del certamen, que se celebrar\u00e1 entre el 12 y el 16 de mayo pr\u00f3ximos en <strong>Viena<\/strong>.<\/p>\n<ul class=\"wp-block-list\">\n<li>El evento, de acceso gratuito, se pudo observar desde el mercado de primavera, instalado en el patio de honor del palacio.<\/li>\n<\/ul>\n<p>Hasta ahora, en <strong>Europa<\/strong> solo se hab\u00eda realizado una exhibici\u00f3n de 3.000 drones en septiembre de 2025 en el <strong>Vaticano<\/strong>, durante el concierto &#8216;Grace for the World&#8217;, con la participaci\u00f3n de <strong>Andrea Bocelli<\/strong> y <strong>Pharrell Williams<\/strong>.<\/p>\n<h3 class=\"wp-block-heading\">Homenaje en el cielo<\/h3>\n<p>\u00abCon el espect\u00e1culo de drones de <strong>Eurovisi\u00f3n<\/strong> lanzamos una se\u00f1al espectacular y hacemos visible el concurso en el cielo sobre <strong>Viena<\/strong>\u00bb, destac\u00f3 el productor ejecutivo del certamen, <strong>Michael Kr\u00f6n<\/strong>, en un comunicado.<\/p>\n<p>Por su parte, el consejero delegado de la empresa organizadora <strong>Cyberdrone<\/strong>, <strong>Silvio Peruci<\/strong>, subray\u00f3 que, como austr\u00edaco, le enorgullec\u00eda enormemente formar parte de un evento de tales dimensiones, en \u00abuno de los mayores espect\u00e1culos de drones que <strong>Europa<\/strong> haya visto\u00bb.<\/p>\n<figure class=\"wp-block-image size-full is-resized\"><img loading=\"lazy\" decoding=\"async\" width=\"1920\" height=\"1080\" src=\"https:\/\/multimedia.noticiassin.com\/wp-content\/uploads\/2026\/04\/en-un-homenaje-a-los-ganadores-austriacos-de-eurovision-3-000-drones-iluminan-vi-20260428-020209-xecF.webp\" alt=\"\" class=\"wp-image-1987488\" style=\"width:536px;height:auto\" \/><\/figure>\n<p>La direcci\u00f3n musical fue a cargo de la productora <strong>Dorothee Freiberger<\/strong> e incluy\u00f3 un repertorio de canciones ganadoras de <strong>Eurovisi\u00f3n<\/strong>, as\u00ed como de la m\u00fasica oficial del certamen este 2026.<\/p>\n<h3 class=\"wp-block-heading\">Los ganadores austr\u00edacos<\/h3>\n<p><strong>Udo J\u00fcrgens<\/strong> fue ganador del <strong>Festival de Eurovisi\u00f3n<\/strong> en 1966 con la canci\u00f3n &#8216;Merci, Ch\u00e9rie&#8217;, mientras que la artista <strong>Conchita Wurst<\/strong> gan\u00f3 el certamen en 2014 con &#8216;Rise Like a Phoenix&#8217;, convirti\u00e9ndose en un s\u00edmbolo internacional de diversidad y derechos LGTBI.<\/p>\n<p>En cuanto a <strong>JJ<\/strong>, fue el ganador m\u00e1s reciente del certamen para <strong>Austria<\/strong>, en 2025.<\/p>\n","protected":false},"excerpt":{"rendered":"<p>Cientos de personas asistieron en Viena a un espect\u00e1culo de 3.000 drones sobre el Palacio de Sch\u00f6nbrunn que, con motivo del festival de Eurovisi\u00f3n, rindi\u00f3 homenaje a los tres ganadores austr\u00edacos: Udo J\u00fcrgens (1966), Conchita Wurst (2014) y JJ (2025). El espect\u00e1culo, organizado por la emisora austr\u00edaca \u00d63, represent\u00f3 uno de los mayores de este<\/p>\n","protected":false},"author":1,"featured_media":37543,"comment_status":"open","ping_status":"open","sticky":false,"template":"","format":"standard","meta":{"footnotes":""},"categories":[3],"tags":[],"class_list":["post-37542","post","type-post","status-publish","format-standard","has-post-thumbnail","hentry","category-internacionales"],"_links":{"self":[{"href":"https:\/\/acronoticias.com\/index.php\/wp-json\/wp\/v2\/posts\/37542","targetHints":{"allow":["GET"]}}],"collection":[{"href":"https:\/\/acronoticias.com\/index.php\/wp-json\/wp\/v2\/posts"}],"about":[{"href":"https:\/\/acronoticias.com\/index.php\/wp-json\/wp\/v2\/types\/post"}],"author":[{"embeddable":true,"href":"https:\/\/acronoticias.com\/index.php\/wp-json\/wp\/v2\/users\/1"}],"replies":[{"embeddable":true,"href":"https:\/\/acronoticias.com\/index.php\/wp-json\/wp\/v2\/comments?post=37542"}],"version-history":[{"count":0,"href":"https:\/\/acronoticias.com\/index.php\/wp-json\/wp\/v2\/posts\/37542\/revisions"}],"wp:featuredmedia":[{"embeddable":true,"href":"https:\/\/acronoticias.com\/index.php\/wp-json\/wp\/v2\/media\/37543"}],"wp:attachment":[{"href":"https:\/\/acronoticias.com\/index.php\/wp-json\/wp\/v2\/media?parent=37542"}],"wp:term":[{"taxonomy":"category","embeddable":true,"href":"https:\/\/acronoticias.com\/index.php\/wp-json\/wp\/v2\/categories?post=37542"},{"taxonomy":"post_tag","embeddable":true,"href":"https:\/\/acronoticias.com\/index.php\/wp-json\/wp\/v2\/tags?post=37542"}],"curies":[{"name":"wp","href":"https:\/\/api.w.org\/{rel}","templated":true}]}}