{"id":37538,"date":"2026-04-28T03:53:35","date_gmt":"2026-04-28T03:53:35","guid":{"rendered":"https:\/\/acronoticias.com\/index.php\/2026\/04\/28\/reportan-averia-mantiene-a-oscuras-varias-viviendas-del-sector-palmarito-en-barahona\/"},"modified":"2026-04-28T03:53:35","modified_gmt":"2026-04-28T03:53:35","slug":"reportan-averia-mantiene-a-oscuras-varias-viviendas-del-sector-palmarito-en-barahona","status":"publish","type":"post","link":"https:\/\/acronoticias.com\/index.php\/2026\/04\/28\/reportan-averia-mantiene-a-oscuras-varias-viviendas-del-sector-palmarito-en-barahona\/","title":{"rendered":"Reportan aver\u00eda mantiene a oscuras varias viviendas del sector Palmarito en Barahona"},"content":{"rendered":"<p><img decoding=\"async\" width=\"355\" height=\"200\" src=\"https:\/\/nuevodiario-assets.s3.us-east-2.amazonaws.com\/wp-content\/uploads\/2026\/04\/image-2026-04-27T232944.966-355x200.jpg\" class=\"webfeedsFeaturedVisual not-transparent wp-post-image\" alt=\"\" style=\"--dominant-color: #1e1e1a;margin-bottom: 5px;clear:both;max-width: 100%\" loading=\"lazy\" data-has-transparency=\"false\" data-dominant-color=\"1e1e1a\" \/><\/p>\n<p>&nbsp;<\/p>\n<p>EL NUEVO DIARIO, BARAHONA<strong>.\u2013<\/strong> Residentes del sector Palmarito denunciaron que llevan cuatro d\u00edas enfrentando una aver\u00eda en el servicio el\u00e9ctrico, situaci\u00f3n que ha afectado de manera desigual a varias viviendas de la comunidad.<\/p>\n<p>Los comunitarios indicaron que la falla se origina en un problema en el cableado el\u00e9ctrico, lo que ha provocado que algunas casas permanezcan sin energ\u00eda, mientras otras reciben el servicio de forma irregular.<\/p>\n<p>Los afectados expresaron su preocupaci\u00f3n por las dificultades que esta situaci\u00f3n genera en sus actividades diarias, incluyendo la conservaci\u00f3n de alimentos, el descanso nocturno y el funcionamiento de equipos esenciales en los hogares.<\/p>\n<p>Asimismo, manifestaron su inconformidad ante la falta de respuesta por parte de la Empresa Distribuidora de Electricidad del Sur (Edesur), se\u00f1alando que, pese a m\u00faltiples reportes, la aver\u00eda a\u00fan no ha sido atendida por la entidad responsable.<\/p>\n<p>En ese sentido, los residentes responsabilizaron a la gerencia de Edesur de lo que pudiera ocurrir en una de las viviendas afectadas, advirtiendo sobre posibles riesgos si no se soluciona el problema con prontitud.<\/p>\n<p>La entrada <a href=\"https:\/\/elnuevodiario.com.do\/reportan-averia-mantiene-a-oscuras-varias-viviendas-del-sector-palmarito-en-barahona\/\">Reportan aver\u00eda mantiene a oscuras varias viviendas del sector Palmarito en Barahona<\/a> se public\u00f3 primero en <a href=\"https:\/\/elnuevodiario.com.do\">El Nuevo Diario (Rep\u00fablica Dominicana)<\/a>.<\/p>\n","protected":false},"excerpt":{"rendered":"<p>&nbsp; EL NUEVO DIARIO, BARAHONA.\u2013 Residentes del sector Palmarito denunciaron que llevan cuatro d\u00edas enfrentando una aver\u00eda en el servicio el\u00e9ctrico, situaci\u00f3n que ha afectado de manera desigual a varias viviendas de la comunidad. Los comunitarios indicaron que la falla se origina en un problema en el cableado el\u00e9ctrico, lo que ha provocado que algunas<\/p>\n","protected":false},"author":1,"featured_media":37539,"comment_status":"open","ping_status":"open","sticky":false,"template":"","format":"standard","meta":{"footnotes":""},"categories":[1],"tags":[],"class_list":["post-37538","post","type-post","status-publish","format-standard","has-post-thumbnail","hentry","category-nacionales"],"_links":{"self":[{"href":"https:\/\/acronoticias.com\/index.php\/wp-json\/wp\/v2\/posts\/37538","targetHints":{"allow":["GET"]}}],"collection":[{"href":"https:\/\/acronoticias.com\/index.php\/wp-json\/wp\/v2\/posts"}],"about":[{"href":"https:\/\/acronoticias.com\/index.php\/wp-json\/wp\/v2\/types\/post"}],"author":[{"embeddable":true,"href":"https:\/\/acronoticias.com\/index.php\/wp-json\/wp\/v2\/users\/1"}],"replies":[{"embeddable":true,"href":"https:\/\/acronoticias.com\/index.php\/wp-json\/wp\/v2\/comments?post=37538"}],"version-history":[{"count":0,"href":"https:\/\/acronoticias.com\/index.php\/wp-json\/wp\/v2\/posts\/37538\/revisions"}],"wp:featuredmedia":[{"embeddable":true,"href":"https:\/\/acronoticias.com\/index.php\/wp-json\/wp\/v2\/media\/37539"}],"wp:attachment":[{"href":"https:\/\/acronoticias.com\/index.php\/wp-json\/wp\/v2\/media?parent=37538"}],"wp:term":[{"taxonomy":"category","embeddable":true,"href":"https:\/\/acronoticias.com\/index.php\/wp-json\/wp\/v2\/categories?post=37538"},{"taxonomy":"post_tag","embeddable":true,"href":"https:\/\/acronoticias.com\/index.php\/wp-json\/wp\/v2\/tags?post=37538"}],"curies":[{"name":"wp","href":"https:\/\/api.w.org\/{rel}","templated":true}]}}