{"id":37536,"date":"2026-04-28T03:37:55","date_gmt":"2026-04-28T03:37:55","guid":{"rendered":"https:\/\/acronoticias.com\/index.php\/2026\/04\/28\/inauguran-renovacion-del-frente-costero-de-playa-sosua-con-inversion-superior-a-rd568-millones\/"},"modified":"2026-04-28T03:37:55","modified_gmt":"2026-04-28T03:37:55","slug":"inauguran-renovacion-del-frente-costero-de-playa-sosua-con-inversion-superior-a-rd568-millones","status":"publish","type":"post","link":"https:\/\/acronoticias.com\/index.php\/2026\/04\/28\/inauguran-renovacion-del-frente-costero-de-playa-sosua-con-inversion-superior-a-rd568-millones\/","title":{"rendered":"Inauguran renovaci\u00f3n del frente costero de Playa Sos\u00faa con inversi\u00f3n superior a RD$568 millones"},"content":{"rendered":"<p><img decoding=\"async\" width=\"355\" height=\"200\" src=\"https:\/\/nuevodiario-assets.s3.us-east-2.amazonaws.com\/wp-content\/uploads\/2026\/04\/Inauguran-renovacion-del-frente-costero-de-Playa-Sosua-con-inversion-superior-a-RD568-millones-355x200.jpeg\" class=\"webfeedsFeaturedVisual not-transparent wp-post-image\" alt=\"\" style=\"--dominant-color: #7a8998;margin-bottom: 5px;clear:both;max-width: 100%\" loading=\"lazy\" data-has-transparency=\"false\" data-dominant-color=\"7a8998\" \/><\/p>\n<p>EL NUEVO DIARIO, PUERTO PLATA.- El presidente <span class=\"hover:entity-accent entity-underline inline cursor-pointer align-baseline\"><span class=\"whitespace-normal\">Luis Abinader<\/span><\/span> y el ministro de Turismo, <span class=\"hover:entity-accent entity-underline inline cursor-pointer align-baseline\"><span class=\"whitespace-normal\">David Collado<\/span><\/span>, encabezaron la inauguraci\u00f3n del proyecto de mejoramiento del frente costero de <span class=\"hover:entity-accent entity-underline inline cursor-pointer align-baseline\"><span class=\"whitespace-normal\">Playa Sos\u00faa<\/span><\/span>, que incluye una moderna plaza de vendedores, con una inversi\u00f3n de RD$568,010,779.<\/p>\n<section class=\"text-token-text-primary w-full focus:outline-none [--shadow-height:45px] has-data-writing-block:pointer-events-none has-data-writing-block:-mt-(--shadow-height) has-data-writing-block:pt-(--shadow-height) [&amp;:has([data-writing-block])&gt;*]:pointer-events-auto [content-visibility:auto] supports-[content-visibility:auto]:[contain-intrinsic-size:auto_100lvh] R6Vx5W_threadScrollVars scroll-mb-[calc(var(--scroll-root-safe-area-inset-bottom,0px)+var(--thread-response-height))] scroll-mt-[calc(var(--header-height)+min(200px,max(70px,20svh)))]\" dir=\"auto\" data-turn-id=\"request-WEB:ff4b6329-c929-454a-b774-a6fca5b482a0-26\" data-testid=\"conversation-turn-54\" data-scroll-anchor=\"false\" data-turn=\"assistant\">\n<div class=\"text-base my-auto mx-auto pb-10 [--thread-content-margin:var(--thread-content-margin-xs,calc(var(--spacing)*4))] @w-sm\/main:[--thread-content-margin:var(--thread-content-margin-sm,calc(var(--spacing)*6))] @w-lg\/main:[--thread-content-margin:var(--thread-content-margin-lg,calc(var(--spacing)*16))] px-(--thread-content-margin)\">\n<div class=\"[--thread-content-max-width:40rem] @w-lg\/main:[--thread-content-max-width:48rem] mx-auto max-w-(--thread-content-max-width) flex-1 group\/turn-messages focus-visible:outline-hidden relative flex w-full min-w-0 flex-col agent-turn\">\n<div class=\"flex max-w-full flex-col gap-4 grow\">\n<div class=\"min-h-8 text-message relative flex w-full flex-col items-end gap-2 text-start break-words whitespace-normal outline-none keyboard-focused:focus-ring [.text-message+&amp;]:mt-1\" dir=\"auto\" data-message-author-role=\"assistant\" data-message-id=\"932e9287-a0d6-4bcc-99ba-ddc00eac262b\" data-message-model-slug=\"gpt-5-3\" data-turn-start-message=\"true\">\n<div class=\"flex w-full flex-col gap-1 empty:hidden\">\n<div class=\"markdown prose dark:prose-invert w-full wrap-break-word light markdown-new-styling\">\n<p data-start=\"318\" data-end=\"589\">La intervenci\u00f3n abarca una superficie de 15,000 metros cuadrados e incorpora un total de 79 locales comerciales, distribuidos en siete niveles de terrazas dise\u00f1adas para integrar el espacio p\u00fablico con el entorno y dinamizar la actividad tur\u00edstica y econ\u00f3mica de la zona.<\/p>\n<p data-start=\"591\" data-end=\"785\">La oferta comercial est\u00e1 compuesta por 57 locales destinados a la preparaci\u00f3n y venta de alimentos, 16 para artesan\u00eda y art\u00edculos de regalo, as\u00ed como dos bares y cuatro quioscos de menor escala.<\/p>\n<p data-start=\"787\" data-end=\"1024\">Durante el acto, el ministro Collado destac\u00f3 que la obra transforma de manera significativa el frente marino de Sos\u00faa y tendr\u00e1 un impacto relevante tanto para turistas nacionales como internacionales, al fortalecer la oferta del destino.<\/p>\n<p data-start=\"1026\" data-end=\"1256\">El proyecto tambi\u00e9n incluye espacios de uso comunitario como un parque, gimnasio al aire libre, ba\u00f1os p\u00fablicos y \u00e1reas de recreaci\u00f3n, con el objetivo de promover el aprovechamiento del espacio por parte de residentes y visitantes.<\/p>\n<p data-start=\"1258\" data-end=\"1510\">Los locales fueron equipados con estufas, refrigeradores, extractores y fregaderos, mientras que las terrazas cuentan con barandas de seguridad. Asimismo, se incorpor\u00f3 mobiliario exterior como mesas, sillas, taburetes y m\u00f3dulos para manejo de desechos.<\/p>\n<p data-start=\"1512\" data-end=\"1652\">Representantes de la asociaci\u00f3n de vendedores valoraron la ejecuci\u00f3n del proyecto y destacaron el proceso llevado a cabo para su desarrollo.<\/p>\n<p data-start=\"1654\" data-end=\"1761\" data-is-last-node=\"\" data-is-only-node=\"\">\n<\/div>\n<\/div>\n<\/div>\n<\/div>\n<div class=\"z-0 flex min-h-[46px] justify-start\"><\/div>\n<div class=\"mt-3 w-full empty:hidden\">\n<div class=\"text-center\"><\/div>\n<\/div>\n<\/div>\n<\/div>\n<\/section>\n<div class=\"pointer-events-none -mt-px h-px translate-y-[calc(var(--scroll-root-safe-area-inset-bottom)-14*var(--spacing))]\" aria-hidden=\"true\"><\/div>\n<p>&nbsp;<\/p>\n<p>&nbsp;<\/p>\n<p>La entrada <a href=\"https:\/\/elnuevodiario.com.do\/inauguran-renovacion-del-frente-costero-de-playa-sosua-con-inversion-superior-a-rd568-millones\/\">Inauguran renovaci\u00f3n del frente costero de Playa Sos\u00faa con inversi\u00f3n superior a RD$568 millones<\/a> se public\u00f3 primero en <a href=\"https:\/\/elnuevodiario.com.do\">El Nuevo Diario (Rep\u00fablica Dominicana)<\/a>.<\/p>\n","protected":false},"excerpt":{"rendered":"<p>EL NUEVO DIARIO, PUERTO PLATA.- El presidente Luis Abinader y el ministro de Turismo, David Collado, encabezaron la inauguraci\u00f3n del proyecto de mejoramiento del frente costero de Playa Sos\u00faa, que incluye una moderna plaza de vendedores, con una inversi\u00f3n de RD$568,010,779. La intervenci\u00f3n abarca una superficie de 15,000 metros cuadrados e incorpora un total de<\/p>\n","protected":false},"author":1,"featured_media":37537,"comment_status":"open","ping_status":"open","sticky":false,"template":"","format":"standard","meta":{"footnotes":""},"categories":[1],"tags":[],"class_list":["post-37536","post","type-post","status-publish","format-standard","has-post-thumbnail","hentry","category-nacionales"],"_links":{"self":[{"href":"https:\/\/acronoticias.com\/index.php\/wp-json\/wp\/v2\/posts\/37536","targetHints":{"allow":["GET"]}}],"collection":[{"href":"https:\/\/acronoticias.com\/index.php\/wp-json\/wp\/v2\/posts"}],"about":[{"href":"https:\/\/acronoticias.com\/index.php\/wp-json\/wp\/v2\/types\/post"}],"author":[{"embeddable":true,"href":"https:\/\/acronoticias.com\/index.php\/wp-json\/wp\/v2\/users\/1"}],"replies":[{"embeddable":true,"href":"https:\/\/acronoticias.com\/index.php\/wp-json\/wp\/v2\/comments?post=37536"}],"version-history":[{"count":0,"href":"https:\/\/acronoticias.com\/index.php\/wp-json\/wp\/v2\/posts\/37536\/revisions"}],"wp:featuredmedia":[{"embeddable":true,"href":"https:\/\/acronoticias.com\/index.php\/wp-json\/wp\/v2\/media\/37537"}],"wp:attachment":[{"href":"https:\/\/acronoticias.com\/index.php\/wp-json\/wp\/v2\/media?parent=37536"}],"wp:term":[{"taxonomy":"category","embeddable":true,"href":"https:\/\/acronoticias.com\/index.php\/wp-json\/wp\/v2\/categories?post=37536"},{"taxonomy":"post_tag","embeddable":true,"href":"https:\/\/acronoticias.com\/index.php\/wp-json\/wp\/v2\/tags?post=37536"}],"curies":[{"name":"wp","href":"https:\/\/api.w.org\/{rel}","templated":true}]}}