{"id":37528,"date":"2026-04-28T03:05:33","date_gmt":"2026-04-28T03:05:33","guid":{"rendered":"https:\/\/acronoticias.com\/index.php\/2026\/04\/28\/eted-impulsa-jornada-de-seguridad-laboral-para-fortalecer-bienestar-y-prevenir-riesgos-en-sector-electrico\/"},"modified":"2026-04-28T03:05:33","modified_gmt":"2026-04-28T03:05:33","slug":"eted-impulsa-jornada-de-seguridad-laboral-para-fortalecer-bienestar-y-prevenir-riesgos-en-sector-electrico","status":"publish","type":"post","link":"https:\/\/acronoticias.com\/index.php\/2026\/04\/28\/eted-impulsa-jornada-de-seguridad-laboral-para-fortalecer-bienestar-y-prevenir-riesgos-en-sector-electrico\/","title":{"rendered":"ETED impulsa jornada de seguridad laboral para fortalecer bienestar y prevenir riesgos en sector el\u00e9ctrico"},"content":{"rendered":"<p><img decoding=\"async\" width=\"355\" height=\"200\" src=\"https:\/\/nuevodiario-assets.s3.us-east-2.amazonaws.com\/wp-content\/uploads\/2026\/04\/ETED-impulsa-jornada-de-seguridad-laboral-para-fortalecer-bienestar-y-prevenir-riesgos-en-sector-electrico-3-355x200.jpeg\" class=\"webfeedsFeaturedVisual not-transparent wp-post-image\" alt=\"\" style=\"--dominant-color: #918c91;margin-bottom: 5px;clear:both;max-width: 100%\" loading=\"lazy\" data-has-transparency=\"false\" data-dominant-color=\"918c91\" \/><\/p>\n<section class=\"text-token-text-primary w-full focus:outline-none [--shadow-height:45px] has-data-writing-block:pointer-events-none has-data-writing-block:-mt-(--shadow-height) has-data-writing-block:pt-(--shadow-height) [&amp;:has([data-writing-block])&gt;*]:pointer-events-auto [content-visibility:auto] supports-[content-visibility:auto]:[contain-intrinsic-size:auto_100lvh] R6Vx5W_threadScrollVars scroll-mb-[calc(var(--scroll-root-safe-area-inset-bottom,0px)+var(--thread-response-height))] scroll-mt-[calc(var(--header-height)+min(200px,max(70px,20svh)))]\" dir=\"auto\" data-turn-id=\"request-WEB:ff4b6329-c929-454a-b774-a6fca5b482a0-30\" data-testid=\"conversation-turn-62\" data-scroll-anchor=\"false\" data-turn=\"assistant\">\n<div class=\"text-base my-auto mx-auto pb-10 [--thread-content-margin:var(--thread-content-margin-xs,calc(var(--spacing)*4))] @w-sm\/main:[--thread-content-margin:var(--thread-content-margin-sm,calc(var(--spacing)*6))] @w-lg\/main:[--thread-content-margin:var(--thread-content-margin-lg,calc(var(--spacing)*16))] px-(--thread-content-margin)\">\n<div class=\"[--thread-content-max-width:40rem] @w-lg\/main:[--thread-content-max-width:48rem] mx-auto max-w-(--thread-content-max-width) flex-1 group\/turn-messages focus-visible:outline-hidden relative flex w-full min-w-0 flex-col agent-turn\">\n<div class=\"flex max-w-full flex-col gap-4 grow\">\n<div class=\"min-h-8 text-message relative flex w-full flex-col items-end gap-2 text-start break-words whitespace-normal outline-none keyboard-focused:focus-ring [.text-message+&amp;]:mt-1\" dir=\"auto\" data-message-author-role=\"assistant\" data-message-id=\"e07505f7-5778-4a55-aa3a-e63bafdae832\" data-message-model-slug=\"gpt-5-3\" data-turn-start-message=\"true\">\n<div class=\"flex w-full flex-col gap-1 empty:hidden\">\n<div class=\"markdown prose dark:prose-invert w-full wrap-break-word light markdown-new-styling\">\n<p data-start=\"0\" data-end=\"274\">EL NUEVO DIARIO, SANTO DOMINGO.- La <span class=\"hover:entity-accent entity-underline inline cursor-pointer align-baseline\"><span class=\"whitespace-normal\">Empresa de Transmisi\u00f3n El\u00e9ctrica Dominicana (ETED)<\/span><\/span> desarrolla la Semana de la Seguridad y Salud en el Trabajo 2026, en el marco del <span class=\"hover:entity-accent entity-underline inline cursor-pointer align-baseline\"><span class=\"whitespace-normal\">D\u00eda Mundial de la Seguridad y la Salud en el Trabajo<\/span><\/span>, con el objetivo de fortalecer la prevenci\u00f3n de riesgos laborales y promover el bienestar integral de su personal.<\/p>\n<p data-start=\"276\" data-end=\"526\">La jornada institucional forma parte de la estrategia de la empresa para garantizar la confiabilidad del sistema el\u00e9ctrico nacional, destacando la importancia de la salud f\u00edsica y emocional de los colaboradores como base para la eficiencia operativa.<\/p>\n<p data-start=\"528\" data-end=\"829\">El acto inaugural fue encabezado por <span class=\"hover:entity-accent entity-underline inline cursor-pointer align-baseline\"><span class=\"whitespace-normal\">Yomayra Martin\u00f3 Soto<\/span><\/span>, asesora en Sostenibilidad y Gobernanza de la ETED, quien se\u00f1al\u00f3 que la operaci\u00f3n de infraestructuras cr\u00edticas como las redes de transmisi\u00f3n el\u00e9ctrica requiere una gesti\u00f3n enfocada en altos est\u00e1ndares de seguridad y bienestar.<\/p>\n<p><a href=\"https:\/\/elnuevodiario.com.do\/eted-impulsa-jornada-de-seguridad-laboral-para-fortalecer-bienestar-y-prevenir-riesgos-en-sector-electrico\/eted-impulsa-jornada-de-seguridad-laboral-para-fortalecer-bienestar-y-prevenir-riesgos-en-sector-electrico-2\/\"><img loading=\"lazy\" decoding=\"async\" data-recalc-dims=\"1\" width=\"640\" height=\"426\" src=\"https:\/\/i0.wp.com\/nuevodiario-assets.s3.us-east-2.amazonaws.com\/wp-content\/uploads\/2026\/04\/ETED-impulsa-jornada-de-seguridad-laboral-para-fortalecer-bienestar-y-prevenir-riesgos-en-sector-electrico-2.jpeg?resize=640%2C426&#038;quality=100&#038;ssl=1\" class=\"attachment-full size-full not-transparent\" alt=\"\" data-has-transparency=\"false\" data-dominant-color=\"817c7f\" style=\"--dominant-color: #817c7f\" \/><\/a><\/p>\n<p data-start=\"831\" data-end=\"1104\">Durante la actividad, se destac\u00f3 que la seguridad y salud ocupacional forman parte de los pilares estrat\u00e9gicos de sostenibilidad de la instituci\u00f3n, m\u00e1s all\u00e1 del cumplimiento normativo, como un proceso continuo orientado a la protecci\u00f3n de la vida y la calidad del servicio.<\/p>\n<p data-start=\"1106\" data-end=\"1358\">Como parte del programa, el psiquiatra <span class=\"hover:entity-accent entity-underline inline cursor-pointer align-baseline\"><span class=\"whitespace-normal\">Jos\u00e9 Miguel Montero<\/span><\/span> ofreci\u00f3 la conferencia \u201cEl estr\u00e9s laboral y su impacto en la salud: claves gerenciales\u201d, enfocada en herramientas para el manejo del bienestar emocional en entornos laborales.<\/p>\n<p data-start=\"1360\" data-end=\"1606\">El evento cont\u00f3 adem\u00e1s con la participaci\u00f3n de <span class=\"hover:entity-accent entity-underline inline cursor-pointer align-baseline\"><span class=\"whitespace-normal\">Franklin Marte<\/span><\/span>, viceministro del Sistema de Inspecci\u00f3n y de Seguridad y Salud en el Trabajo del Ministerio de Trabajo, junto a representantes de la alta gerencia de la empresa.<\/p>\n<p><a href=\"https:\/\/elnuevodiario.com.do\/eted-impulsa-jornada-de-seguridad-laboral-para-fortalecer-bienestar-y-prevenir-riesgos-en-sector-electrico\/eted-impulsa-jornada-de-seguridad-laboral-para-fortalecer-bienestar-y-prevenir-riesgos-en-sector-electrico-1\/\"><img loading=\"lazy\" decoding=\"async\" data-recalc-dims=\"1\" width=\"640\" height=\"426\" src=\"https:\/\/i0.wp.com\/nuevodiario-assets.s3.us-east-2.amazonaws.com\/wp-content\/uploads\/2026\/04\/ETED-impulsa-jornada-de-seguridad-laboral-para-fortalecer-bienestar-y-prevenir-riesgos-en-sector-electrico-1.jpeg?resize=640%2C426&#038;quality=100&#038;ssl=1\" class=\"attachment-full size-full not-transparent\" alt=\"\" data-has-transparency=\"false\" data-dominant-color=\"655857\" style=\"--dominant-color: #655857\" \/><\/a><\/p>\n<p data-start=\"1608\" data-end=\"1841\">La agenda incluye jornadas odontol\u00f3gicas, donaci\u00f3n de sangre, charlas sobre salud mental y actividades deportivas, con el prop\u00f3sito de fomentar la prevenci\u00f3n de riesgos y fortalecer la cultura organizacional orientada a la seguridad.<\/p>\n<p data-start=\"1843\" data-end=\"2001\">Con estas iniciativas, la ETED busca consolidar pr\u00e1cticas que contribuyan a la protecci\u00f3n de su personal y a la continuidad del servicio el\u00e9ctrico en el pa\u00eds.<\/p>\n<p data-start=\"2003\" data-end=\"2124\" data-is-last-node=\"\" data-is-only-node=\"\">\n<\/div>\n<\/div>\n<\/div>\n<\/div>\n<div class=\"z-0 flex min-h-[46px] justify-start\"><\/div>\n<div class=\"mt-3 w-full empty:hidden\">\n<div class=\"text-center\"><\/div>\n<\/div>\n<\/div>\n<\/div>\n<\/section>\n<div class=\"pointer-events-none -mt-px h-px translate-y-[calc(var(--scroll-root-safe-area-inset-bottom)-14*var(--spacing))]\" aria-hidden=\"true\"><\/div>\n<p>La entrada <a href=\"https:\/\/elnuevodiario.com.do\/eted-impulsa-jornada-de-seguridad-laboral-para-fortalecer-bienestar-y-prevenir-riesgos-en-sector-electrico\/\">ETED impulsa jornada de seguridad laboral para fortalecer bienestar y prevenir riesgos en sector el\u00e9ctrico<\/a> se public\u00f3 primero en <a href=\"https:\/\/elnuevodiario.com.do\">El Nuevo Diario (Rep\u00fablica Dominicana)<\/a>.<\/p>\n","protected":false},"excerpt":{"rendered":"<p>EL NUEVO DIARIO, SANTO DOMINGO.- La Empresa de Transmisi\u00f3n El\u00e9ctrica Dominicana (ETED) desarrolla la Semana de la Seguridad y Salud en el Trabajo 2026, en el marco del D\u00eda Mundial de la Seguridad y la Salud en el Trabajo, con el objetivo de fortalecer la prevenci\u00f3n de riesgos laborales y promover el bienestar integral de<\/p>\n","protected":false},"author":1,"featured_media":37529,"comment_status":"open","ping_status":"open","sticky":false,"template":"","format":"standard","meta":{"footnotes":""},"categories":[1],"tags":[],"class_list":["post-37528","post","type-post","status-publish","format-standard","has-post-thumbnail","hentry","category-nacionales"],"_links":{"self":[{"href":"https:\/\/acronoticias.com\/index.php\/wp-json\/wp\/v2\/posts\/37528","targetHints":{"allow":["GET"]}}],"collection":[{"href":"https:\/\/acronoticias.com\/index.php\/wp-json\/wp\/v2\/posts"}],"about":[{"href":"https:\/\/acronoticias.com\/index.php\/wp-json\/wp\/v2\/types\/post"}],"author":[{"embeddable":true,"href":"https:\/\/acronoticias.com\/index.php\/wp-json\/wp\/v2\/users\/1"}],"replies":[{"embeddable":true,"href":"https:\/\/acronoticias.com\/index.php\/wp-json\/wp\/v2\/comments?post=37528"}],"version-history":[{"count":0,"href":"https:\/\/acronoticias.com\/index.php\/wp-json\/wp\/v2\/posts\/37528\/revisions"}],"wp:featuredmedia":[{"embeddable":true,"href":"https:\/\/acronoticias.com\/index.php\/wp-json\/wp\/v2\/media\/37529"}],"wp:attachment":[{"href":"https:\/\/acronoticias.com\/index.php\/wp-json\/wp\/v2\/media?parent=37528"}],"wp:term":[{"taxonomy":"category","embeddable":true,"href":"https:\/\/acronoticias.com\/index.php\/wp-json\/wp\/v2\/categories?post=37528"},{"taxonomy":"post_tag","embeddable":true,"href":"https:\/\/acronoticias.com\/index.php\/wp-json\/wp\/v2\/tags?post=37528"}],"curies":[{"name":"wp","href":"https:\/\/api.w.org\/{rel}","templated":true}]}}