{"id":37526,"date":"2026-04-28T02:48:34","date_gmt":"2026-04-28T02:48:34","guid":{"rendered":"https:\/\/acronoticias.com\/index.php\/2026\/04\/28\/canciller-de-espana-llega-a-rd-en-segunda-parada-de-su-gira-por-america-latina\/"},"modified":"2026-04-28T02:48:34","modified_gmt":"2026-04-28T02:48:34","slug":"canciller-de-espana-llega-a-rd-en-segunda-parada-de-su-gira-por-america-latina","status":"publish","type":"post","link":"https:\/\/acronoticias.com\/index.php\/2026\/04\/28\/canciller-de-espana-llega-a-rd-en-segunda-parada-de-su-gira-por-america-latina\/","title":{"rendered":"Canciller de Espa\u00f1a llega a RD en segunda parada de su gira por Am\u00e9rica Latina"},"content":{"rendered":"<p><img decoding=\"async\" width=\"355\" height=\"200\" src=\"https:\/\/nuevodiario-assets.s3.us-east-2.amazonaws.com\/wp-content\/uploads\/2026\/04\/Canciller-de-Espana-llega-a-RD-en-segunda-parada-de-su-gira-por-America-Latina-2-355x200.jpg\" class=\"webfeedsFeaturedVisual not-transparent wp-post-image\" alt=\"\" style=\"--dominant-color: #afa199;margin-bottom: 5px;clear:both;max-width: 100%\" loading=\"lazy\" data-has-transparency=\"false\" data-dominant-color=\"afa199\" \/><\/p>\n<div class=\"px-md-0 px-2\">\n<p><span style=\"font-size: 16px\">SANTO DOMINGO.- El ministro espa\u00f1ol de Asuntos Exteriores, Jos\u00e9 Manuel Albares, lleg\u00f3 este lunes a Rep\u00fablica Dominicana, la segunda parada de una gira por Am\u00e9rica Latina.<\/span><\/p>\n<\/div>\n<div id=\"\" class=\"d-flex flex-column flex-md-row no-gutters\">\n<div class=\"col-xl-8 col-md-8 .col-sm-11 col-xs-12 detalleALL\">\n<div class=\"p-4 m-0 BOX-light \">\n<p>Albares, quien arrib\u00f3 al pa\u00eds procedente de Puerto Rico y que tambi\u00e9n visitar\u00e1 M\u00e9xico, participar\u00e1 este lunes en un encuentro empresarial en la sede de la Embajada de Espa\u00f1a en la Rep\u00fablica Dominicana.El martes continuar\u00e1 con su visita oficial en el pa\u00eds para acudir a un proyecto de cooperaci\u00f3n impulsado por la Agencia Espa\u00f1ola de Cooperaci\u00f3n Internacional al Desarrollo (AECID) y posteriormente se entrevistar\u00e1 con su hom\u00f3logo, Roberto \u00c1lvarez, con quien repasar\u00e1 los trabajos preparatorios de la Cumbre Iberoamericana de Madrid.<\/p>\n<p>La XXX Cumbre Iberoamericana de Jefes de Estado y de Gobierno se celebrar\u00e1 en la capital espa\u00f1ola los d\u00edas 4 y 5 de noviembre de 2026, bajo el lema: &#8216;Iberoam\u00e9rica. Juntos construimos nuestra Comunidad. Juntos la proyectamos hacia el futuro y hacia el mundo&#8217; .<\/p>\n<p><img decoding=\"async\" data-recalc-dims=\"1\" data-dominant-color=\"7f7566\" data-has-transparency=\"false\" style=\"--dominant-color: #7f7566\" loading=\"lazy\" class=\"alignnone size-full wp-image-3099539 not-transparent\" src=\"https:\/\/i0.wp.com\/nuevodiario-assets.s3.us-east-2.amazonaws.com\/wp-content\/uploads\/2026\/04\/Canciller-de-Espana-llega-a-RD-en-segunda-parada-de-su-gira-por-America-Latina-1.jpg?resize=640%2C426&#038;quality=100&#038;ssl=1\" alt=\"\" width=\"640\" height=\"426\" \/><\/p>\n<p>Esta visita a Santo Domingo \u00abse realiza en reciprocidad al encuentro sostenido por ambos cancilleres en Madrid, en mayo de 2025, y da seguimiento a los compromisos de trabajo acordados en esa ocasi\u00f3n\u00bb, destac\u00f3 la Canciller\u00eda dominicana en un comunicado.<\/p>\n<p>Rep\u00fablica Dominicana y Espa\u00f1a \u00abmantienen relaciones diplom\u00e1ticas de larga data y una agenda de cooperaci\u00f3n en \u00e1reas de inter\u00e9s com\u00fan, en el marco de un di\u00e1logo institucional continuo y respetuoso\u00bb, agreg\u00f3 la nota.<\/p>\n<p>Espa\u00f1a lider\u00f3 el a\u00f1o pasado, con 1.086 millones de d\u00f3lares, la inversi\u00f3n extranjera directa (IED) en la Rep\u00fablica Dominicana, superando a los Estados Unidos, seg\u00fan cifras oficiales.EFE<\/p>\n<\/div>\n<\/div>\n<\/div>\n<p>La entrada <a href=\"https:\/\/elnuevodiario.com.do\/canciller-de-espana-llega-a-rd-en-segunda-parada-de-su-gira-por-america-latina\/\">Canciller de Espa\u00f1a llega a RD en segunda parada de su gira por Am\u00e9rica Latina<\/a> se public\u00f3 primero en <a href=\"https:\/\/elnuevodiario.com.do\">El Nuevo Diario (Rep\u00fablica Dominicana)<\/a>.<\/p>\n","protected":false},"excerpt":{"rendered":"<p>SANTO DOMINGO.- El ministro espa\u00f1ol de Asuntos Exteriores, Jos\u00e9 Manuel Albares, lleg\u00f3 este lunes a Rep\u00fablica Dominicana, la segunda parada de una gira por Am\u00e9rica Latina. Albares, quien arrib\u00f3 al pa\u00eds procedente de Puerto Rico y que tambi\u00e9n visitar\u00e1 M\u00e9xico, participar\u00e1 este lunes en un encuentro empresarial en la sede de la Embajada de Espa\u00f1a<\/p>\n","protected":false},"author":1,"featured_media":37527,"comment_status":"open","ping_status":"open","sticky":false,"template":"","format":"standard","meta":{"footnotes":""},"categories":[1],"tags":[],"class_list":["post-37526","post","type-post","status-publish","format-standard","has-post-thumbnail","hentry","category-nacionales"],"_links":{"self":[{"href":"https:\/\/acronoticias.com\/index.php\/wp-json\/wp\/v2\/posts\/37526","targetHints":{"allow":["GET"]}}],"collection":[{"href":"https:\/\/acronoticias.com\/index.php\/wp-json\/wp\/v2\/posts"}],"about":[{"href":"https:\/\/acronoticias.com\/index.php\/wp-json\/wp\/v2\/types\/post"}],"author":[{"embeddable":true,"href":"https:\/\/acronoticias.com\/index.php\/wp-json\/wp\/v2\/users\/1"}],"replies":[{"embeddable":true,"href":"https:\/\/acronoticias.com\/index.php\/wp-json\/wp\/v2\/comments?post=37526"}],"version-history":[{"count":0,"href":"https:\/\/acronoticias.com\/index.php\/wp-json\/wp\/v2\/posts\/37526\/revisions"}],"wp:featuredmedia":[{"embeddable":true,"href":"https:\/\/acronoticias.com\/index.php\/wp-json\/wp\/v2\/media\/37527"}],"wp:attachment":[{"href":"https:\/\/acronoticias.com\/index.php\/wp-json\/wp\/v2\/media?parent=37526"}],"wp:term":[{"taxonomy":"category","embeddable":true,"href":"https:\/\/acronoticias.com\/index.php\/wp-json\/wp\/v2\/categories?post=37526"},{"taxonomy":"post_tag","embeddable":true,"href":"https:\/\/acronoticias.com\/index.php\/wp-json\/wp\/v2\/tags?post=37526"}],"curies":[{"name":"wp","href":"https:\/\/api.w.org\/{rel}","templated":true}]}}