{"id":37522,"date":"2026-04-28T02:31:22","date_gmt":"2026-04-28T02:31:22","guid":{"rendered":"https:\/\/acronoticias.com\/index.php\/2026\/04\/28\/oneil-cruz-fue-baja-a-ultima-hora-ante-los-cardenales-debido-a-una-enfermedad\/"},"modified":"2026-04-28T02:31:22","modified_gmt":"2026-04-28T02:31:22","slug":"oneil-cruz-fue-baja-a-ultima-hora-ante-los-cardenales-debido-a-una-enfermedad","status":"publish","type":"post","link":"https:\/\/acronoticias.com\/index.php\/2026\/04\/28\/oneil-cruz-fue-baja-a-ultima-hora-ante-los-cardenales-debido-a-una-enfermedad\/","title":{"rendered":"Oneil Cruz fue baja a \u00faltima hora ante los Cardenales debido a una enfermedad"},"content":{"rendered":"<p><img loading=\"lazy\" decoding=\"async\" width=\"355\" height=\"200\" src=\"https:\/\/nuevodiario-assets.s3.us-east-2.amazonaws.com\/wp-content\/uploads\/2026\/04\/aaegldxsoyzfpr86hqcis-355x200.jpg\" class=\"webfeedsFeaturedVisual not-transparent wp-post-image\" alt=\"\" style=\"--dominant-color: #3a2834;margin-bottom: 5px;clear:both;max-width: 100%\" data-has-transparency=\"false\" data-dominant-color=\"3a2834\" \/><\/p>\n<p>EL NUEVO DIARIO, PITTSBURGH.- El jardinero central de los Piratas de Pittsburgh, Oneil Cruz, fue descartado a \u00faltima hora de la alineaci\u00f3n titular del partido del lunes por la noche contra los Cardenales de San Luis debido a una enfermedad, seg\u00fan un reporte de AP.<\/p>\n<p>Jake Mangum fue titular en lugar de Cruz.<\/p>\n<p>Cruz tiene un promedio de bateo de .259 con ocho jonrones y 10 bases robadas en 27 juegos.<\/p>\n<p>La entrada <a href=\"https:\/\/elnuevodiario.com.do\/oneil-cruz-fue-baja-a-ultima-hora-ante-los-cardenales-debido-a-una-enfermedad\/\">Oneil Cruz fue baja a \u00faltima hora ante los Cardenales debido a una enfermedad<\/a> se public\u00f3 primero en <a href=\"https:\/\/elnuevodiario.com.do\">El Nuevo Diario (Rep\u00fablica Dominicana)<\/a>.<\/p>\n","protected":false},"excerpt":{"rendered":"<p>EL NUEVO DIARIO, PITTSBURGH.- El jardinero central de los Piratas de Pittsburgh, Oneil Cruz, fue descartado a \u00faltima hora de la alineaci\u00f3n titular del partido del lunes por la noche contra los Cardenales de San Luis debido a una enfermedad, seg\u00fan un reporte de AP. Jake Mangum fue titular en lugar de Cruz. Cruz tiene<\/p>\n","protected":false},"author":1,"featured_media":37523,"comment_status":"open","ping_status":"open","sticky":false,"template":"","format":"standard","meta":{"footnotes":""},"categories":[2],"tags":[],"class_list":["post-37522","post","type-post","status-publish","format-standard","has-post-thumbnail","hentry","category-deporte"],"_links":{"self":[{"href":"https:\/\/acronoticias.com\/index.php\/wp-json\/wp\/v2\/posts\/37522","targetHints":{"allow":["GET"]}}],"collection":[{"href":"https:\/\/acronoticias.com\/index.php\/wp-json\/wp\/v2\/posts"}],"about":[{"href":"https:\/\/acronoticias.com\/index.php\/wp-json\/wp\/v2\/types\/post"}],"author":[{"embeddable":true,"href":"https:\/\/acronoticias.com\/index.php\/wp-json\/wp\/v2\/users\/1"}],"replies":[{"embeddable":true,"href":"https:\/\/acronoticias.com\/index.php\/wp-json\/wp\/v2\/comments?post=37522"}],"version-history":[{"count":0,"href":"https:\/\/acronoticias.com\/index.php\/wp-json\/wp\/v2\/posts\/37522\/revisions"}],"wp:featuredmedia":[{"embeddable":true,"href":"https:\/\/acronoticias.com\/index.php\/wp-json\/wp\/v2\/media\/37523"}],"wp:attachment":[{"href":"https:\/\/acronoticias.com\/index.php\/wp-json\/wp\/v2\/media?parent=37522"}],"wp:term":[{"taxonomy":"category","embeddable":true,"href":"https:\/\/acronoticias.com\/index.php\/wp-json\/wp\/v2\/categories?post=37522"},{"taxonomy":"post_tag","embeddable":true,"href":"https:\/\/acronoticias.com\/index.php\/wp-json\/wp\/v2\/tags?post=37522"}],"curies":[{"name":"wp","href":"https:\/\/api.w.org\/{rel}","templated":true}]}}