{"id":37521,"date":"2026-04-28T02:17:43","date_gmt":"2026-04-28T02:17:43","guid":{"rendered":"https:\/\/acronoticias.com\/index.php\/2026\/04\/28\/la-comunidad-colombiana-de-la-pedregosa-despide-a-los-muertos-en-ataque-de-la-panamericana\/"},"modified":"2026-04-28T02:17:43","modified_gmt":"2026-04-28T02:17:43","slug":"la-comunidad-colombiana-de-la-pedregosa-despide-a-los-muertos-en-ataque-de-la-panamericana","status":"publish","type":"post","link":"https:\/\/acronoticias.com\/index.php\/2026\/04\/28\/la-comunidad-colombiana-de-la-pedregosa-despide-a-los-muertos-en-ataque-de-la-panamericana\/","title":{"rendered":"La comunidad colombiana de La Pedregosa despide a los muertos en ataque de la Panamericana"},"content":{"rendered":"<p>Una caravana de motociclistas y el aplauso de los vecinos al borde del camino acompa\u00f1aron este lunes los primeros actos f\u00fanebres de las v\u00edctimas del atentado del s\u00e1bado en la <strong>V\u00eda Panamericana<\/strong>, suroeste de <strong>Colombia<\/strong>, donde la comunidad de <strong>La Pedregosa<\/strong> acompa\u00f1\u00f3 a los fallecidos por la explosi\u00f3n de una bomba atribuida a disidentes de las <strong>FARC<\/strong>.<\/p>\n<h3 class=\"wp-block-heading\">Despedida en Cajib\u00edo<\/h3>\n<p>En la zona rural del municipio de <strong>Cajib\u00edo<\/strong>, en el departamento del <strong>Cauca<\/strong>, los f\u00e9retros fueron cargados a hombros por familiares y amigos de los veinte civiles asesinados en el ataque en el sector conocido como <strong>El T\u00fanel<\/strong>.<\/p>\n<p>La comunidad, acongojada por la tragedia, atraves\u00f3 caminos de tierra entre casas dispersas, mientras agitaban banderas y globos blancos en se\u00f1al de <strong>respeto a la violencia.<\/strong><\/p>\n<p>Para nosotros es muy duro lo que estamos viviendo (&#8230;) Han asesinado a gente buena, trabajadora, que no ten\u00eda nada que ver con esta guerra\u00bb, dijo a <strong>EFE<\/strong> la l\u00edder campesina <strong>Ana Luz Valencia<\/strong>, habitante de la aldea <strong>La Pedregosa<\/strong>, de donde era la mayor\u00eda de las v\u00edctimas del atentado.<\/p>\n<h3 class=\"wp-block-heading\">Historias de las v\u00edctimas<\/h3>\n<p>Entre los fallecidos est\u00e1 <strong>Daniela Valencia Ol\u00edn<\/strong>, una joven madre que dej\u00f3 una ni\u00f1a de ocho a\u00f1os y que, seg\u00fan <strong>Valencia<\/strong>, era una mujer \u00abluchadora, solidaria y comprometida con la comunidad\u00bb, donde participaba en procesos organizativos y en la escuela local.<\/p>\n<figure class=\"wp-block-image size-full is-resized\"><img loading=\"lazy\" decoding=\"async\" width=\"1920\" height=\"1280\" src=\"https:\/\/multimedia.noticiassin.com\/wp-content\/uploads\/2026\/04\/la-comunidad-colombiana-de-la-pedregosa-despide-a-los-muertos-en-ataque-de-la-pa-20260428-020939-Q5lw.avif\" alt=\"\" class=\"wp-image-1987502\" style=\"width:512px;height:auto\" \/><\/figure>\n<h3 class=\"wp-block-heading\">Adi\u00f3s al transportista de la comunidad<\/h3>\n<ul class=\"wp-block-list\">\n<li>Tambi\u00e9n muri\u00f3 <strong>Jos\u00e9 Ciro Puliche<\/strong>, dirigente comunitario y conductor de la chiva, un autob\u00fas rural t\u00edpico de <strong>Colombia<\/strong>, conocido como bus escalera, veh\u00edculo que se parti\u00f3 en dos tras recibir el mayor impacto de la bomba.<\/li>\n<\/ul>\n<p>Durante d\u00e9cadas, <strong>Puliche<\/strong> recorri\u00f3 los caser\u00edos de la zona transportando campesinos y sus productos hacia los mercados locales. Hoy, en su despedida, otra chiva como la suya llevaba sobre el cap\u00f3 una bandera blanca con la inscripci\u00f3n: <strong>La Pedregosa<\/strong>, territorio de paz.<\/p>\n<p>Su hijastro, <strong>Juli\u00e1n Valencia<\/strong>, recuerda a <strong>EFE<\/strong> el momento en que recibi\u00f3 la noticia mientras trabajaba el s\u00e1bado: \u00abFue algo muy duro. Me llamaron y me dijeron que hab\u00eda tenido un accidente, pero cuando llegu\u00e9 y vi la escena entend\u00ed la magnitud de lo que hab\u00eda pasado\u00bb, cuenta.<\/p>\n<p>Uno siempre guarda la esperanza de que no sea, de que est\u00e9 herido o en un hospital, pero cuando lo vi, supe que s\u00ed era \u00e9l\u00bb, relata al confesar que reconocer el cuerpo de su padrastro fue<strong> \u00abel momento m\u00e1s dif\u00edcil\u00bb.<\/strong><\/p>\n<p>Durante m\u00e1s de 30 a\u00f1os, Puliche condujo su chiva por rutas rurales entre <strong>La Pedregosa<\/strong> y el casco urbano de <strong>Cajib\u00edo<\/strong>, movilizando a campesinos que llevaban caf\u00e9, panela o frutas para vender en los mercados cercanos.<\/p>\n<p>En las viviendas de <strong>La Pedregosa<\/strong>, los velatorios se realizan en medio de flores, velas encendidas y fotograf\u00edas que recuerdan a las v\u00edctimas, mientras los vecinos entran y salen en silencio de las viviendas, acompa\u00f1ando a las familias.<\/p>\n<p>Mientras tanto, afuera, en los caminos, el pueblo intenta seguir la vida, pero marcada por el duelo de una comunidad que perdi\u00f3 a varios de sus l\u00edderes, trabajadores y conocidos en uno de los hechos <strong>m\u00e1s violentos ocurridos en el pa\u00eds en los \u00faltimos a\u00f1os.<\/strong><\/p>\n<h3 class=\"wp-block-heading\">Autor\u00eda del atentado<\/h3>\n<p>Las autoridades colombianas atribuyeron la autor\u00eda del atentado a las disidencias de las <strong>FARC<\/strong>, lideradas por alias Iv\u00e1n Mordisco, el hombre m\u00e1s buscado del pa\u00eds, por el que ofrecen millonarias recompensas para dar con su ubicaci\u00f3n y captura.<\/p>\n","protected":false},"excerpt":{"rendered":"<p>Una caravana de motociclistas y el aplauso de los vecinos al borde del camino acompa\u00f1aron este lunes los primeros actos f\u00fanebres de las v\u00edctimas del atentado del s\u00e1bado en la V\u00eda Panamericana, suroeste de Colombia, donde la comunidad de La Pedregosa acompa\u00f1\u00f3 a los fallecidos por la explosi\u00f3n de una bomba atribuida a disidentes de<\/p>\n","protected":false},"author":1,"featured_media":0,"comment_status":"open","ping_status":"open","sticky":false,"template":"","format":"standard","meta":{"footnotes":""},"categories":[3],"tags":[],"class_list":["post-37521","post","type-post","status-publish","format-standard","hentry","category-internacionales"],"_links":{"self":[{"href":"https:\/\/acronoticias.com\/index.php\/wp-json\/wp\/v2\/posts\/37521","targetHints":{"allow":["GET"]}}],"collection":[{"href":"https:\/\/acronoticias.com\/index.php\/wp-json\/wp\/v2\/posts"}],"about":[{"href":"https:\/\/acronoticias.com\/index.php\/wp-json\/wp\/v2\/types\/post"}],"author":[{"embeddable":true,"href":"https:\/\/acronoticias.com\/index.php\/wp-json\/wp\/v2\/users\/1"}],"replies":[{"embeddable":true,"href":"https:\/\/acronoticias.com\/index.php\/wp-json\/wp\/v2\/comments?post=37521"}],"version-history":[{"count":0,"href":"https:\/\/acronoticias.com\/index.php\/wp-json\/wp\/v2\/posts\/37521\/revisions"}],"wp:attachment":[{"href":"https:\/\/acronoticias.com\/index.php\/wp-json\/wp\/v2\/media?parent=37521"}],"wp:term":[{"taxonomy":"category","embeddable":true,"href":"https:\/\/acronoticias.com\/index.php\/wp-json\/wp\/v2\/categories?post=37521"},{"taxonomy":"post_tag","embeddable":true,"href":"https:\/\/acronoticias.com\/index.php\/wp-json\/wp\/v2\/tags?post=37521"}],"curies":[{"name":"wp","href":"https:\/\/api.w.org\/{rel}","templated":true}]}}