{"id":37519,"date":"2026-04-28T02:14:14","date_gmt":"2026-04-28T02:14:14","guid":{"rendered":"https:\/\/acronoticias.com\/index.php\/2026\/04\/28\/apedi-elige-a-lina-garcia-como-primera-presidenta-para-el-periodo-2026-2028\/"},"modified":"2026-04-28T02:14:14","modified_gmt":"2026-04-28T02:14:14","slug":"apedi-elige-a-lina-garcia-como-primera-presidenta-para-el-periodo-2026-2028","status":"publish","type":"post","link":"https:\/\/acronoticias.com\/index.php\/2026\/04\/28\/apedi-elige-a-lina-garcia-como-primera-presidenta-para-el-periodo-2026-2028\/","title":{"rendered":"APEDI elige a Lina Garc\u00eda como primera presidenta para el per\u00edodo 2026-2028"},"content":{"rendered":"<p><img decoding=\"async\" width=\"355\" height=\"200\" src=\"https:\/\/nuevodiario-assets.s3.us-east-2.amazonaws.com\/wp-content\/uploads\/2026\/04\/APEDI-elige-a-Lina-Garcia-como-primera-presidenta-para-el-periodo-2026-2028-4-355x200.jpeg\" class=\"webfeedsFeaturedVisual not-transparent wp-post-image\" alt=\"\" style=\"--dominant-color: #81776e;margin-bottom: 5px;clear:both;max-width: 100%\" loading=\"lazy\" data-has-transparency=\"false\" data-dominant-color=\"81776e\" \/><\/p>\n<section class=\"text-token-text-primary w-full focus:outline-none [--shadow-height:45px] has-data-writing-block:pointer-events-none has-data-writing-block:-mt-(--shadow-height) has-data-writing-block:pt-(--shadow-height) [&amp;:has([data-writing-block])&gt;*]:pointer-events-auto R6Vx5W_threadScrollVars scroll-mb-[calc(var(--scroll-root-safe-area-inset-bottom,0px)+var(--thread-response-height))] scroll-mt-(--header-height)\" dir=\"auto\" data-turn-id=\"6a33b797-4173-4381-a4fd-dee4884f8e49\" data-testid=\"conversation-turn-59\" data-scroll-anchor=\"false\" data-turn=\"user\"><\/section>\n<section class=\"text-token-text-primary w-full focus:outline-none [--shadow-height:45px] has-data-writing-block:pointer-events-none has-data-writing-block:-mt-(--shadow-height) has-data-writing-block:pt-(--shadow-height) [&amp;:has([data-writing-block])&gt;*]:pointer-events-auto [content-visibility:auto] supports-[content-visibility:auto]:[contain-intrinsic-size:auto_100lvh] R6Vx5W_threadScrollVars scroll-mb-[calc(var(--scroll-root-safe-area-inset-bottom,0px)+var(--thread-response-height))] scroll-mt-[calc(var(--header-height)+min(200px,max(70px,20svh)))]\" dir=\"auto\" data-turn-id=\"request-WEB:ff4b6329-c929-454a-b774-a6fca5b482a0-29\" data-testid=\"conversation-turn-60\" data-scroll-anchor=\"false\" data-turn=\"assistant\">\n<div class=\"text-base my-auto mx-auto pb-10 [--thread-content-margin:var(--thread-content-margin-xs,calc(var(--spacing)*4))] @w-sm\/main:[--thread-content-margin:var(--thread-content-margin-sm,calc(var(--spacing)*6))] @w-lg\/main:[--thread-content-margin:var(--thread-content-margin-lg,calc(var(--spacing)*16))] px-(--thread-content-margin)\">\n<div class=\"[--thread-content-max-width:40rem] @w-lg\/main:[--thread-content-max-width:48rem] mx-auto max-w-(--thread-content-max-width) flex-1 group\/turn-messages focus-visible:outline-hidden relative flex w-full min-w-0 flex-col agent-turn\">\n<div class=\"flex max-w-full flex-col gap-4 grow\">\n<div class=\"min-h-8 text-message relative flex w-full flex-col items-end gap-2 text-start break-words whitespace-normal outline-none keyboard-focused:focus-ring [.text-message+&amp;]:mt-1\" dir=\"auto\" data-message-author-role=\"assistant\" data-message-id=\"469c6da4-96e1-48ea-bdc8-c1e463de809f\" data-message-model-slug=\"gpt-5-3\" data-turn-start-message=\"true\">\n<div class=\"flex w-full flex-col gap-1 empty:hidden\">\n<div class=\"markdown prose dark:prose-invert w-full wrap-break-word light markdown-new-styling\">\n<p data-start=\"0\" data-end=\"324\">EL NUEVO DIARIO, SANTO DOMINGO.-La <span class=\"hover:entity-accent entity-underline inline cursor-pointer align-baseline\"><span class=\"whitespace-normal\">Asociaci\u00f3n para el Desarrollo, Inc. (APEDI)<\/span><\/span> celebr\u00f3 su asamblea general ordinaria anual y eleccionaria en <span class=\"hover:entity-accent entity-underline inline cursor-pointer align-baseline\"><span class=\"whitespace-normal\">Santiago de los Caballeros<\/span><\/span>, donde fue electa <span class=\"hover:entity-accent entity-underline inline cursor-pointer align-baseline\"><span class=\"whitespace-normal\">Lina Garc\u00eda Alm\u00e1nzar<\/span><\/span> como presidenta para el per\u00edodo 2026-2028, convirti\u00e9ndose en la primera mujer en dirigir la instituci\u00f3n en m\u00e1s de seis d\u00e9cadas.<\/p>\n<p data-start=\"326\" data-end=\"555\">El encuentro cont\u00f3 con una amplia participaci\u00f3n de socios, expresidentes y directivos, en un proceso que renov\u00f3 la junta directiva y reafirm\u00f3 el compromiso de la entidad con el desarrollo sostenible de la regi\u00f3n Norte y del pa\u00eds.<\/p>\n<p><a href=\"https:\/\/elnuevodiario.com.do\/apedi-elige-a-lina-garcia-como-primera-presidenta-para-el-periodo-2026-2028\/apedi-elige-a-lina-garcia-como-primera-presidenta-para-el-periodo-2026-2028-3\/\"><img loading=\"lazy\" decoding=\"async\" data-recalc-dims=\"1\" width=\"640\" height=\"427\" src=\"https:\/\/i0.wp.com\/nuevodiario-assets.s3.us-east-2.amazonaws.com\/wp-content\/uploads\/2026\/04\/APEDI-elige-a-Lina-Garcia-como-primera-presidenta-para-el-periodo-2026-2028-3.jpeg?resize=640%2C427&#038;quality=100&#038;ssl=1\" class=\"attachment-full size-full not-transparent\" alt=\"\" data-has-transparency=\"false\" data-dominant-color=\"95908d\" style=\"--dominant-color: #95908d\" \/><\/a><\/p>\n<p data-start=\"557\" data-end=\"908\">Durante la asamblea, el presidente saliente, <span class=\"hover:entity-accent entity-underline inline cursor-pointer align-baseline\"><span class=\"whitespace-normal\">Juan Alfonso Mera Montero<\/span><\/span>, present\u00f3 su informe de gesti\u00f3n, en el que destac\u00f3 avances institucionales como la creaci\u00f3n de la Unidad de Planificaci\u00f3n, el dise\u00f1o de un plan estrat\u00e9gico quinquenal, el fortalecimiento de la transparencia y la reactivaci\u00f3n de espacios internos de toma de decisiones.<\/p>\n<p data-start=\"910\" data-end=\"1258\">Asimismo, resalt\u00f3 iniciativas impulsadas por APEDI en \u00e1reas como educaci\u00f3n, sostenibilidad ambiental y planificaci\u00f3n territorial, incluyendo programas en coordinaci\u00f3n con el Ministerio de Educaci\u00f3n, jornadas de formaci\u00f3n ambiental, restauraci\u00f3n de fuentes h\u00eddricas y la siembra de m\u00e1s de 30,000 \u00e1rboles en alianza con entidades p\u00fablicas y privadas.<\/p>\n<p><a href=\"https:\/\/elnuevodiario.com.do\/apedi-elige-a-lina-garcia-como-primera-presidenta-para-el-periodo-2026-2028\/apedi-elige-a-lina-garcia-como-primera-presidenta-para-el-periodo-2026-2028-1\/\"><img loading=\"lazy\" decoding=\"async\" data-recalc-dims=\"1\" width=\"640\" height=\"426\" src=\"https:\/\/i0.wp.com\/nuevodiario-assets.s3.us-east-2.amazonaws.com\/wp-content\/uploads\/2026\/04\/APEDI-elige-a-Lina-Garcia-como-primera-presidenta-para-el-periodo-2026-2028-1.jpeg?resize=640%2C426&#038;quality=100&#038;ssl=1\" class=\"attachment-full size-full not-transparent\" alt=\"\" data-has-transparency=\"false\" data-dominant-color=\"7c7d7d\" style=\"--dominant-color: #7c7d7d\" \/><\/a><\/p>\n<p data-start=\"1260\" data-end=\"1623\">Mera tambi\u00e9n subray\u00f3 la participaci\u00f3n de la organizaci\u00f3n en proyectos estrat\u00e9gicos como el Convenio Presidencia\u2013Compromiso Santiago, as\u00ed como en entidades como el Consejo para el Desarrollo Estrat\u00e9gico de Santiago, el Patronato del Parque Central, el Fondo Agua Yaque del Norte, la Universidad ISA, Plan Sierra, <span class=\"hover:entity-accent entity-underline inline cursor-pointer align-baseline\"><span class=\"whitespace-normal\">Coraasan<\/span><\/span>\u00a0y Plan Yaque.<\/p>\n<p data-start=\"1625\" data-end=\"1897\">La nueva junta directiva estar\u00e1 encabezada por Lina Garc\u00eda Alm\u00e1nzar, junto a Ricardo Jos\u00e9 Fondeur Victoria como vicepresidente; Jos\u00e9 Ram\u00f3n Vega Batlle, secretario; Juan B. Ventura, tesorero; adem\u00e1s de Juan Alfonso Mera Montero como pasado presidente y un grupo de vocales.<\/p>\n<p data-start=\"1899\" data-end=\"2143\">Con esta elecci\u00f3n, APEDI indic\u00f3 que busca fortalecer su rol como articuladora entre el sector privado, el Estado y la sociedad civil, y continuar impulsando iniciativas orientadas a la competitividad, la sostenibilidad y el bienestar colectivo.<\/p>\n<p data-start=\"2145\" data-end=\"2235\" data-is-last-node=\"\" data-is-only-node=\"\">\n<\/div>\n<\/div>\n<\/div>\n<\/div>\n<div class=\"z-0 flex min-h-[46px] justify-start\"><\/div>\n<div class=\"mt-3 w-full empty:hidden\">\n<div class=\"text-center\"><\/div>\n<\/div>\n<\/div>\n<\/div>\n<\/section>\n<div class=\"pointer-events-none -mt-px h-px translate-y-[calc(var(--scroll-root-safe-area-inset-bottom)-14*var(--spacing))]\" aria-hidden=\"true\"><\/div>\n<p>La entrada <a href=\"https:\/\/elnuevodiario.com.do\/apedi-elige-a-lina-garcia-como-primera-presidenta-para-el-periodo-2026-2028\/\">APEDI elige a Lina Garc\u00eda como primera presidenta para el per\u00edodo 2026-2028<\/a> se public\u00f3 primero en <a href=\"https:\/\/elnuevodiario.com.do\">El Nuevo Diario (Rep\u00fablica Dominicana)<\/a>.<\/p>\n","protected":false},"excerpt":{"rendered":"<p>EL NUEVO DIARIO, SANTO DOMINGO.-La Asociaci\u00f3n para el Desarrollo, Inc. (APEDI) celebr\u00f3 su asamblea general ordinaria anual y eleccionaria en Santiago de los Caballeros, donde fue electa Lina Garc\u00eda Alm\u00e1nzar como presidenta para el per\u00edodo 2026-2028, convirti\u00e9ndose en la primera mujer en dirigir la instituci\u00f3n en m\u00e1s de seis d\u00e9cadas. El encuentro cont\u00f3 con una<\/p>\n","protected":false},"author":1,"featured_media":37520,"comment_status":"open","ping_status":"open","sticky":false,"template":"","format":"standard","meta":{"footnotes":""},"categories":[1],"tags":[],"class_list":["post-37519","post","type-post","status-publish","format-standard","has-post-thumbnail","hentry","category-nacionales"],"_links":{"self":[{"href":"https:\/\/acronoticias.com\/index.php\/wp-json\/wp\/v2\/posts\/37519","targetHints":{"allow":["GET"]}}],"collection":[{"href":"https:\/\/acronoticias.com\/index.php\/wp-json\/wp\/v2\/posts"}],"about":[{"href":"https:\/\/acronoticias.com\/index.php\/wp-json\/wp\/v2\/types\/post"}],"author":[{"embeddable":true,"href":"https:\/\/acronoticias.com\/index.php\/wp-json\/wp\/v2\/users\/1"}],"replies":[{"embeddable":true,"href":"https:\/\/acronoticias.com\/index.php\/wp-json\/wp\/v2\/comments?post=37519"}],"version-history":[{"count":0,"href":"https:\/\/acronoticias.com\/index.php\/wp-json\/wp\/v2\/posts\/37519\/revisions"}],"wp:featuredmedia":[{"embeddable":true,"href":"https:\/\/acronoticias.com\/index.php\/wp-json\/wp\/v2\/media\/37520"}],"wp:attachment":[{"href":"https:\/\/acronoticias.com\/index.php\/wp-json\/wp\/v2\/media?parent=37519"}],"wp:term":[{"taxonomy":"category","embeddable":true,"href":"https:\/\/acronoticias.com\/index.php\/wp-json\/wp\/v2\/categories?post=37519"},{"taxonomy":"post_tag","embeddable":true,"href":"https:\/\/acronoticias.com\/index.php\/wp-json\/wp\/v2\/tags?post=37519"}],"curies":[{"name":"wp","href":"https:\/\/api.w.org\/{rel}","templated":true}]}}