{"id":37515,"date":"2026-04-28T01:43:05","date_gmt":"2026-04-28T01:43:05","guid":{"rendered":"https:\/\/acronoticias.com\/index.php\/2026\/04\/28\/abinader-crea-comision-que-coordinara-plan-san-juan-para-transformar-economia-del-sur-designa-director-ejecutivo\/"},"modified":"2026-04-28T01:43:05","modified_gmt":"2026-04-28T01:43:05","slug":"abinader-crea-comision-que-coordinara-plan-san-juan-para-transformar-economia-del-sur-designa-director-ejecutivo","status":"publish","type":"post","link":"https:\/\/acronoticias.com\/index.php\/2026\/04\/28\/abinader-crea-comision-que-coordinara-plan-san-juan-para-transformar-economia-del-sur-designa-director-ejecutivo\/","title":{"rendered":"Abinader crea comisi\u00f3n que coordinar\u00e1 plan San Juan para transformar econom\u00eda del sur; designa director ejecutivo"},"content":{"rendered":"<p><img decoding=\"async\" width=\"355\" height=\"200\" src=\"https:\/\/nuevodiario-assets.s3.us-east-2.amazonaws.com\/wp-content\/uploads\/2026\/04\/abinader-1024x682-1-355x200.webp\" class=\"webfeedsFeaturedVisual not-transparent wp-post-image\" alt=\"\" style=\"--dominant-color: #b0956e;margin-bottom: 5px;clear:both;max-width: 100%\" loading=\"lazy\" data-has-transparency=\"false\" data-dominant-color=\"b0956e\" \/><\/p>\n<p>EL NUEVO DIARIO, SANTO DOMINGO. &#8211;\u00a0El presidente <span class=\"hover:entity-accent entity-underline inline cursor-pointer align-baseline\"><span class=\"whitespace-normal\">Luis Abinader<\/span><\/span> dispuso la creaci\u00f3n de una comisi\u00f3n para la coordinaci\u00f3n y direcci\u00f3n del Plan para el Desarrollo Econ\u00f3mico de la provincia San Juan (Plan San Juan), y design\u00f3 como director ejecutivo al se\u00f1or Carlos Alessandry Roa Howley.<\/p>\n<p data-start=\"469\" data-end=\"704\">La medida est\u00e1 contenida en los decretos 236-26 y 285-26, que tienen el prop\u00f3sito de dar continuidad a las acciones para el desarrollo integral en los \u00e1mbitos econ\u00f3mico y social de los residentes y comunidades de la provincia San Juan.<\/p>\n<p data-start=\"706\" data-end=\"889\">Se recuerda que el Plan San Juan fue creado en 2022 con el objetivo de transformar la econom\u00eda de la regi\u00f3n, promoviendo su desarrollo sostenible y maximizando el uso de sus recursos.<\/p>\n<p data-start=\"891\" data-end=\"1315\">La Comisi\u00f3n para la Coordinaci\u00f3n y Direcci\u00f3n del Plan San Juan estar\u00e1 presidida por el obispo de la Di\u00f3cesis de San Juan e integrada por el Ministerio Administrativo de la Presidencia, el Ministerio de Agricultura, el Banco Agr\u00edcola de la Rep\u00fablica Dominicana, el Ministerio de Medio Ambiente y Recursos Naturales, el Instituto Nacional de Recursos Hidr\u00e1ulicos, el Instituto del Tabaco y la Junta Agroempresarial Dominicana.<\/p>\n<p data-start=\"1317\" data-end=\"1896\">Asimismo, la conforman la Gobernaci\u00f3n Provincial; un representante de la Asociaci\u00f3n de Desarrollo de la Provincia de San Juan; un representante de la Asociaci\u00f3n de Productores Agr\u00edcolas de la provincia de San Juan; un representante de la Asociaci\u00f3n de Ganaderos; un representante de la Asociaci\u00f3n de Productores de Tabaco; el alcalde del municipio cabecera, m\u00e1s un representante elegido entre los dem\u00e1s municipios; la Confederaci\u00f3n Nacional de Productores Agropecuarios (Confenagro) y el director ejecutivo del Plan San Juan, quien fungir\u00e1 como secretario con voz, pero sin voto.<\/p>\n<p><strong>Funciones del Plan San Juan<\/strong><\/p>\n<p>La Comisi\u00f3n del Plan San Juan asume la responsabilidad de liderar la transformaci\u00f3n econ\u00f3mica regional mediante la aprobaci\u00f3n estrat\u00e9gica de proyectos de infraestructura y acuerdos interinstitucionales, asegurando siempre el cumplimiento de las normativas de contrataciones p\u00fablicas. Su labor se centra en diversificar la matriz productiva y coordinar la ejecuci\u00f3n de obras cr\u00edticas, tales como sistemas de riego, centros de acopio y naves en zonas francas, fundamentales para el sost\u00e9n de la actividad econ\u00f3mica local.<\/p>\n<p>Asimismo, este \u00f3rgano act\u00faa como un articulador entre los sectores p\u00fablico y privado para facilitar encadenamientos que generen empleo y fortalezcan el capital humano regional. A trav\u00e9s de la canalizaci\u00f3n de capital semilla y asistencia t\u00e9cnica, la Comisi\u00f3n apoya directamente a emprendimientos y peque\u00f1os productores, fomentando su integraci\u00f3n en cooperativas y cl\u00fasteres. Finalmente, su gesti\u00f3n se consolida mediante la promoci\u00f3n de alianzas comerciales estrat\u00e9gicas y la rendici\u00f3n peri\u00f3dica de informes de avance ante la Presidencia de la Rep\u00fablica.<\/p>\n<p><strong>Direcci\u00f3n Ejecutiva<\/strong><\/p>\n<p>Mientras, la Direcci\u00f3n Ejecutiva de la comisi\u00f3n del Plan San Juan tendr\u00e1 como responsabilidad realizar las coordinaciones t\u00e9cnicas de lugar a fin de que los proyectos aprobados por la comisi\u00f3n del Plan San Juan se ejecuten dentro del cronograma acordado; administrar los fondos asignados a la ejecuci\u00f3n de las acciones y actividades aprobadas por la comisi\u00f3n del Plan San Juan; coordinar la formulaci\u00f3n de pol\u00edticas derivadas de la comisi\u00f3n del Plan San Juan, as\u00ed como la definici\u00f3n y ejecuci\u00f3n de las iniciativas, programas y proyectos que se consideren necesarios para alcanzar los resultados esperados.<\/p>\n<p>De igual forma, deber\u00e1 coordinar la asistencia t\u00e9cnica, financiamiento, manejo post cosecha y comercializaci\u00f3n que se ejecutar\u00e1n en cada una de las fincas intervenidas; realizar y mantener un registro georreferenciado de cada una de las unidades productivas intervenidas; supervisar la ejecuci\u00f3n y cumplimiento de las tareas planificadas en el marco del Plan y mantener registros contables de los gastos realizados en el marco del Plan.<\/p>\n<p>Finalmente, debe adem\u00e1s contratar las personas f\u00edsicas y jur\u00eddicas que se requieran para el cumplimiento de sus funciones y las tareas que les sean encomendadas, conforme a lo estipulado por las leyes correspondientes; supervisar el buen uso de los equipos de transporte y maquinarias de trabajo asignadas a la ejecuci\u00f3n del Plan y rendir informes trimestrales a la comisi\u00f3n del Plan San Juan sobre el avance en su implementaci\u00f3n.<\/p>\n<p>&nbsp;<\/p>\n<p>La entrada <a href=\"https:\/\/elnuevodiario.com.do\/abinader-crea-comision-que-coordinara-plan-san-juan-para-transformar-economia-del-sur-designa-director-ejecutivo\/\">Abinader crea comisi\u00f3n que coordinar\u00e1 plan San Juan para transformar econom\u00eda del sur; designa director ejecutivo<\/a> se public\u00f3 primero en <a href=\"https:\/\/elnuevodiario.com.do\">El Nuevo Diario (Rep\u00fablica Dominicana)<\/a>.<\/p>\n","protected":false},"excerpt":{"rendered":"<p>EL NUEVO DIARIO, SANTO DOMINGO. &#8211;\u00a0El presidente Luis Abinader dispuso la creaci\u00f3n de una comisi\u00f3n para la coordinaci\u00f3n y direcci\u00f3n del Plan para el Desarrollo Econ\u00f3mico de la provincia San Juan (Plan San Juan), y design\u00f3 como director ejecutivo al se\u00f1or Carlos Alessandry Roa Howley. La medida est\u00e1 contenida en los decretos 236-26 y 285-26,<\/p>\n","protected":false},"author":1,"featured_media":37516,"comment_status":"open","ping_status":"open","sticky":false,"template":"","format":"standard","meta":{"footnotes":""},"categories":[1],"tags":[],"class_list":["post-37515","post","type-post","status-publish","format-standard","has-post-thumbnail","hentry","category-nacionales"],"_links":{"self":[{"href":"https:\/\/acronoticias.com\/index.php\/wp-json\/wp\/v2\/posts\/37515","targetHints":{"allow":["GET"]}}],"collection":[{"href":"https:\/\/acronoticias.com\/index.php\/wp-json\/wp\/v2\/posts"}],"about":[{"href":"https:\/\/acronoticias.com\/index.php\/wp-json\/wp\/v2\/types\/post"}],"author":[{"embeddable":true,"href":"https:\/\/acronoticias.com\/index.php\/wp-json\/wp\/v2\/users\/1"}],"replies":[{"embeddable":true,"href":"https:\/\/acronoticias.com\/index.php\/wp-json\/wp\/v2\/comments?post=37515"}],"version-history":[{"count":0,"href":"https:\/\/acronoticias.com\/index.php\/wp-json\/wp\/v2\/posts\/37515\/revisions"}],"wp:featuredmedia":[{"embeddable":true,"href":"https:\/\/acronoticias.com\/index.php\/wp-json\/wp\/v2\/media\/37516"}],"wp:attachment":[{"href":"https:\/\/acronoticias.com\/index.php\/wp-json\/wp\/v2\/media?parent=37515"}],"wp:term":[{"taxonomy":"category","embeddable":true,"href":"https:\/\/acronoticias.com\/index.php\/wp-json\/wp\/v2\/categories?post=37515"},{"taxonomy":"post_tag","embeddable":true,"href":"https:\/\/acronoticias.com\/index.php\/wp-json\/wp\/v2\/tags?post=37515"}],"curies":[{"name":"wp","href":"https:\/\/api.w.org\/{rel}","templated":true}]}}