{"id":37508,"date":"2026-04-28T01:08:55","date_gmt":"2026-04-28T01:08:55","guid":{"rendered":"https:\/\/acronoticias.com\/index.php\/2026\/04\/28\/abinader-se-posiciona-como-el-cuarto-presidente-mejor-valorado-de-america-latina-segun-sondeo\/"},"modified":"2026-04-28T01:08:55","modified_gmt":"2026-04-28T01:08:55","slug":"abinader-se-posiciona-como-el-cuarto-presidente-mejor-valorado-de-america-latina-segun-sondeo","status":"publish","type":"post","link":"https:\/\/acronoticias.com\/index.php\/2026\/04\/28\/abinader-se-posiciona-como-el-cuarto-presidente-mejor-valorado-de-america-latina-segun-sondeo\/","title":{"rendered":"Abinader se posiciona como el cuarto presidente mejor valorado de Am\u00e9rica Latina, seg\u00fan sondeo"},"content":{"rendered":"<p><img loading=\"lazy\" decoding=\"async\" width=\"355\" height=\"200\" src=\"https:\/\/nuevodiario-assets.s3.us-east-2.amazonaws.com\/wp-content\/uploads\/2026\/04\/Abinader-inaugura-circuito-vial-Bajo-Yuna-que-conecta-provincias-Duarte-y-Maria-Trinidad-Sanchez-3-355x200.jpeg\" class=\"webfeedsFeaturedVisual not-transparent wp-post-image\" alt=\"\" style=\"--dominant-color: #8b928b;margin-bottom: 5px;clear:both;max-width: 100%\" data-has-transparency=\"false\" data-dominant-color=\"8b928b\" \/><\/p>\n<section class=\"text-token-text-primary w-full focus:outline-none [--shadow-height:45px] has-data-writing-block:pointer-events-none has-data-writing-block:-mt-(--shadow-height) has-data-writing-block:pt-(--shadow-height) [&amp;:has([data-writing-block])&gt;*]:pointer-events-auto R6Vx5W_threadScrollVars scroll-mb-[calc(var(--scroll-root-safe-area-inset-bottom,0px)+var(--thread-response-height))] scroll-mt-(--header-height)\" dir=\"auto\" data-turn-id=\"f2e32d10-8824-443d-be9d-481823ee2365\" data-testid=\"conversation-turn-9\" data-scroll-anchor=\"false\" data-turn=\"user\"><\/section>\n<section class=\"text-token-text-primary w-full focus:outline-none [--shadow-height:45px] has-data-writing-block:pointer-events-none has-data-writing-block:-mt-(--shadow-height) has-data-writing-block:pt-(--shadow-height) [&amp;:has([data-writing-block])&gt;*]:pointer-events-auto [content-visibility:auto] supports-[content-visibility:auto]:[contain-intrinsic-size:auto_100lvh] R6Vx5W_threadScrollVars scroll-mb-[calc(var(--scroll-root-safe-area-inset-bottom,0px)+var(--thread-response-height))] scroll-mt-[calc(var(--header-height)+min(200px,max(70px,20svh)))]\" dir=\"auto\" data-turn-id=\"request-WEB:877b62d7-81c6-4c12-9eeb-6aaa052aa3ad-4\" data-testid=\"conversation-turn-10\" data-scroll-anchor=\"false\" data-turn=\"assistant\">\n<div class=\"text-base my-auto mx-auto pb-10 [--thread-content-margin:var(--thread-content-margin-xs,calc(var(--spacing)*4))] @w-sm\/main:[--thread-content-margin:var(--thread-content-margin-sm,calc(var(--spacing)*6))] @w-lg\/main:[--thread-content-margin:var(--thread-content-margin-lg,calc(var(--spacing)*16))] px-(--thread-content-margin)\">\n<div class=\"[--thread-content-max-width:40rem] @w-lg\/main:[--thread-content-max-width:48rem] mx-auto max-w-(--thread-content-max-width) flex-1 group\/turn-messages focus-visible:outline-hidden relative flex w-full min-w-0 flex-col agent-turn\">\n<div class=\"flex max-w-full flex-col gap-4 grow\">\n<div class=\"min-h-8 text-message relative flex w-full flex-col items-end gap-2 text-start break-words whitespace-normal outline-none keyboard-focused:focus-ring [.text-message+&amp;]:mt-1\" dir=\"auto\" data-message-author-role=\"assistant\" data-message-id=\"0e1c2b26-4816-45e0-861d-f431a0b8ddea\" data-message-model-slug=\"gpt-5-3\" data-turn-start-message=\"true\">\n<div class=\"flex w-full flex-col gap-1 empty:hidden\">\n<div class=\"markdown prose dark:prose-invert w-full wrap-break-word light markdown-new-styling\">\n<p data-start=\"100\" data-end=\"351\">REDACCI\u00d3N AM\u00c9RICA. &#8211; El presidente de Rep\u00fablica Dominicana, <span class=\"hover:entity-accent entity-underline inline cursor-pointer align-baseline\"><span class=\"whitespace-normal\">Luis Abinader<\/span><\/span>, se ubica como el cuarto mandatario mejor valorado de Am\u00e9rica Latina, de acuerdo con el m\u00e1s reciente sondeo de la <span class=\"hover:entity-accent entity-underline inline cursor-pointer align-baseline\"><span class=\"whitespace-normal\">CB Consultora Opini\u00f3n P\u00fablica<\/span><\/span>.<\/p>\n<p data-start=\"353\" data-end=\"531\">El estudio sit\u00faa a Abinader con una aprobaci\u00f3n del 57,3 % frente a un 39,6 % de rechazo, consolid\u00e1ndolo en la cuarta posici\u00f3n del ranking regional en medio de su segundo mandato.<\/p>\n<p data-start=\"533\" data-end=\"829\">El listado es encabezado por el presidente de El Salvador, <span class=\"hover:entity-accent entity-underline inline cursor-pointer align-baseline\"><span class=\"whitespace-normal\">Nayib Bukele<\/span><\/span>, quien lidera con un 70,1 % de imagen positiva y un 26,3 % de desaprobaci\u00f3n. Le sigue la mandataria de M\u00e9xico, <span class=\"hover:entity-accent entity-underline inline cursor-pointer align-baseline\"><span class=\"whitespace-normal\">Claudia Sheinbaum<\/span><\/span>, con un 69,8 % de respaldo y un 26,8 % de rechazo.<\/p>\n<p data-start=\"831\" data-end=\"986\">En tercer lugar figura el presidente de Costa Rica, <span class=\"hover:entity-accent entity-underline inline cursor-pointer align-baseline\"><span class=\"whitespace-normal\">Rodrigo Chaves<\/span><\/span>, con una favorabilidad del 59,5 % y una imagen negativa del 38 %.<\/p>\n<p data-start=\"988\" data-end=\"1149\">Por detr\u00e1s de Abinader se ubica el mandatario de Bolivia, <span class=\"hover:entity-accent entity-underline inline cursor-pointer align-baseline\"><span class=\"whitespace-normal\">Rodrigo Paz<\/span><\/span>, con un 52,9 % de aprobaci\u00f3n frente a un 44,2 % de desaprobaci\u00f3n.<\/p>\n<p data-start=\"1151\" data-end=\"1440\">En la zona media del ranking aparece el presidente de Nicaragua, <span class=\"hover:entity-accent entity-underline inline cursor-pointer align-baseline\"><span class=\"whitespace-normal\">Daniel Ortega<\/span><\/span>, con un 51,8 % de valoraci\u00f3n positiva y un 44,6 % negativa. Le sigue el mandatario de Brasil, <span class=\"hover:entity-accent entity-underline inline cursor-pointer align-baseline\"><span class=\"whitespace-normal\">Luiz In\u00e1cio Lula da Silva<\/span><\/span>, con un 48,4 % de apoyo frente a un 49,1 % de rechazo.<\/p>\n<p data-start=\"1442\" data-end=\"1700\">El presidente de Chile, <span class=\"hover:entity-accent entity-underline inline cursor-pointer align-baseline\"><span class=\"whitespace-normal\">Jos\u00e9 Antonio Kast<\/span><\/span>, alcanza un 45,1 % de aprobaci\u00f3n y un 49,9 % de desaprobaci\u00f3n, mientras que el gobernante de Paraguay, <span class=\"hover:entity-accent entity-underline inline cursor-pointer align-baseline\"><span class=\"whitespace-normal\">Santiago Pe\u00f1a<\/span><\/span>, registra un 43,2 % de respaldo y un 52,3 % de rechazo.<\/p>\n<p data-start=\"1702\" data-end=\"1973\">M\u00e1s abajo se sit\u00faan el presidente de Uruguay, <span class=\"hover:entity-accent entity-underline inline cursor-pointer align-baseline\"><span class=\"whitespace-normal\">Yamand\u00fa Orsi<\/span><\/span>, con un 41,7 % de apoyo y un 55,4 % de desaprobaci\u00f3n, y el mandatario de Honduras, <span class=\"hover:entity-accent entity-underline inline cursor-pointer align-baseline\"><span class=\"whitespace-normal\">Nasry &#8216;Tito&#8217; Asfura<\/span><\/span>, con un 40,5 % de imagen positiva frente a un 54,3 % negativa.<\/p>\n<p data-start=\"1975\" data-end=\"2101\">El presidente de Colombia, <span class=\"hover:entity-accent entity-underline inline cursor-pointer align-baseline\"><span class=\"whitespace-normal\">Gustavo Petro<\/span><\/span>, obtiene un 38,2 % de favorabilidad y un 57,5 % de rechazo.<\/p>\n<p data-start=\"2103\" data-end=\"2447\">Entre los mandatarios con menor respaldo figuran el guatemalteco <span class=\"hover:entity-accent entity-underline inline cursor-pointer align-baseline\"><span class=\"whitespace-normal\">Bernardo Ar\u00e9valo<\/span><\/span>, con un 37,3 % de aprobaci\u00f3n; el argentino <span class=\"hover:entity-accent entity-underline inline cursor-pointer align-baseline\"><span class=\"whitespace-normal\">Javier Milei<\/span><\/span>, con un 36,2 %; el ecuatoriano <span class=\"hover:entity-accent entity-underline inline cursor-pointer align-baseline\"><span class=\"whitespace-normal\">Daniel Noboa<\/span><\/span>, con un 35,7 %; y el paname\u00f1o <span class=\"hover:entity-accent entity-underline inline cursor-pointer align-baseline\"><span class=\"whitespace-normal\">Jos\u00e9 Ra\u00fal Mulino<\/span><\/span>, con un 34,1 %.<\/p>\n<p data-start=\"2449\" data-end=\"2787\">En la parte baja de la tabla aparece la presidenta encargada de Venezuela, <span class=\"hover:entity-accent entity-underline inline cursor-pointer align-baseline\"><span class=\"whitespace-normal\">Delcy Rodr\u00edguez<\/span><\/span>, con un 27,5 % de respaldo y un 67,6 % de rechazo, mientras que el mandatario interino de Per\u00fa, <span class=\"hover:entity-accent entity-underline inline cursor-pointer align-baseline\"><span class=\"whitespace-normal\">Jos\u00e9 Mar\u00eda Balc\u00e1zar<\/span><\/span>, cierra el ranking con apenas un 17,9 % de imagen positiva frente a un 67,9 % negativa.<\/p>\n<p data-start=\"2789\" data-end=\"3015\" data-is-last-node=\"\" data-is-only-node=\"\">El sondeo fue realizado entre el 10 y el 15 de febrero a 40.528 personas en toda la regi\u00f3n, con muestras de entre 2.001 y 2.701 encuestados por pa\u00eds, un nivel de confianza del 95 % y un margen de error de entre \u00b11,9 % y 2,2 %.<\/p>\n<\/div>\n<\/div>\n<\/div>\n<\/div>\n<\/div>\n<\/div>\n<\/section>\n<p>La entrada <a href=\"https:\/\/elnuevodiario.com.do\/abinader-se-posiciona-como-el-cuarto-presidente-mejor-valorado-de-america-latina-segun-sondeo\/\">Abinader se posiciona como el cuarto presidente mejor valorado de Am\u00e9rica Latina, seg\u00fan sondeo<\/a> se public\u00f3 primero en <a href=\"https:\/\/elnuevodiario.com.do\">El Nuevo Diario (Rep\u00fablica Dominicana)<\/a>.<\/p>\n","protected":false},"excerpt":{"rendered":"<p>REDACCI\u00d3N AM\u00c9RICA. &#8211; El presidente de Rep\u00fablica Dominicana, Luis Abinader, se ubica como el cuarto mandatario mejor valorado de Am\u00e9rica Latina, de acuerdo con el m\u00e1s reciente sondeo de la CB Consultora Opini\u00f3n P\u00fablica. El estudio sit\u00faa a Abinader con una aprobaci\u00f3n del 57,3 % frente a un 39,6 % de rechazo, consolid\u00e1ndolo en la<\/p>\n","protected":false},"author":1,"featured_media":37213,"comment_status":"open","ping_status":"open","sticky":false,"template":"","format":"standard","meta":{"footnotes":""},"categories":[1],"tags":[],"class_list":["post-37508","post","type-post","status-publish","format-standard","has-post-thumbnail","hentry","category-nacionales"],"_links":{"self":[{"href":"https:\/\/acronoticias.com\/index.php\/wp-json\/wp\/v2\/posts\/37508","targetHints":{"allow":["GET"]}}],"collection":[{"href":"https:\/\/acronoticias.com\/index.php\/wp-json\/wp\/v2\/posts"}],"about":[{"href":"https:\/\/acronoticias.com\/index.php\/wp-json\/wp\/v2\/types\/post"}],"author":[{"embeddable":true,"href":"https:\/\/acronoticias.com\/index.php\/wp-json\/wp\/v2\/users\/1"}],"replies":[{"embeddable":true,"href":"https:\/\/acronoticias.com\/index.php\/wp-json\/wp\/v2\/comments?post=37508"}],"version-history":[{"count":0,"href":"https:\/\/acronoticias.com\/index.php\/wp-json\/wp\/v2\/posts\/37508\/revisions"}],"wp:featuredmedia":[{"embeddable":true,"href":"https:\/\/acronoticias.com\/index.php\/wp-json\/wp\/v2\/media\/37213"}],"wp:attachment":[{"href":"https:\/\/acronoticias.com\/index.php\/wp-json\/wp\/v2\/media?parent=37508"}],"wp:term":[{"taxonomy":"category","embeddable":true,"href":"https:\/\/acronoticias.com\/index.php\/wp-json\/wp\/v2\/categories?post=37508"},{"taxonomy":"post_tag","embeddable":true,"href":"https:\/\/acronoticias.com\/index.php\/wp-json\/wp\/v2\/tags?post=37508"}],"curies":[{"name":"wp","href":"https:\/\/api.w.org\/{rel}","templated":true}]}}