{"id":37506,"date":"2026-04-28T00:52:34","date_gmt":"2026-04-28T00:52:34","guid":{"rendered":"https:\/\/acronoticias.com\/index.php\/2026\/04\/28\/fundacion-buenas-obras-premia-la-excelencia-estudiantil-en-la-vega\/"},"modified":"2026-04-28T00:52:34","modified_gmt":"2026-04-28T00:52:34","slug":"fundacion-buenas-obras-premia-la-excelencia-estudiantil-en-la-vega","status":"publish","type":"post","link":"https:\/\/acronoticias.com\/index.php\/2026\/04\/28\/fundacion-buenas-obras-premia-la-excelencia-estudiantil-en-la-vega\/","title":{"rendered":"Fundaci\u00f3n Buenas Obras premia la excelencia estudiantil en La Vega"},"content":{"rendered":"<p><img loading=\"lazy\" decoding=\"async\" width=\"355\" height=\"200\" src=\"https:\/\/nuevodiario-assets.s3.us-east-2.amazonaws.com\/wp-content\/uploads\/2026\/04\/Fundacion-Buenas-Obras-premia-la-excelencia-estudiantil-en-La-Vega.jpg-355x200.jpeg\" class=\"webfeedsFeaturedVisual not-transparent wp-post-image\" alt=\"\" style=\"--dominant-color: #636a6b;margin-bottom: 5px;clear:both;max-width: 100%\" data-has-transparency=\"false\" data-dominant-color=\"636a6b\" \/><\/p>\n<p><em>EL NUEVO DIARIO, LA VEGA. &#8211; <\/em>la Fundaci\u00f3n Buenas Obras (Funbuenas), presidida por el comunicador F\u00e9lix Victorino, realiz\u00f3 este fin de semana una ceremonia en La Vega, antes decenas de estudiantes reconocidos por su esfuerzo, dedicaci\u00f3n y excelencia acad\u00e9mica.<\/p>\n<p>Durante la ceremonia, los estudiantes fueron distinguidos con diplomas de reconocimiento por su disciplina y desempe\u00f1o ejemplar, adem\u00e1s de recibir tablets como herramientas clave para fortalecer su formaci\u00f3n en un entorno cada vez m\u00e1s digital. Estos dispositivos representan una oportunidad concreta para ampliar el acceso al conocimiento y reducir la brecha tecnol\u00f3gica.<\/p>\n<p data-start=\"1096\" data-end=\"1345\">En sus palabras centrales, F\u00e9lix Victorino destac\u00f3 que este tipo de iniciativas reflejan el compromiso de Funbuenas con la educaci\u00f3n y el bienestar de la juventud dominicana. Subray\u00f3 que apostar por los estudiantes es invertir en el futuro del pa\u00eds.<\/p>\n<p data-start=\"1347\" data-end=\"1614\">\u201c<strong data-start=\"1348\" data-end=\"1573\">El pa\u00eds que so\u00f1amos se construye desde las aulas, apoyando a nuestros j\u00f3venes, brind\u00e1ndoles herramientas y reconociendo su sacrificio. Hoy celebramos no solo sus logros, sino su potencial para transformar nuestra sociedad<\/strong>\u201d, expres\u00f3 Victorino con visible emoci\u00f3n.<\/p>\n<p data-start=\"1616\" data-end=\"1974\">La actividad reuni\u00f3 a estudiantes, padres, docentes y l\u00edderes comunitarios, quienes celebraron no solo los logros acad\u00e9micos alcanzados, sino tambi\u00e9n la perseverancia de j\u00f3venes que, pese a las adversidades, han demostrado un firme compromiso con su superaci\u00f3n personal y educativa.<\/p>\n<p data-start=\"723\" data-end=\"1094\">Uno de los momentos m\u00e1s conmovedores del acto fue la reacci\u00f3n de los estudiantes galardonados y sus familiares, cuyos rostros reflejaban orgullo y esperanza. Para muchos de estos j\u00f3venes, la entrega de una tablet representa una oportunidad invaluable para acceder a recursos educativos antes limitados, fortaleciendo as\u00ed sus posibilidades de \u00e9xito acad\u00e9mico.<\/p>\n<p data-start=\"1976\" data-end=\"2225\">Docentes y autoridades presentes valoraron la iniciativa como un aporte significativo al desarrollo educativo, destacando la importancia de que organizaciones sociales contin\u00faen impulsando acciones que promuevan la formaci\u00f3n integral de la juventud.<\/p>\n<p data-start=\"2227\" data-end=\"2409\">La actividad reuni\u00f3 a estudiantes, padres, docentes y l\u00edderes comunitarios, quienes celebraron no solo los logros acad\u00e9micos alcanzados, sino tambi\u00e9n la perseverancia de j\u00f3venes que, pese a las adversidades, han demostrado un firme compromiso con su superaci\u00f3n personal y educativa.<\/p>\n<p data-start=\"723\" data-end=\"1094\">La jornada concluy\u00f3 entre aplausos y un ambiente de inspiraci\u00f3n colectiva, reafirmando que la uni\u00f3n de esfuerzos en favor de la educaci\u00f3n puede generar cambios positivos y duraderos.<\/p>\n<p>La entrada <a href=\"https:\/\/elnuevodiario.com.do\/fundacion-buenas-obras-premia-la-excelencia-estudiantil-en-la-vega\/\">Fundaci\u00f3n Buenas Obras premia la excelencia estudiantil en La Vega<\/a> se public\u00f3 primero en <a href=\"https:\/\/elnuevodiario.com.do\">El Nuevo Diario (Rep\u00fablica Dominicana)<\/a>.<\/p>\n","protected":false},"excerpt":{"rendered":"<p>EL NUEVO DIARIO, LA VEGA. &#8211; la Fundaci\u00f3n Buenas Obras (Funbuenas), presidida por el comunicador F\u00e9lix Victorino, realiz\u00f3 este fin de semana una ceremonia en La Vega, antes decenas de estudiantes reconocidos por su esfuerzo, dedicaci\u00f3n y excelencia acad\u00e9mica. Durante la ceremonia, los estudiantes fueron distinguidos con diplomas de reconocimiento por su disciplina y desempe\u00f1o<\/p>\n","protected":false},"author":1,"featured_media":37507,"comment_status":"open","ping_status":"open","sticky":false,"template":"","format":"standard","meta":{"footnotes":""},"categories":[1],"tags":[],"class_list":["post-37506","post","type-post","status-publish","format-standard","has-post-thumbnail","hentry","category-nacionales"],"_links":{"self":[{"href":"https:\/\/acronoticias.com\/index.php\/wp-json\/wp\/v2\/posts\/37506","targetHints":{"allow":["GET"]}}],"collection":[{"href":"https:\/\/acronoticias.com\/index.php\/wp-json\/wp\/v2\/posts"}],"about":[{"href":"https:\/\/acronoticias.com\/index.php\/wp-json\/wp\/v2\/types\/post"}],"author":[{"embeddable":true,"href":"https:\/\/acronoticias.com\/index.php\/wp-json\/wp\/v2\/users\/1"}],"replies":[{"embeddable":true,"href":"https:\/\/acronoticias.com\/index.php\/wp-json\/wp\/v2\/comments?post=37506"}],"version-history":[{"count":0,"href":"https:\/\/acronoticias.com\/index.php\/wp-json\/wp\/v2\/posts\/37506\/revisions"}],"wp:featuredmedia":[{"embeddable":true,"href":"https:\/\/acronoticias.com\/index.php\/wp-json\/wp\/v2\/media\/37507"}],"wp:attachment":[{"href":"https:\/\/acronoticias.com\/index.php\/wp-json\/wp\/v2\/media?parent=37506"}],"wp:term":[{"taxonomy":"category","embeddable":true,"href":"https:\/\/acronoticias.com\/index.php\/wp-json\/wp\/v2\/categories?post=37506"},{"taxonomy":"post_tag","embeddable":true,"href":"https:\/\/acronoticias.com\/index.php\/wp-json\/wp\/v2\/tags?post=37506"}],"curies":[{"name":"wp","href":"https:\/\/api.w.org\/{rel}","templated":true}]}}