{"id":37504,"date":"2026-04-28T00:36:36","date_gmt":"2026-04-28T00:36:36","guid":{"rendered":"https:\/\/acronoticias.com\/index.php\/2026\/04\/28\/sntp-en-valverde-realiza-su-acostumbrado-evento-anual-pedaleando-con-la-prensa\/"},"modified":"2026-04-28T00:36:36","modified_gmt":"2026-04-28T00:36:36","slug":"sntp-en-valverde-realiza-su-acostumbrado-evento-anual-pedaleando-con-la-prensa","status":"publish","type":"post","link":"https:\/\/acronoticias.com\/index.php\/2026\/04\/28\/sntp-en-valverde-realiza-su-acostumbrado-evento-anual-pedaleando-con-la-prensa\/","title":{"rendered":"SNTP en Valverde realiza su acostumbrado evento anual \u00abPedaleando con la Prensa\u00bb"},"content":{"rendered":"<p><img loading=\"lazy\" decoding=\"async\" width=\"355\" height=\"200\" src=\"https:\/\/nuevodiario-assets.s3.us-east-2.amazonaws.com\/wp-content\/uploads\/2026\/04\/SNTP-en-Valverde-realiza-su-acostumbrado-evento-anual-Pedaleando-con-la-Prensa-2-355x200.jpeg\" class=\"webfeedsFeaturedVisual not-transparent wp-post-image\" alt=\"\" style=\"--dominant-color: #757c7e;margin-bottom: 5px;clear:both;max-width: 100%\" data-has-transparency=\"false\" data-dominant-color=\"757c7e\" \/><\/p>\n<p>EL NUEVO DIARIO, MAO, VALVERDE. -El Sindicato Nacional de Trabajadores de la Prensa (SNTP), filial Valverde, celebr\u00f3 el evento \u201cPedaleando con la Prensa\u201d, consolid\u00e1ndose como una iniciativa que promueve el deporte, la integraci\u00f3n y el compromiso social entre comunicadores y la comunidad.<\/p>\n<p>Las palabras de bienvenida del evento, donde participaron cientos de ciclista, estuvieron a cargo del secretario general del gremio, \u00c1ngel \u00c1lvarez, quien explic\u00f3 el objetivo de la actividad y destac\u00f3 la importancia de fomentar espacios de sana convivencia y participaci\u00f3n ciudadana.<\/p>\n<p>La gobernadora provincial, Marta Collado, ofreci\u00f3 las palabras de motivaci\u00f3n, resaltando la relevancia de este tipo de eventos que integran a la familia y fortalecen la solidaridad entre los distintos sectores de la sociedad.<\/p>\n<p><a href=\"https:\/\/elnuevodiario.com.do\/sntp-en-valverde-realiza-su-acostumbrado-evento-anual-pedaleando-con-la-prensa\/sntp-en-valverde-realiza-su-acostumbrado-evento-anual-pedaleando-con-la-prensa-1\/\"><img loading=\"lazy\" decoding=\"async\" data-recalc-dims=\"1\" width=\"640\" height=\"426\" src=\"https:\/\/i0.wp.com\/nuevodiario-assets.s3.us-east-2.amazonaws.com\/wp-content\/uploads\/2026\/04\/SNTP-en-Valverde-realiza-su-acostumbrado-evento-anual-Pedaleando-con-la-Prensa-1.jpeg?resize=640%2C426&#038;quality=100&#038;ssl=1\" class=\"attachment-full size-full not-transparent\" alt=\"\" data-has-transparency=\"false\" data-dominant-color=\"616c74\" style=\"--dominant-color: #616c74\" \/><\/a><\/p>\n<p>En tanto, la gobernadora Marta Collado agradeci\u00f3 la dedicatoria de la actividad e invit\u00f3 a la poblaci\u00f3n a integrarse a este tipo de iniciativas que fomentan la recreaci\u00f3n sana y la convivencia pac\u00edfica.<\/p>\n<p>De su lado, el alcalde Johendy Jim\u00e9nez, pronunci\u00f3 palabras de exhortaci\u00f3n, motivando a los presentes a continuar apoyando iniciativas deportivas y comunitarias, tras lo cual dio el banderazo de inicio de la ruta cicl\u00edstica.<\/p>\n<p>Durante la actividad, se realiz\u00f3 la entrega de una placa a los familiares del fallecido profesor deportista Guillermo Taveras, quienes agradecieron al gremio por distinguir su memoria a trav\u00e9s de este evento, resaltando su legado en la educaci\u00f3n y la sociedad.<\/p>\n<p>El encargado de Deportes del SNTP , el comunicador Antonio Disla, agradeci\u00f3 la participaci\u00f3n de todos los presentes, as\u00ed como el respaldo de los grupos de ciclismo, destacando la importancia de continuar impulsando actividades que promuevan la salud y el bienestar colectivo.<\/p>\n<p>La entrada <a href=\"https:\/\/elnuevodiario.com.do\/sntp-en-valverde-realiza-su-acostumbrado-evento-anual-pedaleando-con-la-prensa\/\">SNTP en Valverde realiza su acostumbrado evento anual \u00abPedaleando con la Prensa\u00bb<\/a> se public\u00f3 primero en <a href=\"https:\/\/elnuevodiario.com.do\">El Nuevo Diario (Rep\u00fablica Dominicana)<\/a>.<\/p>\n","protected":false},"excerpt":{"rendered":"<p>EL NUEVO DIARIO, MAO, VALVERDE. -El Sindicato Nacional de Trabajadores de la Prensa (SNTP), filial Valverde, celebr\u00f3 el evento \u201cPedaleando con la Prensa\u201d, consolid\u00e1ndose como una iniciativa que promueve el deporte, la integraci\u00f3n y el compromiso social entre comunicadores y la comunidad. Las palabras de bienvenida del evento, donde participaron cientos de ciclista, estuvieron a<\/p>\n","protected":false},"author":1,"featured_media":37505,"comment_status":"open","ping_status":"open","sticky":false,"template":"","format":"standard","meta":{"footnotes":""},"categories":[1],"tags":[],"class_list":["post-37504","post","type-post","status-publish","format-standard","has-post-thumbnail","hentry","category-nacionales"],"_links":{"self":[{"href":"https:\/\/acronoticias.com\/index.php\/wp-json\/wp\/v2\/posts\/37504","targetHints":{"allow":["GET"]}}],"collection":[{"href":"https:\/\/acronoticias.com\/index.php\/wp-json\/wp\/v2\/posts"}],"about":[{"href":"https:\/\/acronoticias.com\/index.php\/wp-json\/wp\/v2\/types\/post"}],"author":[{"embeddable":true,"href":"https:\/\/acronoticias.com\/index.php\/wp-json\/wp\/v2\/users\/1"}],"replies":[{"embeddable":true,"href":"https:\/\/acronoticias.com\/index.php\/wp-json\/wp\/v2\/comments?post=37504"}],"version-history":[{"count":0,"href":"https:\/\/acronoticias.com\/index.php\/wp-json\/wp\/v2\/posts\/37504\/revisions"}],"wp:featuredmedia":[{"embeddable":true,"href":"https:\/\/acronoticias.com\/index.php\/wp-json\/wp\/v2\/media\/37505"}],"wp:attachment":[{"href":"https:\/\/acronoticias.com\/index.php\/wp-json\/wp\/v2\/media?parent=37504"}],"wp:term":[{"taxonomy":"category","embeddable":true,"href":"https:\/\/acronoticias.com\/index.php\/wp-json\/wp\/v2\/categories?post=37504"},{"taxonomy":"post_tag","embeddable":true,"href":"https:\/\/acronoticias.com\/index.php\/wp-json\/wp\/v2\/tags?post=37504"}],"curies":[{"name":"wp","href":"https:\/\/api.w.org\/{rel}","templated":true}]}}