{"id":37496,"date":"2026-04-28T00:04:52","date_gmt":"2026-04-28T00:04:52","guid":{"rendered":"https:\/\/acronoticias.com\/index.php\/2026\/04\/28\/coordinadora-popular-protesta-frente-al-palacio-nacional-en-el-dia-nacional-de-la-rebeldia\/"},"modified":"2026-04-28T00:04:52","modified_gmt":"2026-04-28T00:04:52","slug":"coordinadora-popular-protesta-frente-al-palacio-nacional-en-el-dia-nacional-de-la-rebeldia","status":"publish","type":"post","link":"https:\/\/acronoticias.com\/index.php\/2026\/04\/28\/coordinadora-popular-protesta-frente-al-palacio-nacional-en-el-dia-nacional-de-la-rebeldia\/","title":{"rendered":"Coordinadora Popular protesta frente al Palacio Nacional en el \u201cD\u00eda Nacional de la Rebeld\u00eda\u201d"},"content":{"rendered":"<p><img loading=\"lazy\" decoding=\"async\" width=\"355\" height=\"200\" src=\"https:\/\/nuevodiario-assets.s3.us-east-2.amazonaws.com\/wp-content\/uploads\/2026\/04\/Coordinadora-Popular-protesta-frente-al-Palacio-Nacional-en-el-Dia-Nacional-de-la-Rebeldia-355x200.jpg\" class=\"webfeedsFeaturedVisual not-transparent wp-post-image\" alt=\"\" style=\"--dominant-color: #858382;margin-bottom: 5px;clear:both;max-width: 100%\" data-has-transparency=\"false\" data-dominant-color=\"858382\" \/><\/p>\n<p>EL NUEVO DIARIO, SANTO DOMINGO.- La Coordinadora Popular Nacional (CPN) realiz\u00f3 este lunes una concentraci\u00f3n frente al Palacio Nacional, donde exigi\u00f3 al presidente Luis Abinader y al gobierno del Partido Revolucionario Moderno (PRM) escuchar las demandas de los sectores populares.<\/p>\n<p>La manifestaci\u00f3n se llev\u00f3 a cabo en el marco del denominado \u201cD\u00eda Nacional de la Rebeld\u00eda\u201d, declarado por movimientos sociales en conmemoraci\u00f3n del 61 aniversario de la Batalla del Puente Duarte, durante la Revoluci\u00f3n de Abril de 1965.<\/p>\n<p>Durante la actividad, la organizaci\u00f3n sostuvo que las luchas por las libertades democr\u00e1ticas y la justicia social, impulsadas en ese per\u00edodo hist\u00f3rico, contin\u00faan vigentes en la actualidad.<\/p>\n<p>Asimismo, la CPN indic\u00f3 que comunidades de distintas provincias se han visto obligadas a convocar huelgas en reclamo de obras y mejores servicios, citando demarcaciones como San Juan, San Francisco de Macor\u00eds, zonas de Moca, Licey al Medio, Navarrete y otras localidades del Cibao.<\/p>\n<p>Entre sus principales demandas, el colectivo mencion\u00f3 la asignaci\u00f3n del 5 % del Producto Interno Bruto (PIB) al sector salud, la eliminaci\u00f3n de las Administradoras de Riesgos de Salud (ARS) y de Fondos de Pensiones (AFP), as\u00ed como pensiones y seguro m\u00e9dico para trabajadores ca\u00f1eros.<\/p>\n<p>Tambi\u00e9n exigieron el cese de desalojos, la construcci\u00f3n de viviendas dignas, la protecci\u00f3n de los r\u00edos Ozama e Isabela y la cancelaci\u00f3n del proyecto de vertedero en la comunidad de Los Aguacates, en Pedro Brand.<\/p>\n<p>De igual forma, rechazaron lo que calificaron como abusos policiales, represi\u00f3n y criminalizaci\u00f3n de la protesta social.<img loading=\"lazy\" decoding=\"async\" data-recalc-dims=\"1\" data-dominant-color=\"696963\" data-has-transparency=\"false\" style=\"--dominant-color: #696963\" class=\"alignnone size-full wp-image-3099432 not-transparent\" src=\"https:\/\/i0.wp.com\/nuevodiario-assets.s3.us-east-2.amazonaws.com\/wp-content\/uploads\/2026\/04\/Coordinadora-Popular-protesta-frente-al-Palacio-Nacional-en-el-Dia-Nacional-de-la-Rebeldia-2.jpg?resize=640%2C480&#038;quality=100&#038;ssl=1\" alt=\"\" width=\"640\" height=\"480\" \/><\/p>\n<p>La Coordinadora Popular Nacional afirm\u00f3 que sus reclamos buscan dar continuidad a las aspiraciones democr\u00e1ticas de la Revoluci\u00f3n de Abril, al tiempo que reiter\u00f3 su llamado a garantizar condiciones de vida dignas para la poblaci\u00f3n.<\/p>\n<p>La entrada <a href=\"https:\/\/elnuevodiario.com.do\/coordinadora-popular-protesta-frente-al-palacio-nacional-en-el-dia-nacional-de-la-rebeldia\/\">Coordinadora Popular protesta frente al Palacio Nacional en el \u201cD\u00eda Nacional de la Rebeld\u00eda\u201d<\/a> se public\u00f3 primero en <a href=\"https:\/\/elnuevodiario.com.do\">El Nuevo Diario (Rep\u00fablica Dominicana)<\/a>.<\/p>\n","protected":false},"excerpt":{"rendered":"<p>EL NUEVO DIARIO, SANTO DOMINGO.- La Coordinadora Popular Nacional (CPN) realiz\u00f3 este lunes una concentraci\u00f3n frente al Palacio Nacional, donde exigi\u00f3 al presidente Luis Abinader y al gobierno del Partido Revolucionario Moderno (PRM) escuchar las demandas de los sectores populares. La manifestaci\u00f3n se llev\u00f3 a cabo en el marco del denominado \u201cD\u00eda Nacional de la<\/p>\n","protected":false},"author":1,"featured_media":37497,"comment_status":"open","ping_status":"open","sticky":false,"template":"","format":"standard","meta":{"footnotes":""},"categories":[1],"tags":[],"class_list":["post-37496","post","type-post","status-publish","format-standard","has-post-thumbnail","hentry","category-nacionales"],"_links":{"self":[{"href":"https:\/\/acronoticias.com\/index.php\/wp-json\/wp\/v2\/posts\/37496","targetHints":{"allow":["GET"]}}],"collection":[{"href":"https:\/\/acronoticias.com\/index.php\/wp-json\/wp\/v2\/posts"}],"about":[{"href":"https:\/\/acronoticias.com\/index.php\/wp-json\/wp\/v2\/types\/post"}],"author":[{"embeddable":true,"href":"https:\/\/acronoticias.com\/index.php\/wp-json\/wp\/v2\/users\/1"}],"replies":[{"embeddable":true,"href":"https:\/\/acronoticias.com\/index.php\/wp-json\/wp\/v2\/comments?post=37496"}],"version-history":[{"count":0,"href":"https:\/\/acronoticias.com\/index.php\/wp-json\/wp\/v2\/posts\/37496\/revisions"}],"wp:featuredmedia":[{"embeddable":true,"href":"https:\/\/acronoticias.com\/index.php\/wp-json\/wp\/v2\/media\/37497"}],"wp:attachment":[{"href":"https:\/\/acronoticias.com\/index.php\/wp-json\/wp\/v2\/media?parent=37496"}],"wp:term":[{"taxonomy":"category","embeddable":true,"href":"https:\/\/acronoticias.com\/index.php\/wp-json\/wp\/v2\/categories?post=37496"},{"taxonomy":"post_tag","embeddable":true,"href":"https:\/\/acronoticias.com\/index.php\/wp-json\/wp\/v2\/tags?post=37496"}],"curies":[{"name":"wp","href":"https:\/\/api.w.org\/{rel}","templated":true}]}}