{"id":37494,"date":"2026-04-27T23:48:38","date_gmt":"2026-04-27T23:48:38","guid":{"rendered":"https:\/\/acronoticias.com\/index.php\/2026\/04\/27\/quema-de-neumaticos-durante-paro-de-24-horas-en-san-francisco-de-macoris\/"},"modified":"2026-04-27T23:48:38","modified_gmt":"2026-04-27T23:48:38","slug":"quema-de-neumaticos-durante-paro-de-24-horas-en-san-francisco-de-macoris","status":"publish","type":"post","link":"https:\/\/acronoticias.com\/index.php\/2026\/04\/27\/quema-de-neumaticos-durante-paro-de-24-horas-en-san-francisco-de-macoris\/","title":{"rendered":"Quema de neum\u00e1ticos durante paro de 24 horas en San Francisco de Macor\u00eds"},"content":{"rendered":"<p><img loading=\"lazy\" decoding=\"async\" width=\"355\" height=\"200\" src=\"https:\/\/nuevodiario-assets.s3.us-east-2.amazonaws.com\/wp-content\/uploads\/2026\/04\/IMG_8403-355x200.jpeg\" class=\"webfeedsFeaturedVisual not-transparent wp-post-image\" alt=\"\" style=\"--dominant-color: #75675b;margin-bottom: 5px;clear:both;max-width: 100%\" data-has-transparency=\"false\" data-dominant-color=\"75675b\" \/><\/p>\n<p>EL NUEVO DIARIO, SAN FRANCISCO DE MACOR\u00cdS.-<\/p>\n<p><span class=\"Apple-converted-space\">\u00a0<\/span>La quema de neum\u00e1ticos en distintos sectores ha marcado el desarrollo del paro de 24 horas que se lleva a cabo este lunes en San Francisco de Macor\u00eds, como parte de las acciones de protesta convocadas por grupos populares.<\/p>\n<p>Durante la jornada, se han registrado focos de manifestaciones en varias v\u00edas, donde residentes han incendiado neum\u00e1ticos y colocado escombros, provocando limitaciones en el tr\u00e1nsito vehicular.<\/p>\n<p>Voceros de las organizaciones convocantes sostienen que la paralizaci\u00f3n responde a demandas relacionadas con la construcci\u00f3n de obras y la mejor\u00eda de servicios b\u00e1sicos en comunidades del municipio.<\/p>\n<p>En tanto, las autoridades han reforzado la vigilancia en la zona para prevenir incidentes, mientras contin\u00faa el desarrollo del paro.<\/p>\n<p>La entrada <a href=\"https:\/\/elnuevodiario.com.do\/quema-de-neumaticos-durante-paro-de-24-horas-en-san-francisco-de-macoris\/\">Quema de neum\u00e1ticos durante paro de 24 horas en San Francisco de Macor\u00eds<\/a> se public\u00f3 primero en <a href=\"https:\/\/elnuevodiario.com.do\">El Nuevo Diario (Rep\u00fablica Dominicana)<\/a>.<\/p>\n","protected":false},"excerpt":{"rendered":"<p>EL NUEVO DIARIO, SAN FRANCISCO DE MACOR\u00cdS.- \u00a0La quema de neum\u00e1ticos en distintos sectores ha marcado el desarrollo del paro de 24 horas que se lleva a cabo este lunes en San Francisco de Macor\u00eds, como parte de las acciones de protesta convocadas por grupos populares. Durante la jornada, se han registrado focos de manifestaciones<\/p>\n","protected":false},"author":1,"featured_media":37495,"comment_status":"open","ping_status":"open","sticky":false,"template":"","format":"standard","meta":{"footnotes":""},"categories":[1],"tags":[],"class_list":["post-37494","post","type-post","status-publish","format-standard","has-post-thumbnail","hentry","category-nacionales"],"_links":{"self":[{"href":"https:\/\/acronoticias.com\/index.php\/wp-json\/wp\/v2\/posts\/37494","targetHints":{"allow":["GET"]}}],"collection":[{"href":"https:\/\/acronoticias.com\/index.php\/wp-json\/wp\/v2\/posts"}],"about":[{"href":"https:\/\/acronoticias.com\/index.php\/wp-json\/wp\/v2\/types\/post"}],"author":[{"embeddable":true,"href":"https:\/\/acronoticias.com\/index.php\/wp-json\/wp\/v2\/users\/1"}],"replies":[{"embeddable":true,"href":"https:\/\/acronoticias.com\/index.php\/wp-json\/wp\/v2\/comments?post=37494"}],"version-history":[{"count":0,"href":"https:\/\/acronoticias.com\/index.php\/wp-json\/wp\/v2\/posts\/37494\/revisions"}],"wp:featuredmedia":[{"embeddable":true,"href":"https:\/\/acronoticias.com\/index.php\/wp-json\/wp\/v2\/media\/37495"}],"wp:attachment":[{"href":"https:\/\/acronoticias.com\/index.php\/wp-json\/wp\/v2\/media?parent=37494"}],"wp:term":[{"taxonomy":"category","embeddable":true,"href":"https:\/\/acronoticias.com\/index.php\/wp-json\/wp\/v2\/categories?post=37494"},{"taxonomy":"post_tag","embeddable":true,"href":"https:\/\/acronoticias.com\/index.php\/wp-json\/wp\/v2\/tags?post=37494"}],"curies":[{"name":"wp","href":"https:\/\/api.w.org\/{rel}","templated":true}]}}