{"id":37492,"date":"2026-04-27T23:32:48","date_gmt":"2026-04-27T23:32:48","guid":{"rendered":"https:\/\/acronoticias.com\/index.php\/2026\/04\/27\/comunitarios-de-los-aguacates-la-cuaba-y-el-belico-en-pedro-brand-protestan-en-reclamo-de-obras-basicas\/"},"modified":"2026-04-27T23:32:48","modified_gmt":"2026-04-27T23:32:48","slug":"comunitarios-de-los-aguacates-la-cuaba-y-el-belico-en-pedro-brand-protestan-en-reclamo-de-obras-basicas","status":"publish","type":"post","link":"https:\/\/acronoticias.com\/index.php\/2026\/04\/27\/comunitarios-de-los-aguacates-la-cuaba-y-el-belico-en-pedro-brand-protestan-en-reclamo-de-obras-basicas\/","title":{"rendered":"Comunitarios de Los Aguacates, La Cuaba y El B\u00e9lico, en Pedro Brand, protestan en reclamo de obras b\u00e1sicas"},"content":{"rendered":"<p><img loading=\"lazy\" decoding=\"async\" width=\"355\" height=\"200\" src=\"https:\/\/nuevodiario-assets.s3.us-east-2.amazonaws.com\/wp-content\/uploads\/2026\/04\/WhatsApp-Image-2026-04-27-at-6.50.39-PM-355x200.jpeg\" class=\"webfeedsFeaturedVisual not-transparent wp-post-image\" alt=\"\" style=\"--dominant-color: #706f70;margin-bottom: 5px;clear:both;max-width: 100%\" data-has-transparency=\"false\" data-dominant-color=\"706f70\" \/><\/p>\n<p><strong>EL NUEVO DIARIO, PEDRO BRAND<\/strong>.- Las comunidades de Los Aguacates, La Cuaba y El B\u00e9lico anunciaron la realizaci\u00f3n de una jornada de manifestaci\u00f3n pac\u00edfica este lunes q las 10 de la ma\u00f1ana en la entrada de La Cuaba, con el objetivo de exigir al presidente Luis Abinader la ejecuci\u00f3n urgente de obras esenciales para la zona.<\/p>\n<p>Los comunitarios explicaron que, aunque respaldan la instalaci\u00f3n de una planta recicladora por el impacto positivo en la generaci\u00f3n de empleos, consideran imprescindible que el Gobierno atienda primero las principales necesidades que afectan a estas localidades.<\/p>\n<p>\u201cNo nos oponemos al desarrollo. Queremos que ese desarrollo tambi\u00e9n se refleje en nuestras comunidades\u201d, expres\u00f3 la Junta de Vecinos de Los Aguacates mediante un comunicado.<\/p>\n<p><a href=\"https:\/\/videos.files.wordpress.com\/2rtW35sz\/video.mp4\">video-mp4<\/a><\/p>\n<p>Durante la jornada, se prev\u00e9 la participaci\u00f3n de residentes, estudiantes, padres de familia y comerciantes, quienes realizar\u00e1n una concentraci\u00f3n pac\u00edfica, exhibir\u00e1n pancartas y dar\u00e1n a conocer las problem\u00e1ticas que enfrentan a diario.<\/p>\n<p>Entre las principales demandas que motivan la convocatoria se encuentran:\u00a0El asfaltado de la carretera Los Aguacates\u2013La Cuaba y sus v\u00edas secundarias, la construcci\u00f3n de una escuela b\u00e1sica para m\u00e1s de 300 ni\u00f1os de las zonas, la instalaci\u00f3n de un destacamento policial ante el aumento de la inseguridad y El suministro permanente de agua potable en todos los hogares.<\/p>\n<p><img loading=\"lazy\" decoding=\"async\" data-recalc-dims=\"1\" data-dominant-color=\"737470\" data-has-transparency=\"false\" style=\"--dominant-color: #737470\" class=\"alignnone size-medium wp-image-3099370 not-transparent\" src=\"https:\/\/i0.wp.com\/nuevodiario-assets.s3.us-east-2.amazonaws.com\/wp-content\/uploads\/2026\/04\/WhatsApp-Image-2026-04-27-at-6.50.00-PM-400x300.jpeg?resize=400%2C300&#038;quality=100&#038;ssl=1\" alt=\"\" width=\"400\" height=\"300\" \/><\/p>\n<p>Los organizadores hicieron un llamado a las autoridades a escuchar el reclamo de las comunidades y advirtieron que esta jornada marca el inicio de una serie de acciones si no reciben respuestas concretas.<\/p>\n<p>La entrada <a href=\"https:\/\/elnuevodiario.com.do\/comunitarios-de-los-aguacates-la-cuaba-y-el-belico-en-pedro-brand-protestan-en-reclamo-de-obras-basicas\/\">Comunitarios de Los Aguacates, La Cuaba y El B\u00e9lico, en Pedro Brand, protestan en reclamo de obras b\u00e1sicas<\/a> se public\u00f3 primero en <a href=\"https:\/\/elnuevodiario.com.do\">El Nuevo Diario (Rep\u00fablica Dominicana)<\/a>.<\/p>\n","protected":false},"excerpt":{"rendered":"<p>EL NUEVO DIARIO, PEDRO BRAND.- Las comunidades de Los Aguacates, La Cuaba y El B\u00e9lico anunciaron la realizaci\u00f3n de una jornada de manifestaci\u00f3n pac\u00edfica este lunes q las 10 de la ma\u00f1ana en la entrada de La Cuaba, con el objetivo de exigir al presidente Luis Abinader la ejecuci\u00f3n urgente de obras esenciales para la<\/p>\n","protected":false},"author":1,"featured_media":37493,"comment_status":"open","ping_status":"open","sticky":false,"template":"","format":"standard","meta":{"footnotes":""},"categories":[1],"tags":[],"class_list":["post-37492","post","type-post","status-publish","format-standard","has-post-thumbnail","hentry","category-nacionales"],"_links":{"self":[{"href":"https:\/\/acronoticias.com\/index.php\/wp-json\/wp\/v2\/posts\/37492","targetHints":{"allow":["GET"]}}],"collection":[{"href":"https:\/\/acronoticias.com\/index.php\/wp-json\/wp\/v2\/posts"}],"about":[{"href":"https:\/\/acronoticias.com\/index.php\/wp-json\/wp\/v2\/types\/post"}],"author":[{"embeddable":true,"href":"https:\/\/acronoticias.com\/index.php\/wp-json\/wp\/v2\/users\/1"}],"replies":[{"embeddable":true,"href":"https:\/\/acronoticias.com\/index.php\/wp-json\/wp\/v2\/comments?post=37492"}],"version-history":[{"count":0,"href":"https:\/\/acronoticias.com\/index.php\/wp-json\/wp\/v2\/posts\/37492\/revisions"}],"wp:featuredmedia":[{"embeddable":true,"href":"https:\/\/acronoticias.com\/index.php\/wp-json\/wp\/v2\/media\/37493"}],"wp:attachment":[{"href":"https:\/\/acronoticias.com\/index.php\/wp-json\/wp\/v2\/media?parent=37492"}],"wp:term":[{"taxonomy":"category","embeddable":true,"href":"https:\/\/acronoticias.com\/index.php\/wp-json\/wp\/v2\/categories?post=37492"},{"taxonomy":"post_tag","embeddable":true,"href":"https:\/\/acronoticias.com\/index.php\/wp-json\/wp\/v2\/tags?post=37492"}],"curies":[{"name":"wp","href":"https:\/\/api.w.org\/{rel}","templated":true}]}}