{"id":37484,"date":"2026-04-27T23:00:54","date_gmt":"2026-04-27T23:00:54","guid":{"rendered":"https:\/\/acronoticias.com\/index.php\/2026\/04\/27\/gobierno-cubrira-gastos-medicos-de-persona-herida-en-accidente-con-avanzada-presidencial\/"},"modified":"2026-04-27T23:00:54","modified_gmt":"2026-04-27T23:00:54","slug":"gobierno-cubrira-gastos-medicos-de-persona-herida-en-accidente-con-avanzada-presidencial","status":"publish","type":"post","link":"https:\/\/acronoticias.com\/index.php\/2026\/04\/27\/gobierno-cubrira-gastos-medicos-de-persona-herida-en-accidente-con-avanzada-presidencial\/","title":{"rendered":"Gobierno cubrir\u00e1 gastos m\u00e9dicos de persona herida en accidente con avanzada presidencial"},"content":{"rendered":"<p><img loading=\"lazy\" decoding=\"async\" width=\"355\" height=\"200\" src=\"https:\/\/nuevodiario-assets.s3.us-east-2.amazonaws.com\/wp-content\/uploads\/2022\/08\/16173529\/WhatsApp-Image-2022-08-16-at-9.08.49-PM-e1660700174170.jpeg\" class=\"webfeedsFeaturedVisual wp-post-image\" alt=\"\" style=\"margin-bottom: 5px;clear:both;max-width: 100%\" \/><\/p>\n<p>EL NUEVO DIARIO, SANTO DOMINGO.- El jefe Cuerpo de Seguridad Presidencial (CUSEP), mayor general Jimy Arias, inform\u00f3 que la persona herida producto de un accidente con un veh\u00edculo de la avanzada presidencial esta ma\u00f1ana se encuentra recibiendo atenciones m\u00e9dicas en la cl\u00ednica Bournigal de Puerto Plata, y el gobierno asumir\u00e1 todos los gastos m\u00e9dicos, por disposici\u00f3n del presidente Luis Abinader.<\/p>\n<p>Arias se\u00f1al\u00f3 que los dos militares heridos fueron trasladados en helic\u00f3ptero a Cedimat en el Distrito Nacional y que el civil herido se prefiri\u00f3 no movizarlo y atenderlo en Puerto Plata.<\/p>\n<p>El accidente de tr\u00e1nsito ocurri\u00f3 la ma\u00f1ana de este lunes 27 de abril en el tramo carretero Maim\u00f3n\u2013Puerto Plata, mientras personal de la avanzada presidencial se trasladaba hacia una actividad oficial en la provincia de Puerto Plata.<\/p>\n<p>Se recuerda que el hecho estuvieron involucrados dos veh\u00edculos: una unidad oficial asignada a la escolta presidencial y un veh\u00edculo civil, como resultado del accidente, dos miembros de la escolta presidencial y un ciudadano civil presentaron traumas diversos.<\/p>\n<p>Se precisa que el se\u00f1or presidente de la Rep\u00fablica no se desplazaba en dicha caravana al momento del incidente.<\/p>\n<p>La entrada <a href=\"https:\/\/elnuevodiario.com.do\/gobierno-cubrira-gastos-medicos-de-persona-herida-en-accidente-con-avanzada-presidencial\/\">Gobierno cubrir\u00e1 gastos m\u00e9dicos de persona herida en accidente con avanzada presidencial<\/a> se public\u00f3 primero en <a href=\"https:\/\/elnuevodiario.com.do\">El Nuevo Diario (Rep\u00fablica Dominicana)<\/a>.<\/p>\n","protected":false},"excerpt":{"rendered":"<p>EL NUEVO DIARIO, SANTO DOMINGO.- El jefe Cuerpo de Seguridad Presidencial (CUSEP), mayor general Jimy Arias, inform\u00f3 que la persona herida producto de un accidente con un veh\u00edculo de la avanzada presidencial esta ma\u00f1ana se encuentra recibiendo atenciones m\u00e9dicas en la cl\u00ednica Bournigal de Puerto Plata, y el gobierno asumir\u00e1 todos los gastos m\u00e9dicos, por<\/p>\n","protected":false},"author":1,"featured_media":37485,"comment_status":"open","ping_status":"open","sticky":false,"template":"","format":"standard","meta":{"footnotes":""},"categories":[1],"tags":[],"class_list":["post-37484","post","type-post","status-publish","format-standard","has-post-thumbnail","hentry","category-nacionales"],"_links":{"self":[{"href":"https:\/\/acronoticias.com\/index.php\/wp-json\/wp\/v2\/posts\/37484","targetHints":{"allow":["GET"]}}],"collection":[{"href":"https:\/\/acronoticias.com\/index.php\/wp-json\/wp\/v2\/posts"}],"about":[{"href":"https:\/\/acronoticias.com\/index.php\/wp-json\/wp\/v2\/types\/post"}],"author":[{"embeddable":true,"href":"https:\/\/acronoticias.com\/index.php\/wp-json\/wp\/v2\/users\/1"}],"replies":[{"embeddable":true,"href":"https:\/\/acronoticias.com\/index.php\/wp-json\/wp\/v2\/comments?post=37484"}],"version-history":[{"count":0,"href":"https:\/\/acronoticias.com\/index.php\/wp-json\/wp\/v2\/posts\/37484\/revisions"}],"wp:featuredmedia":[{"embeddable":true,"href":"https:\/\/acronoticias.com\/index.php\/wp-json\/wp\/v2\/media\/37485"}],"wp:attachment":[{"href":"https:\/\/acronoticias.com\/index.php\/wp-json\/wp\/v2\/media?parent=37484"}],"wp:term":[{"taxonomy":"category","embeddable":true,"href":"https:\/\/acronoticias.com\/index.php\/wp-json\/wp\/v2\/categories?post=37484"},{"taxonomy":"post_tag","embeddable":true,"href":"https:\/\/acronoticias.com\/index.php\/wp-json\/wp\/v2\/tags?post=37484"}],"curies":[{"name":"wp","href":"https:\/\/api.w.org\/{rel}","templated":true}]}}