{"id":37480,"date":"2026-04-27T22:28:51","date_gmt":"2026-04-27T22:28:51","guid":{"rendered":"https:\/\/acronoticias.com\/index.php\/2026\/04\/27\/mas-de-2-mil-trabajadores-de-la-construccion-mueren-cada-ano-en-rd-asegura-fenticommc\/"},"modified":"2026-04-27T22:28:51","modified_gmt":"2026-04-27T22:28:51","slug":"mas-de-2-mil-trabajadores-de-la-construccion-mueren-cada-ano-en-rd-asegura-fenticommc","status":"publish","type":"post","link":"https:\/\/acronoticias.com\/index.php\/2026\/04\/27\/mas-de-2-mil-trabajadores-de-la-construccion-mueren-cada-ano-en-rd-asegura-fenticommc\/","title":{"rendered":"M\u00e1s de 2 mil trabajadores de la construcci\u00f3n mueren cada a\u00f1o en RD, asegura Fenticommc"},"content":{"rendered":"<p><img loading=\"lazy\" decoding=\"async\" width=\"355\" height=\"200\" src=\"https:\/\/nuevodiario-assets.s3.us-east-2.amazonaws.com\/wp-content\/uploads\/2026\/04\/Mas-de-2-mil-trabajadores-de-la-construccion-mueren-cada-ano-en-RD-asegura-Fenticommc-1-355x200.jpeg\" class=\"webfeedsFeaturedVisual not-transparent wp-post-image\" alt=\"\" style=\"--dominant-color: #a9a7a6;margin-bottom: 5px;clear:both;max-width: 100%\" data-has-transparency=\"false\" data-dominant-color=\"a9a7a6\" \/><\/p>\n<p>EL NUEVO DIARIO, SANTO DOMINGO.- La <span class=\"hover:entity-accent entity-underline inline cursor-pointer align-baseline\"><span class=\"whitespace-normal\">Federaci\u00f3n Nacional de Trabajadores de la Industria de la Construcci\u00f3n, Madera, Materiales de la Construcci\u00f3n (Fenticommc)<\/span><\/span> inform\u00f3 este lunes que en la <span class=\"hover:entity-accent entity-underline inline cursor-pointer align-baseline\"><span class=\"whitespace-normal\">Rep\u00fablica Dominicana<\/span><\/span> mueren cada a\u00f1o alrededor de 2,500 trabajadores del sector construcci\u00f3n, situaci\u00f3n que atribuyen a condiciones laborales inadecuadas.<\/p>\n<section class=\"text-token-text-primary w-full focus:outline-none [--shadow-height:45px] has-data-writing-block:pointer-events-none has-data-writing-block:-mt-(--shadow-height) has-data-writing-block:pt-(--shadow-height) [&amp;:has([data-writing-block])&gt;*]:pointer-events-auto [content-visibility:auto] supports-[content-visibility:auto]:[contain-intrinsic-size:auto_100lvh] R6Vx5W_threadScrollVars scroll-mb-[calc(var(--scroll-root-safe-area-inset-bottom,0px)+var(--thread-response-height))] scroll-mt-[calc(var(--header-height)+min(200px,max(70px,20svh)))]\" dir=\"auto\" data-turn-id=\"request-WEB:ff4b6329-c929-454a-b774-a6fca5b482a0-16\" data-testid=\"conversation-turn-34\" data-scroll-anchor=\"false\" data-turn=\"assistant\">\n<div class=\"text-base my-auto mx-auto pb-10 [--thread-content-margin:var(--thread-content-margin-xs,calc(var(--spacing)*4))] @w-sm\/main:[--thread-content-margin:var(--thread-content-margin-sm,calc(var(--spacing)*6))] @w-lg\/main:[--thread-content-margin:var(--thread-content-margin-lg,calc(var(--spacing)*16))] px-(--thread-content-margin)\">\n<div class=\"[--thread-content-max-width:40rem] @w-lg\/main:[--thread-content-max-width:48rem] mx-auto max-w-(--thread-content-max-width) flex-1 group\/turn-messages focus-visible:outline-hidden relative flex w-full min-w-0 flex-col agent-turn\">\n<div class=\"flex max-w-full flex-col gap-4 grow\">\n<div class=\"min-h-8 text-message relative flex w-full flex-col items-end gap-2 text-start break-words whitespace-normal outline-none keyboard-focused:focus-ring [.text-message+&amp;]:mt-1\" dir=\"auto\" data-message-author-role=\"assistant\" data-message-id=\"8bcdfb45-64ec-4f4c-8446-68d60412d555\" data-message-model-slug=\"gpt-5-3\" data-turn-start-message=\"true\">\n<div class=\"flex w-full flex-col gap-1 empty:hidden\">\n<div class=\"markdown prose dark:prose-invert w-full wrap-break-word light markdown-new-styling\">\n<p data-start=\"232\" data-end=\"583\">El se\u00f1alamiento fue realizado en el marco del <span class=\"hover:entity-accent entity-underline inline cursor-pointer align-baseline\"><span class=\"whitespace-normal\">D\u00eda Internacional de la Salud y la Seguridad en el Trabajo<\/span><\/span>, durante una actividad en la que la organizaci\u00f3n llev\u00f3 a cabo un encendido de velas en memoria de los trabajadores fallecidos, al tiempo que hizo un llamado al Estado y a los empleadores a priorizar la protecci\u00f3n, el bienestar y la dignidad en los espacios laborales.<\/p>\n<p data-start=\"585\" data-end=\"883\">Durante la jornada, <span class=\"hover:entity-accent entity-underline inline cursor-pointer align-baseline\"><span class=\"whitespace-normal\">Nilton Freitas<\/span><\/span>, director de la <span class=\"hover:entity-accent entity-underline inline cursor-pointer align-baseline\"><span class=\"whitespace-normal\">Internacional de la Industria de la Construcci\u00f3n y la Madera (ICM)<\/span><\/span>, indic\u00f3 que a nivel mundial mueren cerca de 3 millones de trabajadores cada a\u00f1o por accidentes y enfermedades laborales, y que cada 15 minutos ocurre un hecho fatal vinculado al trabajo.<\/p>\n<p data-start=\"885\" data-end=\"1131\">Freitas subray\u00f3 que el sector construcci\u00f3n figura entre los de mayor riesgo en el pa\u00eds, ocupando el segundo lugar en mortalidad laboral, lo que, seg\u00fan explic\u00f3, evidencia la necesidad de reforzar las medidas de seguridad en los lugares de trabajo.<\/p>\n<p><a href=\"https:\/\/elnuevodiario.com.do\/mas-de-2-mil-trabajadores-de-la-construccion-mueren-cada-ano-en-rd-asegura-fenticommc\/mas-de-2-mil-trabajadores-de-la-construccion-mueren-cada-ano-en-rd-asegura-fenticommc-2\/\"><img loading=\"lazy\" decoding=\"async\" data-recalc-dims=\"1\" width=\"640\" height=\"360\" src=\"https:\/\/i0.wp.com\/nuevodiario-assets.s3.us-east-2.amazonaws.com\/wp-content\/uploads\/2026\/04\/Mas-de-2-mil-trabajadores-de-la-construccion-mueren-cada-ano-en-RD-asegura-Fenticommc-2.jpeg?resize=640%2C360&#038;quality=100&#038;ssl=1\" class=\"attachment-full size-full not-transparent\" alt=\"\" data-has-transparency=\"false\" data-dominant-color=\"a19e9d\" style=\"--dominant-color: #a19e9d\" \/><\/a><\/p>\n<p data-start=\"1133\" data-end=\"1362\">La federaci\u00f3n destac\u00f3 que la seguridad y salud ocupacional no debe considerarse opcional, sino una responsabilidad \u00e9tica y legal que incide tanto en la calidad de vida de los trabajadores como en la productividad de las empresas.<\/p>\n<p data-start=\"1364\" data-end=\"1629\">De su lado, <span class=\"hover:entity-accent entity-underline inline cursor-pointer align-baseline\"><span class=\"whitespace-normal\">Pedro Julio Alc\u00e1ntara<\/span><\/span>, presidente de Fenticommc, se\u00f1al\u00f3 que en sectores de alto riesgo como la construcci\u00f3n es fundamental fortalecer la prevenci\u00f3n, garantizar el uso de equipos de protecci\u00f3n personal y promover la capacitaci\u00f3n continua.<\/p>\n<p data-start=\"1631\" data-end=\"1843\">Asimismo, enfatiz\u00f3 la necesidad de fomentar una cultura de prevenci\u00f3n que involucre tanto a empleadores como a trabajadores, reiterando el compromiso de la organizaci\u00f3n con condiciones laborales seguras y dignas.<\/p>\n<p data-start=\"1845\" data-end=\"2054\">La entidad tambi\u00e9n inst\u00f3 a las autoridades a reforzar la supervisi\u00f3n y el cumplimiento de las normativas vigentes en materia de seguridad laboral, con el objetivo de garantizar entornos de trabajo m\u00e1s seguros.<\/p>\n<p data-start=\"2056\" data-end=\"2222\">Finalmente, Fenticommc reafirm\u00f3 su compromiso con la defensa de los derechos laborales y la promoci\u00f3n de espacios de trabajo seguros, saludables y humanos en el pa\u00eds.<\/p>\n<p data-start=\"2224\" data-end=\"2352\" data-is-last-node=\"\" data-is-only-node=\"\">\n<section class=\"text-token-text-primary w-full focus:outline-none [--shadow-height:45px] has-data-writing-block:pointer-events-none has-data-writing-block:-mt-(--shadow-height) has-data-writing-block:pt-(--shadow-height) [&amp;:has([data-writing-block])&gt;*]:pointer-events-auto [content-visibility:auto] supports-[content-visibility:auto]:[contain-intrinsic-size:auto_100lvh] R6Vx5W_threadScrollVars scroll-mb-[calc(var(--scroll-root-safe-area-inset-bottom,0px)+var(--thread-response-height))] scroll-mt-[calc(var(--header-height)+min(200px,max(70px,20svh)))]\" dir=\"auto\" data-turn-id=\"request-WEB:ff4b6329-c929-454a-b774-a6fca5b482a0-17\" data-testid=\"conversation-turn-36\" data-scroll-anchor=\"false\" data-turn=\"assistant\">\n<div class=\"text-base my-auto mx-auto pb-10 [--thread-content-margin:var(--thread-content-margin-xs,calc(var(--spacing)*4))] @w-sm\/main:[--thread-content-margin:var(--thread-content-margin-sm,calc(var(--spacing)*6))] @w-lg\/main:[--thread-content-margin:var(--thread-content-margin-lg,calc(var(--spacing)*16))] px-(--thread-content-margin)\">\n<div class=\"[--thread-content-max-width:40rem] @w-lg\/main:[--thread-content-max-width:48rem] mx-auto max-w-(--thread-content-max-width) flex-1 group\/turn-messages focus-visible:outline-hidden relative flex w-full min-w-0 flex-col agent-turn\">\n<div class=\"z-0 flex min-h-[46px] justify-start\"><\/div>\n<div class=\"mt-3 w-full empty:hidden\">\n<div class=\"text-center\"><\/div>\n<\/div>\n<\/div>\n<\/div>\n<\/section>\n<div class=\"pointer-events-none -mt-px h-px translate-y-[calc(var(--scroll-root-safe-area-inset-bottom)-14*var(--spacing))]\" aria-hidden=\"true\"><\/div>\n<\/div>\n<\/div>\n<\/div>\n<\/div>\n<div class=\"z-0 flex min-h-[46px] justify-start\"><\/div>\n<div class=\"mt-3 w-full empty:hidden\">\n<div class=\"text-center\"><\/div>\n<\/div>\n<\/div>\n<\/div>\n<\/section>\n<div class=\"pointer-events-none -mt-px h-px translate-y-[calc(var(--scroll-root-safe-area-inset-bottom)-14*var(--spacing))]\" aria-hidden=\"true\"><\/div>\n<p>La entrada <a href=\"https:\/\/elnuevodiario.com.do\/mas-de-2-mil-trabajadores-de-la-construccion-mueren-cada-ano-en-rd-asegura-fenticommc\/\">M\u00e1s de 2 mil trabajadores de la construcci\u00f3n mueren cada a\u00f1o en RD, asegura Fenticommc<\/a> se public\u00f3 primero en <a href=\"https:\/\/elnuevodiario.com.do\">El Nuevo Diario (Rep\u00fablica Dominicana)<\/a>.<\/p>\n","protected":false},"excerpt":{"rendered":"<p>EL NUEVO DIARIO, SANTO DOMINGO.- La Federaci\u00f3n Nacional de Trabajadores de la Industria de la Construcci\u00f3n, Madera, Materiales de la Construcci\u00f3n (Fenticommc) inform\u00f3 este lunes que en la Rep\u00fablica Dominicana mueren cada a\u00f1o alrededor de 2,500 trabajadores del sector construcci\u00f3n, situaci\u00f3n que atribuyen a condiciones laborales inadecuadas. El se\u00f1alamiento fue realizado en el marco del<\/p>\n","protected":false},"author":1,"featured_media":37481,"comment_status":"open","ping_status":"open","sticky":false,"template":"","format":"standard","meta":{"footnotes":""},"categories":[1],"tags":[],"class_list":["post-37480","post","type-post","status-publish","format-standard","has-post-thumbnail","hentry","category-nacionales"],"_links":{"self":[{"href":"https:\/\/acronoticias.com\/index.php\/wp-json\/wp\/v2\/posts\/37480","targetHints":{"allow":["GET"]}}],"collection":[{"href":"https:\/\/acronoticias.com\/index.php\/wp-json\/wp\/v2\/posts"}],"about":[{"href":"https:\/\/acronoticias.com\/index.php\/wp-json\/wp\/v2\/types\/post"}],"author":[{"embeddable":true,"href":"https:\/\/acronoticias.com\/index.php\/wp-json\/wp\/v2\/users\/1"}],"replies":[{"embeddable":true,"href":"https:\/\/acronoticias.com\/index.php\/wp-json\/wp\/v2\/comments?post=37480"}],"version-history":[{"count":0,"href":"https:\/\/acronoticias.com\/index.php\/wp-json\/wp\/v2\/posts\/37480\/revisions"}],"wp:featuredmedia":[{"embeddable":true,"href":"https:\/\/acronoticias.com\/index.php\/wp-json\/wp\/v2\/media\/37481"}],"wp:attachment":[{"href":"https:\/\/acronoticias.com\/index.php\/wp-json\/wp\/v2\/media?parent=37480"}],"wp:term":[{"taxonomy":"category","embeddable":true,"href":"https:\/\/acronoticias.com\/index.php\/wp-json\/wp\/v2\/categories?post=37480"},{"taxonomy":"post_tag","embeddable":true,"href":"https:\/\/acronoticias.com\/index.php\/wp-json\/wp\/v2\/tags?post=37480"}],"curies":[{"name":"wp","href":"https:\/\/api.w.org\/{rel}","templated":true}]}}