{"id":37476,"date":"2026-04-27T22:13:20","date_gmt":"2026-04-27T22:13:20","guid":{"rendered":"https:\/\/acronoticias.com\/index.php\/2026\/04\/27\/mexico-preve-mas-ciclones-en-el-pacifico-y-calor-intenso-este-verano\/"},"modified":"2026-04-27T22:13:20","modified_gmt":"2026-04-27T22:13:20","slug":"mexico-preve-mas-ciclones-en-el-pacifico-y-calor-intenso-este-verano","status":"publish","type":"post","link":"https:\/\/acronoticias.com\/index.php\/2026\/04\/27\/mexico-preve-mas-ciclones-en-el-pacifico-y-calor-intenso-este-verano\/","title":{"rendered":"M\u00e9xico prev\u00e9 m\u00e1s ciclones en el Pac\u00edfico y calor intenso este verano"},"content":{"rendered":"<p><strong>Ciudad de M\u00e9xico.- El Servicio Meteorol\u00f3gico Nacional (SMN) inform\u00f3 que la temporada de lluvias en M\u00e9xico en 2026 iniciar\u00e1 en mayo<\/strong>, con una <strong>mayor actividad cicl\u00f3nica en el oc\u00e9ano Pac\u00edfico<\/strong> y condiciones de <strong>temperaturas superiores al promedio<\/strong> en varias regiones del pa\u00eds.<\/p>\n<p><strong>El organismo explic\u00f3 que las lluvias se generalizar\u00e1n en todo el territorio nacional a partir de junio<\/strong>, marcando el inicio de una etapa de mayor inestabilidad atmosf\u00e9rica y variaciones clim\u00e1ticas importantes.<\/p>\n<p><strong>Sin embargo, el SMN advirti\u00f3 que en julio las precipitaciones podr\u00edan disminuir en algunas zonas<\/strong>, especialmente en el <strong>noreste, centro, oriente, sur y sureste del pa\u00eds<\/strong>, debido a la influencia del fen\u00f3meno de <strong>El Ni\u00f1o<\/strong>.<\/p>\n<figure class=\"wp-block-image size-full\"><img loading=\"lazy\" decoding=\"async\" width=\"414\" height=\"276\" src=\"https:\/\/multimedia.noticiassin.com\/wp-content\/uploads\/2026\/04\/mexico-preve-mas-ciclones-en-el-pacifico-y-calor-intenso-este-verano-20260427-211057-iGTr.png\" alt=\"\" class=\"wp-image-1987340\" \/><\/figure>\n<h3 class=\"wp-block-heading\">Temperaturas y ondas de calor<\/h3>\n<p><strong>Se prev\u00e9 que durante el verano de 2026 las temperaturas se mantengan por encima del promedio<\/strong>, lo que incrementa el riesgo de <strong>ondas de calor intensas<\/strong>, particularmente en el <strong>noreste de M\u00e9xico<\/strong> durante julio y agosto.<\/p>\n<p><strong>Estas condiciones t\u00e9rmicas elevadas podr\u00edan agravar los efectos de la sequ\u00eda y la sensaci\u00f3n t\u00e9rmica<\/strong>, afectando sectores como la agricultura, la salud p\u00fablica y el suministro de agua en diversas regiones.<\/p>\n<h3 class=\"wp-block-heading\">Temporada de ciclones en M\u00e9xico<\/h3>\n<p><strong>El SMN anticipa una mayor actividad cicl\u00f3nica en el oc\u00e9ano Pac\u00edfico durante 2026<\/strong>, con un n\u00famero significativo de sistemas tropicales que podr\u00edan influir en las condiciones clim\u00e1ticas del pa\u00eds.<\/p>\n<p><strong>En el Atl\u00e1ntico, se espera una actividad cercana o ligeramente inferior al promedio<\/strong>, tambi\u00e9n condicionada por la posible presencia del fen\u00f3meno de El Ni\u00f1o durante el periodo.<\/p>\n<p><strong>El organismo advirti\u00f3 que, aunque haya menos ciclones, un solo evento puede generar impactos severos<\/strong>, especialmente en estados vulnerables como <strong>Baja California Sur, Sinaloa, Tamaulipas, Veracruz y Quintana Roo<\/strong>.<\/p>\n<p><strong>Para el Pac\u00edfico se prev\u00e9 la formaci\u00f3n de entre 18 y 21 ciclones con nombre<\/strong>, incluyendo <strong>tormentas tropicales, huracanes de categor\u00edas 1 y 2, y huracanes mayores<\/strong>.<\/p>\n<ul class=\"wp-block-list\">\n<li><strong>En el Atl\u00e1ntico se estiman entre 11 y 15 sistemas cicl\u00f3nicos<\/strong>, con posibles <strong>huracanes de alta intensidad<\/strong>, lo que mantiene la vigilancia meteorol\u00f3gica activa.<\/li>\n<\/ul>\n<p><strong>El SMN tambi\u00e9n se\u00f1al\u00f3 una alta probabilidad de formaci\u00f3n del fen\u00f3meno de El Ni\u00f1o entre mayo y julio<\/strong>, con posible intensificaci\u00f3n hacia finales del verano y el invierno, lo que podr\u00eda influir en la temporada cicl\u00f3nica.<\/p>\n<p><strong>En 2025, M\u00e9xico registr\u00f3 31 ciclones con nombre durante la temporada de lluvias<\/strong>, superando ligeramente el a\u00f1o anterior, con mayor actividad en el <strong>Pac\u00edfico y el Atl\u00e1ntico<\/strong>.<\/p>\n","protected":false},"excerpt":{"rendered":"<p>Ciudad de M\u00e9xico.- El Servicio Meteorol\u00f3gico Nacional (SMN) inform\u00f3 que la temporada de lluvias en M\u00e9xico en 2026 iniciar\u00e1 en mayo, con una mayor actividad cicl\u00f3nica en el oc\u00e9ano Pac\u00edfico y condiciones de temperaturas superiores al promedio en varias regiones del pa\u00eds. El organismo explic\u00f3 que las lluvias se generalizar\u00e1n en todo el territorio nacional<\/p>\n","protected":false},"author":1,"featured_media":37477,"comment_status":"open","ping_status":"open","sticky":false,"template":"","format":"standard","meta":{"footnotes":""},"categories":[3],"tags":[],"class_list":["post-37476","post","type-post","status-publish","format-standard","has-post-thumbnail","hentry","category-internacionales"],"_links":{"self":[{"href":"https:\/\/acronoticias.com\/index.php\/wp-json\/wp\/v2\/posts\/37476","targetHints":{"allow":["GET"]}}],"collection":[{"href":"https:\/\/acronoticias.com\/index.php\/wp-json\/wp\/v2\/posts"}],"about":[{"href":"https:\/\/acronoticias.com\/index.php\/wp-json\/wp\/v2\/types\/post"}],"author":[{"embeddable":true,"href":"https:\/\/acronoticias.com\/index.php\/wp-json\/wp\/v2\/users\/1"}],"replies":[{"embeddable":true,"href":"https:\/\/acronoticias.com\/index.php\/wp-json\/wp\/v2\/comments?post=37476"}],"version-history":[{"count":0,"href":"https:\/\/acronoticias.com\/index.php\/wp-json\/wp\/v2\/posts\/37476\/revisions"}],"wp:featuredmedia":[{"embeddable":true,"href":"https:\/\/acronoticias.com\/index.php\/wp-json\/wp\/v2\/media\/37477"}],"wp:attachment":[{"href":"https:\/\/acronoticias.com\/index.php\/wp-json\/wp\/v2\/media?parent=37476"}],"wp:term":[{"taxonomy":"category","embeddable":true,"href":"https:\/\/acronoticias.com\/index.php\/wp-json\/wp\/v2\/categories?post=37476"},{"taxonomy":"post_tag","embeddable":true,"href":"https:\/\/acronoticias.com\/index.php\/wp-json\/wp\/v2\/tags?post=37476"}],"curies":[{"name":"wp","href":"https:\/\/api.w.org\/{rel}","templated":true}]}}