{"id":37472,"date":"2026-04-27T21:55:17","date_gmt":"2026-04-27T21:55:17","guid":{"rendered":"https:\/\/acronoticias.com\/index.php\/2026\/04\/27\/video-parroco-luis-maria-ramon-destaca-liderazgo-de-abinader-en-tiempos-de-crisis\/"},"modified":"2026-04-27T21:55:17","modified_gmt":"2026-04-27T21:55:17","slug":"video-parroco-luis-maria-ramon-destaca-liderazgo-de-abinader-en-tiempos-de-crisis","status":"publish","type":"post","link":"https:\/\/acronoticias.com\/index.php\/2026\/04\/27\/video-parroco-luis-maria-ramon-destaca-liderazgo-de-abinader-en-tiempos-de-crisis\/","title":{"rendered":"(VIDEO) P\u00e1rroco Luis Mar\u00eda Ram\u00f3n destaca liderazgo de Abinader en tiempos de crisis"},"content":{"rendered":"<p><img loading=\"lazy\" decoding=\"async\" width=\"355\" height=\"200\" src=\"https:\/\/nuevodiario-assets.s3.us-east-2.amazonaws.com\/wp-content\/uploads\/2026\/04\/Parraco-Luis-Maria--355x200.jpg\" class=\"webfeedsFeaturedVisual not-transparent wp-post-image\" alt=\"\" style=\"--dominant-color: #babed7;margin-bottom: 5px;clear:both;max-width: 100%\" data-has-transparency=\"false\" data-dominant-color=\"babed7\" \/><\/p>\n<p>EL NUEVO DIARIO, NAGUA.- El p\u00e1rroco <span class=\"hover:entity-accent entity-underline inline cursor-pointer align-baseline\"><span class=\"whitespace-normal\">Luis Mar\u00eda Ram\u00f3n<\/span><\/span> destac\u00f3 el liderazgo del presidente <span class=\"hover:entity-accent entity-underline inline cursor-pointer align-baseline\"><span class=\"whitespace-normal\">Luis Abinader<\/span><\/span> en tiempos de crisis, al definirlo como un estadista que ha defendido la soberan\u00eda nacional, enfrentado desaf\u00edos sin titubeos y ejecutado una gesti\u00f3n con resultados concretos en beneficio de la poblaci\u00f3n.<\/p>\n<section class=\"text-token-text-primary w-full focus:outline-none [--shadow-height:45px] has-data-writing-block:pointer-events-none has-data-writing-block:-mt-(--shadow-height) has-data-writing-block:pt-(--shadow-height) [&amp;:has([data-writing-block])&gt;*]:pointer-events-auto [content-visibility:auto] supports-[content-visibility:auto]:[contain-intrinsic-size:auto_100lvh] R6Vx5W_threadScrollVars scroll-mb-[calc(var(--scroll-root-safe-area-inset-bottom,0px)+var(--thread-response-height))] scroll-mt-[calc(var(--header-height)+min(200px,max(70px,20svh)))]\" dir=\"auto\" data-turn-id=\"request-WEB:ff4b6329-c929-454a-b774-a6fca5b482a0-4\" data-testid=\"conversation-turn-10\" data-scroll-anchor=\"false\" data-turn=\"assistant\">\n<div class=\"text-base my-auto mx-auto pb-10 [--thread-content-margin:var(--thread-content-margin-xs,calc(var(--spacing)*4))] @w-sm\/main:[--thread-content-margin:var(--thread-content-margin-sm,calc(var(--spacing)*6))] @w-lg\/main:[--thread-content-margin:var(--thread-content-margin-lg,calc(var(--spacing)*16))] px-(--thread-content-margin)\">\n<div class=\"[--thread-content-max-width:40rem] @w-lg\/main:[--thread-content-max-width:48rem] mx-auto max-w-(--thread-content-max-width) flex-1 group\/turn-messages focus-visible:outline-hidden relative flex w-full min-w-0 flex-col agent-turn\">\n<div class=\"flex max-w-full flex-col gap-4 grow\">\n<div class=\"min-h-8 text-message relative flex w-full flex-col items-end gap-2 text-start break-words whitespace-normal outline-none keyboard-focused:focus-ring [.text-message+&amp;]:mt-1\" dir=\"auto\" data-message-author-role=\"assistant\" data-message-id=\"2426e18e-b979-480e-8b71-de0d123f85bd\" data-message-model-slug=\"gpt-5-3\" data-turn-start-message=\"true\">\n<div class=\"flex w-full flex-col gap-1 empty:hidden\">\n<div class=\"markdown prose dark:prose-invert w-full wrap-break-word light markdown-new-styling\">\n<p data-start=\"329\" data-end=\"615\">Las declaraciones fueron ofrecidas en el distrito municipal de Las Gordas, en Nagua, durante el acto de inauguraci\u00f3n de la carretera Mata Bonita\u2013Los Memisos, de 13.8 kil\u00f3metros de longitud, construida por la <span class=\"hover:entity-accent entity-underline inline cursor-pointer align-baseline\"><span class=\"whitespace-normal\">Empresa de Generaci\u00f3n Hidroel\u00e9ctrica Dominicana (Egehid)<\/span><\/span>, actividad encabezada por el mandatario.<\/p>\n<p data-start=\"617\" data-end=\"972\">Durante su intervenci\u00f3n, el religioso reflexion\u00f3 sobre la gesti\u00f3n gubernamental, se\u00f1alando que el jefe de Estado ha gobernado en \u201ctiempos de tempestad\u201d, lo que, a su juicio, ha permitido poner a prueba su liderazgo en escenarios complejos. En ese contexto, expres\u00f3 que los momentos dif\u00edciles son los que realmente evidencian la capacidad de un gobernante.<\/p>\n<p data-start=\"974\" data-end=\"1389\">El p\u00e1rroco cit\u00f3 como ejemplo distintos desaf\u00edos enfrentados por el pa\u00eds, entre ellos situaciones de seguridad que, seg\u00fan indic\u00f3, afectaron a la sociedad en el pasado, as\u00ed como el impacto de factores internacionales como conflictos en Medio Oriente que incidieron en el aumento de los precios de los combustibles. Afirm\u00f3 que, pese a estos escenarios, el pa\u00eds se ha mantenido en funcionamiento y en proceso de avance.<\/p>\n<p data-start=\"1391\" data-end=\"1808\">Asimismo, hizo referencia a la situaci\u00f3n del pa\u00eds vecino, indicando que ante ese contexto el presidente adopt\u00f3 decisiones que consider\u00f3 firmes en defensa de la soberan\u00eda, incluyendo el despliegue de miles de soldados, la construcci\u00f3n de infraestructuras de control fronterizo y la reforma de leyes migratorias. Se\u00f1al\u00f3 que estas acciones reflejan una pol\u00edtica de firmeza acompa\u00f1ada de respeto a los principios humanos.<\/p>\n<p data-start=\"1810\" data-end=\"2153\">En cuanto a los resultados de la gesti\u00f3n, el religioso mencion\u00f3 avances en \u00e1reas como salud, seguridad e infraestructura, destacando indicadores como la reducci\u00f3n de homicidios, la ampliaci\u00f3n de la red hospitalaria, el fortalecimiento de los centros de atenci\u00f3n primaria y la ejecuci\u00f3n de obras que han llevado servicios b\u00e1sicos a comunidades.<\/p>\n<p data-start=\"2155\" data-end=\"2392\">De igual forma, valor\u00f3 la postura del mandatario frente a irregularidades en la administraci\u00f3n p\u00fablica, indicando que ha actuado sin negociar la impunidad. Consider\u00f3 que este enfoque constituye un referente \u00e9tico para la gesti\u00f3n p\u00fablica.<\/p>\n<p data-start=\"2394\" data-end=\"2585\">El p\u00e1rroco tambi\u00e9n afirm\u00f3 que existe respaldo al liderazgo presidencial, se\u00f1alando que su gesti\u00f3n es observada por nuevas generaciones que aspiran a un pa\u00eds con mayores niveles de desarrollo.<\/p>\n<p data-start=\"2587\" data-end=\"2947\" data-is-last-node=\"\" data-is-only-node=\"\">El acto concluy\u00f3 con la bendici\u00f3n de la obra, en la que el religioso elev\u00f3 una oraci\u00f3n por las comunidades beneficiadas, as\u00ed como por los ingenieros, obreros y funcionarios involucrados en su construcci\u00f3n, expresando el deseo de que esta infraestructura contribuya al bienestar colectivo y sirva como testimonio de una gesti\u00f3n orientada al desarrollo nacional.<\/p>\n<p><a href=\"https:\/\/videos.files.wordpress.com\/2iETNgRR\/parroco-luis-maria-ramon-destaca-liderazgo-de-abinader-en-tiempos-de-crisis.mp4\">parroco-luis-maria-ramon-destaca-liderazgo-de-abinader-en-tiempos-de-crisis-mp4<\/a><\/p>\n<\/div>\n<\/div>\n<\/div>\n<\/div>\n<div class=\"z-0 flex min-h-[46px] justify-start\"><\/div>\n<div class=\"mt-3 w-full empty:hidden\">\n<div class=\"text-center\"><\/div>\n<\/div>\n<\/div>\n<\/div>\n<\/section>\n<div class=\"pointer-events-none -mt-px h-px translate-y-[calc(var(--scroll-root-safe-area-inset-bottom)-14*var(--spacing))]\" aria-hidden=\"true\"><\/div>\n<p>La entrada <a href=\"https:\/\/elnuevodiario.com.do\/video-parroco-luis-maria-ramon-destaca-liderazgo-de-abinader-en-tiempos-de-crisis\/\">(VIDEO) P\u00e1rroco Luis Mar\u00eda Ram\u00f3n destaca liderazgo de Abinader en tiempos de crisis<\/a> se public\u00f3 primero en <a href=\"https:\/\/elnuevodiario.com.do\">El Nuevo Diario (Rep\u00fablica Dominicana)<\/a>.<\/p>\n","protected":false},"excerpt":{"rendered":"<p>EL NUEVO DIARIO, NAGUA.- El p\u00e1rroco Luis Mar\u00eda Ram\u00f3n destac\u00f3 el liderazgo del presidente Luis Abinader en tiempos de crisis, al definirlo como un estadista que ha defendido la soberan\u00eda nacional, enfrentado desaf\u00edos sin titubeos y ejecutado una gesti\u00f3n con resultados concretos en beneficio de la poblaci\u00f3n. Las declaraciones fueron ofrecidas en el distrito municipal<\/p>\n","protected":false},"author":1,"featured_media":37473,"comment_status":"open","ping_status":"open","sticky":false,"template":"","format":"standard","meta":{"footnotes":""},"categories":[1],"tags":[],"class_list":["post-37472","post","type-post","status-publish","format-standard","has-post-thumbnail","hentry","category-nacionales"],"_links":{"self":[{"href":"https:\/\/acronoticias.com\/index.php\/wp-json\/wp\/v2\/posts\/37472","targetHints":{"allow":["GET"]}}],"collection":[{"href":"https:\/\/acronoticias.com\/index.php\/wp-json\/wp\/v2\/posts"}],"about":[{"href":"https:\/\/acronoticias.com\/index.php\/wp-json\/wp\/v2\/types\/post"}],"author":[{"embeddable":true,"href":"https:\/\/acronoticias.com\/index.php\/wp-json\/wp\/v2\/users\/1"}],"replies":[{"embeddable":true,"href":"https:\/\/acronoticias.com\/index.php\/wp-json\/wp\/v2\/comments?post=37472"}],"version-history":[{"count":0,"href":"https:\/\/acronoticias.com\/index.php\/wp-json\/wp\/v2\/posts\/37472\/revisions"}],"wp:featuredmedia":[{"embeddable":true,"href":"https:\/\/acronoticias.com\/index.php\/wp-json\/wp\/v2\/media\/37473"}],"wp:attachment":[{"href":"https:\/\/acronoticias.com\/index.php\/wp-json\/wp\/v2\/media?parent=37472"}],"wp:term":[{"taxonomy":"category","embeddable":true,"href":"https:\/\/acronoticias.com\/index.php\/wp-json\/wp\/v2\/categories?post=37472"},{"taxonomy":"post_tag","embeddable":true,"href":"https:\/\/acronoticias.com\/index.php\/wp-json\/wp\/v2\/tags?post=37472"}],"curies":[{"name":"wp","href":"https:\/\/api.w.org\/{rel}","templated":true}]}}