{"id":37470,"date":"2026-04-27T21:39:32","date_gmt":"2026-04-27T21:39:32","guid":{"rendered":"https:\/\/acronoticias.com\/index.php\/2026\/04\/27\/documental-sobre-milvio-perez-llegara-a-los-cines-en-mayo\/"},"modified":"2026-04-27T21:39:32","modified_gmt":"2026-04-27T21:39:32","slug":"documental-sobre-milvio-perez-llegara-a-los-cines-en-mayo","status":"publish","type":"post","link":"https:\/\/acronoticias.com\/index.php\/2026\/04\/27\/documental-sobre-milvio-perez-llegara-a-los-cines-en-mayo\/","title":{"rendered":"Documental sobre Milvio P\u00e9rez llegar\u00e1 a los cines en mayo"},"content":{"rendered":"<p><img loading=\"lazy\" decoding=\"async\" width=\"355\" height=\"200\" src=\"https:\/\/nuevodiario-assets.s3.us-east-2.amazonaws.com\/wp-content\/uploads\/2026\/04\/IMG_8385-355x200.jpeg\" class=\"webfeedsFeaturedVisual not-transparent wp-post-image\" alt=\"\" style=\"--dominant-color: #8c7767;margin-bottom: 5px;clear:both;max-width: 100%\" data-has-transparency=\"false\" data-dominant-color=\"8c7767\" \/><\/p>\n<p>EL NUEVO DIARIO, SANTO DOMINGO.- El documental sobre la vida y legado de Milvio P\u00e9rez, ser\u00e1 presentado en salas de cine el pr\u00f3ximo mes de mayo, como parte de un esfuerzo por resaltar su papel hist\u00f3rico y mantener viva la memoria de la Revoluci\u00f3n de Abril de 1965.<\/p>\n<p>La producci\u00f3n audiovisual que se estar\u00e1 presentando el pr\u00f3ximo 21 de mayo en el festival \u00abHechos en RD\u00bb no solo tendr\u00e1 exhibici\u00f3n en cines, sino que tambi\u00e9n ser\u00e1 llevada a distintas universidades y centros educativos a nivel nacional, con el objetivo de acercar este contenido a las nuevas generaciones y promover el conocimiento de la historia dominicana.<\/p>\n<p><a href=\"https:\/\/videos.files.wordpress.com\/QtqYW1wF\/documental-sobre-milvio-perez-llegara-a-los-cines-en-mayo-4.mp4\">documental-sobre-milvio-perez-llegara-a-los-cines-en-mayo-4-mp4<\/a><\/p>\n<p>El productor de este documental Milbert P\u00e9rez, destac\u00f3 que esta iniciativa busca visibilizar el material en todo el pa\u00eds, fomentando espacios de reflexi\u00f3n sobre los acontecimientos que marcaron la lucha por el retorno al orden constitucional.<\/p>\n<p><a href=\"https:\/\/videos.files.wordpress.com\/Y6t41gss\/documental-sobre-milvio-perez-llegara-a-los-cines-en-mayo.mp4\">documental-sobre-milvio-perez-llegara-a-los-cines-en-mayo-mp4<\/a><\/p>\n<p>\u00abEstamos en conversaciones con la Universidad Aut\u00f3noma de Santo Domingo y Educaci\u00f3n para hacer un recorrido por todo el pa\u00eds para presentar el documental y hacer charlas con Milvio y que la gente pueda tener un acercamiento con \u00e9l\u00bb, inform\u00f3.<\/p>\n<p><a href=\"https:\/\/videos.files.wordpress.com\/6PRGY91Z\/documental-sobre-milvio-perez-llegara-a-los-cines-en-mayo-2.mp4\">documental-sobre-milvio-perez-llegara-a-los-cines-en-mayo-2-mp4<\/a><\/p>\n<p>Asimismo, subray\u00f3 que con esta propuesta, se pretende fortalecer la identidad hist\u00f3rica y el sentido cr\u00edtico de los estudiantes, utilizando el cine como herramienta educativa y de conciencia social.<\/p>\n<p>El senador por la provincia Saman\u00e1 Pedro Catrain, resalt\u00f3 y valor\u00f3 la labor fotogr\u00e1fica de Milvio P\u00e9rez, durante un hecho hist\u00f3rico que marc\u00f3 la historia republicana.<\/p>\n<p>Catrain resalt\u00f3 que gracias a ese invaluable trabajo se ha mantenido vivo ese episodio \u00abpara que este pueblo que algunos quieren que sufra de amnesia, que no recuerde el pasado; mantenga viva la dignidad de esos hombres y mujeres que lucharon el 24 de abril de 1965 y que fueron capaces de luchar contra el ej\u00e9rcito m\u00e1s poderoso del mundo\u00bb.<\/p>\n<p><a href=\"https:\/\/videos.files.wordpress.com\/YQxx7xTy\/documental-sobre-milvio-perez-llegara-a-los-cines-en-mayo-3.mp4\">documental-sobre-milvio-perez-llegara-a-los-cines-en-mayo-3-mp4<\/a><\/p>\n<p>De su lado, Geanilda V\u00e1squez, manifest\u00f3 la emoci\u00f3n que le provoc\u00f3 ver este documental agregando que trabajar\u00e1n para difundirlo y que la sociedad en general disfrute de \u00abesta joya\u00bb.<\/p>\n<p>El protagonista de este audiovisual, el lente valiente que inmortaliz\u00f3 la Revoluci\u00f3n de Abril de 1965 Milvio P\u00e9rez, exhort\u00f3 a la nueva generaci\u00f3n ver el documental para que conozcan de los hombres y mujeres que marcaron la historia.<\/p>\n<p>Y para que vean que \u00ab42 mil marines no pudieron con nosotros, para m\u00ed nosotros no empatamos; nosotros ganamos\u00bb, puntualiz\u00f3 al tiempo que inform\u00f3 que se encuentra trabajando en un \u00e1lbum de potalistas sobre este acontecimiento.<\/p>\n<p>La entrada <a href=\"https:\/\/elnuevodiario.com.do\/documental-sobre-milvio-perez-llegara-a-los-cines-en-mayo\/\">Documental sobre Milvio P\u00e9rez llegar\u00e1 a los cines en mayo<\/a> se public\u00f3 primero en <a href=\"https:\/\/elnuevodiario.com.do\">El Nuevo Diario (Rep\u00fablica Dominicana)<\/a>.<\/p>\n","protected":false},"excerpt":{"rendered":"<p>EL NUEVO DIARIO, SANTO DOMINGO.- El documental sobre la vida y legado de Milvio P\u00e9rez, ser\u00e1 presentado en salas de cine el pr\u00f3ximo mes de mayo, como parte de un esfuerzo por resaltar su papel hist\u00f3rico y mantener viva la memoria de la Revoluci\u00f3n de Abril de 1965. La producci\u00f3n audiovisual que se estar\u00e1 presentando<\/p>\n","protected":false},"author":1,"featured_media":37471,"comment_status":"open","ping_status":"open","sticky":false,"template":"","format":"standard","meta":{"footnotes":""},"categories":[1],"tags":[],"class_list":["post-37470","post","type-post","status-publish","format-standard","has-post-thumbnail","hentry","category-nacionales"],"_links":{"self":[{"href":"https:\/\/acronoticias.com\/index.php\/wp-json\/wp\/v2\/posts\/37470","targetHints":{"allow":["GET"]}}],"collection":[{"href":"https:\/\/acronoticias.com\/index.php\/wp-json\/wp\/v2\/posts"}],"about":[{"href":"https:\/\/acronoticias.com\/index.php\/wp-json\/wp\/v2\/types\/post"}],"author":[{"embeddable":true,"href":"https:\/\/acronoticias.com\/index.php\/wp-json\/wp\/v2\/users\/1"}],"replies":[{"embeddable":true,"href":"https:\/\/acronoticias.com\/index.php\/wp-json\/wp\/v2\/comments?post=37470"}],"version-history":[{"count":0,"href":"https:\/\/acronoticias.com\/index.php\/wp-json\/wp\/v2\/posts\/37470\/revisions"}],"wp:featuredmedia":[{"embeddable":true,"href":"https:\/\/acronoticias.com\/index.php\/wp-json\/wp\/v2\/media\/37471"}],"wp:attachment":[{"href":"https:\/\/acronoticias.com\/index.php\/wp-json\/wp\/v2\/media?parent=37470"}],"wp:term":[{"taxonomy":"category","embeddable":true,"href":"https:\/\/acronoticias.com\/index.php\/wp-json\/wp\/v2\/categories?post=37470"},{"taxonomy":"post_tag","embeddable":true,"href":"https:\/\/acronoticias.com\/index.php\/wp-json\/wp\/v2\/tags?post=37470"}],"curies":[{"name":"wp","href":"https:\/\/api.w.org\/{rel}","templated":true}]}}