{"id":37466,"date":"2026-04-27T21:22:49","date_gmt":"2026-04-27T21:22:49","guid":{"rendered":"https:\/\/acronoticias.com\/index.php\/2026\/04\/27\/director-de-la-dida-atribuye-criticas-a-intereses-afectados-por-reformas-institucionales\/"},"modified":"2026-04-27T21:22:49","modified_gmt":"2026-04-27T21:22:49","slug":"director-de-la-dida-atribuye-criticas-a-intereses-afectados-por-reformas-institucionales","status":"publish","type":"post","link":"https:\/\/acronoticias.com\/index.php\/2026\/04\/27\/director-de-la-dida-atribuye-criticas-a-intereses-afectados-por-reformas-institucionales\/","title":{"rendered":"Director de la DIDA atribuye cr\u00edticas a intereses afectados por reformas institucionales"},"content":{"rendered":"<p><img loading=\"lazy\" decoding=\"async\" width=\"355\" height=\"200\" src=\"https:\/\/nuevodiario-assets.s3.us-east-2.amazonaws.com\/wp-content\/uploads\/2025\/11\/WhatsApp-Image-2025-11-18-at-1.29.48-PM-355x200.jpeg\" class=\"webfeedsFeaturedVisual not-transparent wp-post-image\" alt=\"\" style=\"--dominant-color: #938585;margin-bottom: 5px;clear:both;max-width: 100%\" data-has-transparency=\"false\" data-dominant-color=\"938585\" \/><\/p>\n<p>EL NUEVO DIARIO, SANTO DOMINGO.- El titular de la Direcci\u00f3n General de Informaci\u00f3n y Defensa de los Afiliados a la Seguridad Social (DIDA), El\u00edas B\u00e1ez, afirm\u00f3 que los cuestionamientos recientes en su contra responden a las medidas implementadas desde el inicio de su gesti\u00f3n.<\/p>\n<p>B\u00e1ez se\u00f1al\u00f3 mediante una nota de prensa que su administraci\u00f3n ha estado enfocada en fortalecer la institucionalidad, optimizar los procesos internos y garantizar mayores niveles de transparencia, con un eje central en la defensa activa de los afiliados al sistema de seguridad social, lo que ha generado resistencia en algunos sectores.<\/p>\n<p>\u201cCuando se toman decisiones orientadas a ordenar, transparentar y hacer m\u00e1s eficiente una instituci\u00f3n, es natural que surjan reacciones de quienes se ven afectados\u201d, expres\u00f3.<\/p>\n<p>El funcionario destac\u00f3 resultados concretos en la protecci\u00f3n de los usuarios. Inform\u00f3 que la instituci\u00f3n est\u00e1 logrando un ahorro de m\u00e1s de RD$10 millones mensuales en favor de los afiliados, producto de la identificaci\u00f3n y correcci\u00f3n de cobros indebidos.<\/p>\n<p>Asimismo, precis\u00f3 que durante su primer a\u00f1o al frente de la DIDA se brindaron m\u00e1s de 1.2 millones de servicios, alcanzando un ahorro acumulado superior a RD$100 millones para los afiliados.<\/p>\n<p>Entre las iniciativas implementadas, B\u00e1ez resalt\u00f3 la creaci\u00f3n de un sistema de atenci\u00f3n 24\/7, dise\u00f1ado para defender a los afiliados ante abusos sin importar la hora. Tambi\u00e9n indic\u00f3 que se han adquirido veh\u00edculos para trasladarse de manera inmediata a cualquier lugar donde se vulneren los derechos de los usuarios.<\/p>\n<p>El funcionario explic\u00f3 que, tras las declaraciones de la Superintendencia de Pensiones (SIPEN) sobre la disponibilidad de m\u00e1s de RD$8,000 millones disponible en las cuentas de las AFP, recursos que pertenecen a los afiliados, la DIDA puso en marcha una campa\u00f1a informativa dirigida a los familiares de afiliados fallecidos, con el objetivo de orientarles sobre c\u00f3mo acceder a esos recursos.<\/p>\n<p>Indic\u00f3 que, como resultado de estas acciones de defensa y orientaci\u00f3n, ya se ha logrado la devoluci\u00f3n de m\u00e1s de RD$1,000 millones a los beneficiarios.<\/p>\n<p>El titular de la DIDA subray\u00f3 adem\u00e1s que durante su gesti\u00f3n se han aplicado sanciones contra prestadores de servicios en salud que no cumplen con su responsabilidad de salvaguardar la vida por encima del inter\u00e9s econ\u00f3mico, reforzando as\u00ed la protecci\u00f3n de los afiliados.<\/p>\n<p>Reiter\u00f3 que su compromiso es continuar trabajando conforme a la ley y en favor del inter\u00e9s colectivo, asegurando que los ataques no desviar\u00e1n el rumbo trazado. \u201cSeguimos trabajando a favor de los que menos tienen\u201d.<\/p>\n<p>Concluy\u00f3 haciendo un llamado a la ciudadan\u00eda a valorar los resultados de la gesti\u00f3n y respaldar las iniciativas orientadas a fortalecer la instituci\u00f3n, destacando que estas acciones, centradas en la defensa de los afiliados, deben ser visibilizadas por su impacto positivo a largo plazo.<\/p>\n<p>La entrada <a href=\"https:\/\/elnuevodiario.com.do\/director-de-la-dida-atribuye-criticas-a-intereses-afectados-por-reformas-institucionales\/\">Director de la DIDA atribuye cr\u00edticas a intereses afectados por reformas institucionales<\/a> se public\u00f3 primero en <a href=\"https:\/\/elnuevodiario.com.do\">El Nuevo Diario (Rep\u00fablica Dominicana)<\/a>.<\/p>\n","protected":false},"excerpt":{"rendered":"<p>EL NUEVO DIARIO, SANTO DOMINGO.- El titular de la Direcci\u00f3n General de Informaci\u00f3n y Defensa de los Afiliados a la Seguridad Social (DIDA), El\u00edas B\u00e1ez, afirm\u00f3 que los cuestionamientos recientes en su contra responden a las medidas implementadas desde el inicio de su gesti\u00f3n. B\u00e1ez se\u00f1al\u00f3 mediante una nota de prensa que su administraci\u00f3n ha<\/p>\n","protected":false},"author":1,"featured_media":37467,"comment_status":"open","ping_status":"open","sticky":false,"template":"","format":"standard","meta":{"footnotes":""},"categories":[1],"tags":[],"class_list":["post-37466","post","type-post","status-publish","format-standard","has-post-thumbnail","hentry","category-nacionales"],"_links":{"self":[{"href":"https:\/\/acronoticias.com\/index.php\/wp-json\/wp\/v2\/posts\/37466","targetHints":{"allow":["GET"]}}],"collection":[{"href":"https:\/\/acronoticias.com\/index.php\/wp-json\/wp\/v2\/posts"}],"about":[{"href":"https:\/\/acronoticias.com\/index.php\/wp-json\/wp\/v2\/types\/post"}],"author":[{"embeddable":true,"href":"https:\/\/acronoticias.com\/index.php\/wp-json\/wp\/v2\/users\/1"}],"replies":[{"embeddable":true,"href":"https:\/\/acronoticias.com\/index.php\/wp-json\/wp\/v2\/comments?post=37466"}],"version-history":[{"count":0,"href":"https:\/\/acronoticias.com\/index.php\/wp-json\/wp\/v2\/posts\/37466\/revisions"}],"wp:featuredmedia":[{"embeddable":true,"href":"https:\/\/acronoticias.com\/index.php\/wp-json\/wp\/v2\/media\/37467"}],"wp:attachment":[{"href":"https:\/\/acronoticias.com\/index.php\/wp-json\/wp\/v2\/media?parent=37466"}],"wp:term":[{"taxonomy":"category","embeddable":true,"href":"https:\/\/acronoticias.com\/index.php\/wp-json\/wp\/v2\/categories?post=37466"},{"taxonomy":"post_tag","embeddable":true,"href":"https:\/\/acronoticias.com\/index.php\/wp-json\/wp\/v2\/tags?post=37466"}],"curies":[{"name":"wp","href":"https:\/\/api.w.org\/{rel}","templated":true}]}}