{"id":37463,"date":"2026-04-27T21:06:17","date_gmt":"2026-04-27T21:06:17","guid":{"rendered":"https:\/\/acronoticias.com\/index.php\/2026\/04\/27\/gregory-exige-justicia-verdaderaen-audiencia-del-caso-jet-set-detalla-advertencias-ignoradas-sobre-el-estado-del-local\/"},"modified":"2026-04-27T21:06:17","modified_gmt":"2026-04-27T21:06:17","slug":"gregory-exige-justicia-verdaderaen-audiencia-del-caso-jet-set-detalla-advertencias-ignoradas-sobre-el-estado-del-local","status":"publish","type":"post","link":"https:\/\/acronoticias.com\/index.php\/2026\/04\/27\/gregory-exige-justicia-verdaderaen-audiencia-del-caso-jet-set-detalla-advertencias-ignoradas-sobre-el-estado-del-local\/","title":{"rendered":"Gregory exige \u201cjusticia verdadera\u201den audiencia del caso Jet Set; detalla advertencias ignoradas sobre el estado del local"},"content":{"rendered":"<p>Santo Domingo.- Gregory Adames, testigo clave de la trajedia ocurrida en la discoteca Jet Set, reiter\u00f3 este lunes ante el tribunal que su intenci\u00f3n \u201cno es por venganza, sino por <strong>justicia verdadera<\/strong>\u201d, al referirse al proceso judicial por el colapso del establecimiento donde asegura haber perdido a <strong>siete compa\u00f1eros<\/strong> de trabajo.<\/p>\n<p>Durante su intervenci\u00f3n en la segunda audiencia preliminar, afirm\u00f3 que, durante meses previos al colapso, advirti\u00f3 de forma constante sobre <strong>filtraciones, ca\u00edda de plafones y da\u00f1os estructurales<\/strong> dentro del establecimiento.<\/p>\n<p>Explic\u00f3 que estos problemas eran reportados de manera reiterada a Antonio y Maribel Espaillat, incluyendo el env\u00edo de <strong>fotos y videos<\/strong> que evidenciaban el deterioro progresivo del techo.<\/p>\n<p>Seg\u00fan su testimonio, incluso tras un incidente previo con un cliente, insisti\u00f3 en la necesidad de suspender actividades, pero la operaci\u00f3n continu\u00f3 bajo el argumento de que era una \u201c<strong>buena fecha<\/strong>\u201d para el negocio.<\/p>\n<h3 class=\"wp-block-heading\"><strong>Se\u00f1alamientos sobre decisiones internas y medidas provisionales<\/strong><\/h3>\n<p>Adames tambi\u00e9n relat\u00f3 que, tras un <strong>incendio en la discoteca<\/strong>, se realizaron reparaciones temporales, incluyendo el uso de <strong>cableado provisional<\/strong> y la instalaci\u00f3n de una planta el\u00e9ctrica externa.<\/p>\n<p>Indic\u00f3 que t\u00e9cnicos habr\u00edan advertido que estas<strong> soluciones no eran seguras<\/strong>, pero aun as\u00ed se mantuvieron para poder continuar las operaciones.<\/p>\n<p>El testigo asegur\u00f3 que la administraci\u00f3n del local ten\u00eda conocimiento directo de las condiciones del establecimiento y que muchas decisiones operativas requer\u00edan <strong>autorizaci\u00f3n de altos niveles<\/strong>. <\/p>\n<p>Seg\u00fan su declaraci\u00f3n, las soluciones implementadas eran <strong>\u201cparches\u201d<\/strong> como el uso de materiales provisionales para contener filtraciones, sin ejecutar reparaciones definitivas.<\/p>\n<figure class=\"wp-block-image size-full\"><img loading=\"lazy\" decoding=\"async\" width=\"1200\" height=\"761\" src=\"https:\/\/multimedia.noticiassin.com\/wp-content\/uploads\/2026\/04\/gregory-adames-exige-justicia-verdadera-en-audiencia-del-caso-jet-set-detalla-20260427-204352-BVuy.avif\" alt=\"Ca\u00edda del techo del Jet Set que cobr\u00f3 la vida de 236 personas. \" class=\"wp-image-1987313\" \/><figcaption class=\"wp-element-caption\">Colapso del techo que cobr\u00f3 la vida de 236 personas.<\/figcaption><\/figure>\n<h3 class=\"wp-block-heading\"><strong>Colapso y pedido de justicia<\/strong><\/h3>\n<p>Gregory afirm\u00f3 que en las semanas previas al colapso continuaron los<strong> desprendimientos del techo<\/strong>, situaci\u00f3n que seg\u00fan dijo fue comunicada de forma constante a los responsables. Incluso asegur\u00f3 que intent\u00f3 mitigar riesgos personalmente retirando escombros antes de actividades programadas.<\/p>\n<p>Insisti\u00f3 ante el tribunal en que su reclamo no responde a <strong>venganza<\/strong> ni envidia a los imputados, sino al impacto humano de la tragedia y al dolor ocasionado a todo un pa\u00eds. <\/p>\n<ul class=\"wp-block-list\">\n<li>\u201cYo perd\u00ed siete compa\u00f1eros ah\u00ed, y ellos ni siquiera los mencionan\u201d, expres\u00f3, al tiempo que pidi\u00f3 que el proceso judicial concluya con una aut\u00e9ntica <strong>justicia verdadera<\/strong> para las v\u00edctimas.<\/li>\n<\/ul>\n","protected":false},"excerpt":{"rendered":"<p>Santo Domingo.- Gregory Adames, testigo clave de la trajedia ocurrida en la discoteca Jet Set, reiter\u00f3 este lunes ante el tribunal que su intenci\u00f3n \u201cno es por venganza, sino por justicia verdadera\u201d, al referirse al proceso judicial por el colapso del establecimiento donde asegura haber perdido a siete compa\u00f1eros de trabajo. Durante su intervenci\u00f3n en<\/p>\n","protected":false},"author":1,"featured_media":0,"comment_status":"open","ping_status":"open","sticky":false,"template":"","format":"standard","meta":{"footnotes":""},"categories":[1],"tags":[],"class_list":["post-37463","post","type-post","status-publish","format-standard","hentry","category-nacionales"],"_links":{"self":[{"href":"https:\/\/acronoticias.com\/index.php\/wp-json\/wp\/v2\/posts\/37463","targetHints":{"allow":["GET"]}}],"collection":[{"href":"https:\/\/acronoticias.com\/index.php\/wp-json\/wp\/v2\/posts"}],"about":[{"href":"https:\/\/acronoticias.com\/index.php\/wp-json\/wp\/v2\/types\/post"}],"author":[{"embeddable":true,"href":"https:\/\/acronoticias.com\/index.php\/wp-json\/wp\/v2\/users\/1"}],"replies":[{"embeddable":true,"href":"https:\/\/acronoticias.com\/index.php\/wp-json\/wp\/v2\/comments?post=37463"}],"version-history":[{"count":0,"href":"https:\/\/acronoticias.com\/index.php\/wp-json\/wp\/v2\/posts\/37463\/revisions"}],"wp:attachment":[{"href":"https:\/\/acronoticias.com\/index.php\/wp-json\/wp\/v2\/media?parent=37463"}],"wp:term":[{"taxonomy":"category","embeddable":true,"href":"https:\/\/acronoticias.com\/index.php\/wp-json\/wp\/v2\/categories?post=37463"},{"taxonomy":"post_tag","embeddable":true,"href":"https:\/\/acronoticias.com\/index.php\/wp-json\/wp\/v2\/tags?post=37463"}],"curies":[{"name":"wp","href":"https:\/\/api.w.org\/{rel}","templated":true}]}}