{"id":37445,"date":"2026-04-27T19:23:38","date_gmt":"2026-04-27T19:23:38","guid":{"rendered":"https:\/\/acronoticias.com\/index.php\/2026\/04\/27\/la-onda-lanza-concurso-de-ensayos-sobre-derecho-de-autor-en-los-deportes\/"},"modified":"2026-04-27T19:23:38","modified_gmt":"2026-04-27T19:23:38","slug":"la-onda-lanza-concurso-de-ensayos-sobre-derecho-de-autor-en-los-deportes","status":"publish","type":"post","link":"https:\/\/acronoticias.com\/index.php\/2026\/04\/27\/la-onda-lanza-concurso-de-ensayos-sobre-derecho-de-autor-en-los-deportes\/","title":{"rendered":"La ONDA lanza concurso de ensayos sobre derecho de autor en los deportes"},"content":{"rendered":"<p><img loading=\"lazy\" decoding=\"async\" width=\"355\" height=\"200\" src=\"https:\/\/nuevodiario-assets.s3.us-east-2.amazonaws.com\/wp-content\/uploads\/2026\/04\/WhatsApp-Image-2026-04-21-at-09.44.35-355x200.jpeg\" class=\"webfeedsFeaturedVisual not-transparent wp-post-image\" alt=\"\" style=\"--dominant-color: #887e8d;margin-bottom: 5px;clear:both;max-width: 100%\" data-has-transparency=\"false\" data-dominant-color=\"887e8d\" \/><\/p>\n<p>EL NUEVO DIARIO, SANTO DOMINGO.- La Oficina Nacional de Derecho de Autor (ONDA), anunci\u00f3 la apertura de su Concurso Anual de Ensayos sobre Derecho de Autor y Derechos Conexos, una iniciativa que este a\u00f1o pone el foco en el \u00e1mbito deportivo como espacio de creaci\u00f3n, innovaci\u00f3n y desarrollo econ\u00f3mico.<\/p>\n<p>El certamen, dedicado a la memoria de Orlando Jorge Mera, forma parte de las actividades conmemorativas del D\u00eda del Escritor y el Derecho de Autor y el D\u00eda Mundial de la Propiedad Intelectual. El anuncio lo hizo el director general de la ONDA, Jos\u00e9 Ruben Gonell Cosme, en el primer foro educativo \u201cEl derecho de autor tambi\u00e9n juega\u201d, celebrado el jueves 23 de abril.<\/p>\n<p>De acuerdo a una nota de prensa, durante el anuncio, Gonell Cosme explic\u00f3 que la convocatoria del concurso se explica en raz\u00f3n de que \u201cel deporte va m\u00e1s all\u00e1 de la competencia, en vista de que a su alrededor se mueven industrias como el entretenimiento, la moda, los medios y la tecnolog\u00eda, todas atravesadas por la necesidad de proteger las creaciones intelectuales.<\/p>\n<figure id=\"attachment_3098886\" aria-describedby=\"caption-attachment-3098886\" style=\"width: 2560px\" class=\"wp-caption alignnone\"><img loading=\"lazy\" decoding=\"async\" data-recalc-dims=\"1\" data-dominant-color=\"8787ac\" data-has-transparency=\"false\" style=\"--dominant-color: #8787ac\" class=\"size-full wp-image-3098886 not-transparent\" src=\"https:\/\/i0.wp.com\/nuevodiario-assets.s3.us-east-2.amazonaws.com\/wp-content\/uploads\/2026\/04\/Gonell-Cosme-Eduardo-Sanz-Lovaton-y-Franklin-de-la-Mota-encabezaron-el-lanzamiento-del-concurso-scaled.jpeg?resize=640%2C531&#038;quality=100&#038;ssl=1\" alt=\"\" width=\"640\" height=\"531\" \/><figcaption id=\"caption-attachment-3098886\" class=\"wp-caption-text\"><em><strong>Gonell Cosme, Eduardo Sanz Lovaton y Franklin de la Mota, encabezaron el lanzamiento del concurso. (Foto: Departamento de Comunicaci\u00f3n de la ONDA)<\/strong><\/em><\/figcaption><\/figure>\n<p>En consecuencia, el concurso busca abrir un espacio de reflexi\u00f3n jur\u00eddica sobre estos cruces. Entre sus objetivos principales se destacan el impulso a la investigaci\u00f3n en derecho de autor aplicado al deporte, el fomento del an\u00e1lisis cr\u00edtico y el reconocimiento de aportes acad\u00e9micos que contribuyan a consolidar un pensamiento jur\u00eddico nacional en esta materia.<\/p>\n<p>La convocatoria tiene car\u00e1cter nacional e internacional. Est\u00e1 dirigida a dominicanos residentes en el pa\u00eds y en el extranjero, en particular profesionales del derecho y estudiantes de t\u00e9rmino de ciencias jur\u00eddicas.<\/p>\n<p>El proceso se desarrollar\u00e1 en varias etapas. Primero, una convocatoria p\u00fablica ya en marcha desde el 23 de abril de 2026. Luego, la recepci\u00f3n de ensayos, que se extender\u00e1 hasta el 3 de agosto. A partir de ah\u00ed, un jurado especializado evaluar\u00e1 los trabajos entre agosto y septiembre, con el anuncio de los ganadores previsto para el 28 de octubre.<\/p>\n<p>En cuanto a los requisitos, los ensayos deben ser in\u00e9ditos, redactados en espa\u00f1ol y presentados de manera individual o en pareja. La extensi\u00f3n requerida va de 20 a 50 p\u00e1ginas. Adem\u00e1s, se exige una estructura formal que incluya introducci\u00f3n, desarrollo anal\u00edtico, conclusiones y bibliograf\u00eda. El tema central debe abordar el derecho de autor y los derechos conexos en el contexto del deporte.<\/p>\n<p>Un punto clave es la modalidad de entrega. Los trabajos deber\u00e1n enviarse en formato PDF y firmados \u00fanicamente con seud\u00f3nimo. Esta medida busca garantizar la transparencia y la imparcialidad durante la evaluaci\u00f3n.<\/p>\n<p>Los incentivos tambi\u00e9n forman parte del atractivo del concurso. El primer lugar recibir\u00e1 RD$275,000, el segundo RD$200,000 y el tercero RD$150,000. A esto se suma la publicaci\u00f3n de los ensayos ganadores en los canales institucionales de la ONDA, lo que ampl\u00eda su alcance dentro de la comunidad acad\u00e9mica y profesional.<\/p>\n<p>La evaluaci\u00f3n se basar\u00e1 en criterios definidos: Aporte al conocimiento jur\u00eddico, rigor conceptual, originalidad, estructura argumentativa y calidad de redacci\u00f3n. Cada uno tendr\u00e1 un peso espec\u00edfico dentro de la calificaci\u00f3n final, lo que apunta a garantizar trabajos s\u00f3lidos y bien fundamentados.<\/p>\n<p>Por otro lado, el jurado estar\u00e1 compuesto por especialistas en derecho de autor y \u00e1reas relacionadas. Sus decisiones ser\u00e1n definitivas. Asimismo, las bases del concurso establecen normas estrictas en materia de \u00e9tica, incluyendo la prohibici\u00f3n del plagio y del uso de inteligencia artificial en la elaboraci\u00f3n de los ensayos. Para ello, se aplicar\u00e1n mecanismos de verificaci\u00f3n.<\/p>\n<p>La ONDA record\u00f3 que la participaci\u00f3n implica la aceptaci\u00f3n \u00edntegra de las bases, as\u00ed como la autorizaci\u00f3n para la difusi\u00f3n de los trabajos seleccionados. Con esta iniciativa, la instituci\u00f3n busca no solo premiar el talento, sino tambi\u00e9n fortalecer la cultura del derecho de autor en el pa\u00eds y generar conocimiento \u00fatil para el desarrollo de las industrias creativas vinculadas al deporte. Al acto el ministro de Industria, Comercio y Mipymes, Eduardo Sanz Lovaton y el viceministro de Deportes Franklin de la Mota, entre otras personalidades.<\/p>\n<p>La entrada <a href=\"https:\/\/elnuevodiario.com.do\/la-onda-lanza-concurso-de-ensayos-sobre-derecho-de-autor-en-los-deportes\/\">La ONDA lanza concurso de ensayos sobre derecho de autor en los deportes<\/a> se public\u00f3 primero en <a href=\"https:\/\/elnuevodiario.com.do\">El Nuevo Diario (Rep\u00fablica Dominicana)<\/a>.<\/p>\n","protected":false},"excerpt":{"rendered":"<p>EL NUEVO DIARIO, SANTO DOMINGO.- La Oficina Nacional de Derecho de Autor (ONDA), anunci\u00f3 la apertura de su Concurso Anual de Ensayos sobre Derecho de Autor y Derechos Conexos, una iniciativa que este a\u00f1o pone el foco en el \u00e1mbito deportivo como espacio de creaci\u00f3n, innovaci\u00f3n y desarrollo econ\u00f3mico. El certamen, dedicado a la memoria<\/p>\n","protected":false},"author":1,"featured_media":37446,"comment_status":"open","ping_status":"open","sticky":false,"template":"","format":"standard","meta":{"footnotes":""},"categories":[2],"tags":[],"class_list":["post-37445","post","type-post","status-publish","format-standard","has-post-thumbnail","hentry","category-deporte"],"_links":{"self":[{"href":"https:\/\/acronoticias.com\/index.php\/wp-json\/wp\/v2\/posts\/37445","targetHints":{"allow":["GET"]}}],"collection":[{"href":"https:\/\/acronoticias.com\/index.php\/wp-json\/wp\/v2\/posts"}],"about":[{"href":"https:\/\/acronoticias.com\/index.php\/wp-json\/wp\/v2\/types\/post"}],"author":[{"embeddable":true,"href":"https:\/\/acronoticias.com\/index.php\/wp-json\/wp\/v2\/users\/1"}],"replies":[{"embeddable":true,"href":"https:\/\/acronoticias.com\/index.php\/wp-json\/wp\/v2\/comments?post=37445"}],"version-history":[{"count":0,"href":"https:\/\/acronoticias.com\/index.php\/wp-json\/wp\/v2\/posts\/37445\/revisions"}],"wp:featuredmedia":[{"embeddable":true,"href":"https:\/\/acronoticias.com\/index.php\/wp-json\/wp\/v2\/media\/37446"}],"wp:attachment":[{"href":"https:\/\/acronoticias.com\/index.php\/wp-json\/wp\/v2\/media?parent=37445"}],"wp:term":[{"taxonomy":"category","embeddable":true,"href":"https:\/\/acronoticias.com\/index.php\/wp-json\/wp\/v2\/categories?post=37445"},{"taxonomy":"post_tag","embeddable":true,"href":"https:\/\/acronoticias.com\/index.php\/wp-json\/wp\/v2\/tags?post=37445"}],"curies":[{"name":"wp","href":"https:\/\/api.w.org\/{rel}","templated":true}]}}