{"id":37443,"date":"2026-04-27T19:13:08","date_gmt":"2026-04-27T19:13:08","guid":{"rendered":"https:\/\/acronoticias.com\/index.php\/2026\/04\/27\/paro-total-en-juan-lopez-moca-paraliza-comercio-y-transporte-por-rechazo-al-cierre-del-cruce-de-los-cheros\/"},"modified":"2026-04-27T19:13:08","modified_gmt":"2026-04-27T19:13:08","slug":"paro-total-en-juan-lopez-moca-paraliza-comercio-y-transporte-por-rechazo-al-cierre-del-cruce-de-los-cheros","status":"publish","type":"post","link":"https:\/\/acronoticias.com\/index.php\/2026\/04\/27\/paro-total-en-juan-lopez-moca-paraliza-comercio-y-transporte-por-rechazo-al-cierre-del-cruce-de-los-cheros\/","title":{"rendered":"Paro total en Juan L\u00f3pez, Moca, paraliza comercio y transporte por rechazo al cierre del Cruce de los Cheros"},"content":{"rendered":"<p><img decoding=\"async\" width=\"355\" height=\"200\" src=\"https:\/\/nuevodiario-assets.s3.us-east-2.amazonaws.com\/wp-content\/uploads\/2026\/04\/WhatsApp-Image-2026-04-27-at-3.08.31-PM-355x200.jpeg\" class=\"webfeedsFeaturedVisual not-transparent wp-post-image\" alt=\"\" style=\"--dominant-color: #633d25;margin-bottom: 5px;clear:both;max-width: 100%\" loading=\"lazy\" data-has-transparency=\"false\" data-dominant-color=\"633d25\" \/><\/p>\n<p><strong>EL NUEVO DIARIO, SANTIAGO. \u2013 <\/strong>Desde las primeras horas de este lunes, el distrito municipal de Juan L\u00f3pez, en el municipio de Moca, amaneci\u00f3 bajo un paro total de labores convocado por el grupo popular Los Peregrinos junto a diversas organizaciones sociales.<\/p>\n<p>La jornada de protesta, pautada por 24 horas, ha provocado una paralizaci\u00f3n casi absoluta de las actividades comerciales y del transporte en la zona. Negocios cerrados, calles vac\u00edas y la ausencia de veh\u00edculos del transporte p\u00fablico reflejan el alcance de la convocatoria, que ha sido acatada de manera generalizada por los residentes.<\/p>\n<p>El principal detonante de la protesta es el rechazo al cierre del denominado Cruce de los Cheros, un punto considerado clave para la movilidad de la comunidad. Seg\u00fan denuncian los organizadores, cualquier modificaci\u00f3n o clausura de esta intersecci\u00f3n, vinculada a la Circunvalaci\u00f3n de Moca, impactar\u00eda de forma negativa la conectividad del distrito.<\/p>\n<p>Durante la jornada, manifestantes se han concentrado en las inmediaciones del cruce, donde han colocado obst\u00e1culos con el objetivo de impedir cambios en la v\u00eda. Los comunitarios sostienen que la medida afectar\u00eda el acceso a sus hogares, comercios y centros de trabajo.<\/p>\n<p>Adem\u00e1s del reclamo por el Cruce de los Cheros, los convocantes tambi\u00e9n exigen mejoras en infraestructura y mayor atenci\u00f3n a las necesidades b\u00e1sicas del distrito municipal.<\/p>\n<p>Hasta el momento, no se han reportado incidentes de gravedad, mientras se espera una respuesta de las autoridades ante las demandas planteadas por los manifestantes.<\/p>\n<p><img loading=\"lazy\" decoding=\"async\" data-recalc-dims=\"1\" data-dominant-color=\"93807f\" data-has-transparency=\"false\" style=\"--dominant-color: #93807f\" class=\"alignnone size-large wp-image-3098949 not-transparent\" src=\"https:\/\/i0.wp.com\/nuevodiario-assets.s3.us-east-2.amazonaws.com\/wp-content\/uploads\/2026\/04\/WhatsApp-Image-2026-04-27-at-3.08.31-PM-1-800x441.jpeg?resize=640%2C353&#038;quality=100&#038;ssl=1\" alt=\"\" width=\"640\" height=\"353\" \/><img loading=\"lazy\" decoding=\"async\" data-recalc-dims=\"1\" data-dominant-color=\"677483\" data-has-transparency=\"false\" style=\"--dominant-color: #677483\" class=\"alignnone size-large wp-image-3098950 not-transparent\" src=\"https:\/\/i0.wp.com\/nuevodiario-assets.s3.us-east-2.amazonaws.com\/wp-content\/uploads\/2026\/04\/WhatsApp-Image-2026-04-27-at-3.08.31-PM-2-800x437.jpeg?resize=640%2C350&#038;quality=100&#038;ssl=1\" alt=\"\" width=\"640\" height=\"350\" \/><\/p>\n<p>&nbsp;<\/p>\n<p>La entrada <a href=\"https:\/\/elnuevodiario.com.do\/paro-total-en-juan-lopez-moca-paraliza-comercio-y-transporte-por-rechazo-al-cierre-del-cruce-de-los-cheros\/\">Paro total en Juan L\u00f3pez, Moca, paraliza comercio y transporte por rechazo al cierre del Cruce de los Cheros<\/a> se public\u00f3 primero en <a href=\"https:\/\/elnuevodiario.com.do\">El Nuevo Diario (Rep\u00fablica Dominicana)<\/a>.<\/p>\n","protected":false},"excerpt":{"rendered":"<p>EL NUEVO DIARIO, SANTIAGO. \u2013 Desde las primeras horas de este lunes, el distrito municipal de Juan L\u00f3pez, en el municipio de Moca, amaneci\u00f3 bajo un paro total de labores convocado por el grupo popular Los Peregrinos junto a diversas organizaciones sociales. La jornada de protesta, pautada por 24 horas, ha provocado una paralizaci\u00f3n casi<\/p>\n","protected":false},"author":1,"featured_media":37444,"comment_status":"open","ping_status":"open","sticky":false,"template":"","format":"standard","meta":{"footnotes":""},"categories":[1],"tags":[],"class_list":["post-37443","post","type-post","status-publish","format-standard","has-post-thumbnail","hentry","category-nacionales"],"_links":{"self":[{"href":"https:\/\/acronoticias.com\/index.php\/wp-json\/wp\/v2\/posts\/37443","targetHints":{"allow":["GET"]}}],"collection":[{"href":"https:\/\/acronoticias.com\/index.php\/wp-json\/wp\/v2\/posts"}],"about":[{"href":"https:\/\/acronoticias.com\/index.php\/wp-json\/wp\/v2\/types\/post"}],"author":[{"embeddable":true,"href":"https:\/\/acronoticias.com\/index.php\/wp-json\/wp\/v2\/users\/1"}],"replies":[{"embeddable":true,"href":"https:\/\/acronoticias.com\/index.php\/wp-json\/wp\/v2\/comments?post=37443"}],"version-history":[{"count":0,"href":"https:\/\/acronoticias.com\/index.php\/wp-json\/wp\/v2\/posts\/37443\/revisions"}],"wp:featuredmedia":[{"embeddable":true,"href":"https:\/\/acronoticias.com\/index.php\/wp-json\/wp\/v2\/media\/37444"}],"wp:attachment":[{"href":"https:\/\/acronoticias.com\/index.php\/wp-json\/wp\/v2\/media?parent=37443"}],"wp:term":[{"taxonomy":"category","embeddable":true,"href":"https:\/\/acronoticias.com\/index.php\/wp-json\/wp\/v2\/categories?post=37443"},{"taxonomy":"post_tag","embeddable":true,"href":"https:\/\/acronoticias.com\/index.php\/wp-json\/wp\/v2\/tags?post=37443"}],"curies":[{"name":"wp","href":"https:\/\/api.w.org\/{rel}","templated":true}]}}