{"id":37439,"date":"2026-04-27T18:52:40","date_gmt":"2026-04-27T18:52:40","guid":{"rendered":"https:\/\/acronoticias.com\/index.php\/2026\/04\/27\/asjana-david-inscribe-su-candidatura-ante-la-comision-electoral-para-rectoria-de-la-uasd\/"},"modified":"2026-04-27T18:52:40","modified_gmt":"2026-04-27T18:52:40","slug":"asjana-david-inscribe-su-candidatura-ante-la-comision-electoral-para-rectoria-de-la-uasd","status":"publish","type":"post","link":"https:\/\/acronoticias.com\/index.php\/2026\/04\/27\/asjana-david-inscribe-su-candidatura-ante-la-comision-electoral-para-rectoria-de-la-uasd\/","title":{"rendered":"Asjana David inscribe su candidatura ante la Comisi\u00f3n Electoral para rector\u00eda de la UASD"},"content":{"rendered":"<p><img decoding=\"async\" width=\"355\" height=\"200\" src=\"https:\/\/nuevodiario-assets.s3.us-east-2.amazonaws.com\/wp-content\/uploads\/2026\/04\/Asjana-David-presenta-candidatura--355x200.jpeg\" class=\"webfeedsFeaturedVisual not-transparent wp-post-image\" alt=\"\" style=\"--dominant-color: #88766f;margin-bottom: 5px;clear:both;max-width: 100%\" loading=\"lazy\" data-has-transparency=\"false\" data-dominant-color=\"88766f\" \/><\/p>\n<p>EL NUEVO DIARIO, SANTO DOMINGO.- El candidato a rector de la Universidad Aut\u00f3noma de Santo Domingo (UASD) para el per\u00edodo 2026-2030, Jorge Asjana David, formaliz\u00f3 este lunes la inscripci\u00f3n de su candidatura ante la Comisi\u00f3n Central Electoral (CCE) de la academia, de cara a los comicios pautados para el 17 de junio pr\u00f3ximo.<\/p>\n<p>La inscripci\u00f3n fue recibida y validada por la Comisi\u00f3n Electoral de la UASD, que preside el profesor Enerio Rodr\u00edguez Arias.<\/p>\n<p>De acuerdo con un comunicado, junto a Asjana David tambi\u00e9n se inscribieron los candidatos a vicerrectores Antonio Ciriaco, Administrativo; Rosel Fern\u00e1ndez, Docente; Juana Encarnaci\u00f3n, Investigaci\u00f3n y Postgrado; Lorenzo \u00abLenchy\u00bb Vargas, y Gerardo Roa, ambos de Extensi\u00f3n.<\/p>\n<p>\u201cCon esta inscripci\u00f3n, la Gran Alianza Nacional Asjana Rector fortalece su posicionamiento y avanza con firmeza hacia la Rector\u00eda de la UASD, con el compromiso de impulsar una gesti\u00f3n orientada a la modernizaci\u00f3n, la excelencia acad\u00e9mica y la internacionalizaci\u00f3n de la Primada de Am\u00e9rica\u201d, concluye la nota informativa.<\/p>\n<p>&nbsp;<\/p>\n<p>JSB\/<\/p>\n<p>La entrada <a href=\"https:\/\/elnuevodiario.com.do\/asjana-david-inscribe-su-candidatura-ante-la-comision-electoral-para-rectoria-de-la-uasd\/\">Asjana David inscribe su candidatura ante la Comisi\u00f3n Electoral para rector\u00eda de la UASD<\/a> se public\u00f3 primero en <a href=\"https:\/\/elnuevodiario.com.do\">El Nuevo Diario (Rep\u00fablica Dominicana)<\/a>.<\/p>\n","protected":false},"excerpt":{"rendered":"<p>EL NUEVO DIARIO, SANTO DOMINGO.- El candidato a rector de la Universidad Aut\u00f3noma de Santo Domingo (UASD) para el per\u00edodo 2026-2030, Jorge Asjana David, formaliz\u00f3 este lunes la inscripci\u00f3n de su candidatura ante la Comisi\u00f3n Central Electoral (CCE) de la academia, de cara a los comicios pautados para el 17 de junio pr\u00f3ximo. La inscripci\u00f3n<\/p>\n","protected":false},"author":1,"featured_media":37440,"comment_status":"open","ping_status":"open","sticky":false,"template":"","format":"standard","meta":{"footnotes":""},"categories":[1],"tags":[],"class_list":["post-37439","post","type-post","status-publish","format-standard","has-post-thumbnail","hentry","category-nacionales"],"_links":{"self":[{"href":"https:\/\/acronoticias.com\/index.php\/wp-json\/wp\/v2\/posts\/37439","targetHints":{"allow":["GET"]}}],"collection":[{"href":"https:\/\/acronoticias.com\/index.php\/wp-json\/wp\/v2\/posts"}],"about":[{"href":"https:\/\/acronoticias.com\/index.php\/wp-json\/wp\/v2\/types\/post"}],"author":[{"embeddable":true,"href":"https:\/\/acronoticias.com\/index.php\/wp-json\/wp\/v2\/users\/1"}],"replies":[{"embeddable":true,"href":"https:\/\/acronoticias.com\/index.php\/wp-json\/wp\/v2\/comments?post=37439"}],"version-history":[{"count":0,"href":"https:\/\/acronoticias.com\/index.php\/wp-json\/wp\/v2\/posts\/37439\/revisions"}],"wp:featuredmedia":[{"embeddable":true,"href":"https:\/\/acronoticias.com\/index.php\/wp-json\/wp\/v2\/media\/37440"}],"wp:attachment":[{"href":"https:\/\/acronoticias.com\/index.php\/wp-json\/wp\/v2\/media?parent=37439"}],"wp:term":[{"taxonomy":"category","embeddable":true,"href":"https:\/\/acronoticias.com\/index.php\/wp-json\/wp\/v2\/categories?post=37439"},{"taxonomy":"post_tag","embeddable":true,"href":"https:\/\/acronoticias.com\/index.php\/wp-json\/wp\/v2\/tags?post=37439"}],"curies":[{"name":"wp","href":"https:\/\/api.w.org\/{rel}","templated":true}]}}