{"id":37437,"date":"2026-04-27T18:36:52","date_gmt":"2026-04-27T18:36:52","guid":{"rendered":"https:\/\/acronoticias.com\/index.php\/2026\/04\/27\/eted-fortalece-cultura-de-prevencion-y-bienestar-con-semana-de-la-seguridad-y-salud-en-el-trabajo\/"},"modified":"2026-04-27T18:36:52","modified_gmt":"2026-04-27T18:36:52","slug":"eted-fortalece-cultura-de-prevencion-y-bienestar-con-semana-de-la-seguridad-y-salud-en-el-trabajo","status":"publish","type":"post","link":"https:\/\/acronoticias.com\/index.php\/2026\/04\/27\/eted-fortalece-cultura-de-prevencion-y-bienestar-con-semana-de-la-seguridad-y-salud-en-el-trabajo\/","title":{"rendered":"ETED fortalece cultura de prevenci\u00f3n y bienestar con Semana de la Seguridad y Salud en el Trabajo"},"content":{"rendered":"<p><img loading=\"lazy\" decoding=\"async\" width=\"355\" height=\"200\" src=\"https:\/\/nuevodiario-assets.s3.us-east-2.amazonaws.com\/wp-content\/uploads\/2026\/04\/Jose-Miguel-Montero-Foto-ETED-355x200.jpeg\" class=\"webfeedsFeaturedVisual not-transparent wp-post-image\" alt=\"\" style=\"--dominant-color: #938985;margin-bottom: 5px;clear:both;max-width: 100%\" data-has-transparency=\"false\" data-dominant-color=\"938985\" \/><\/p>\n<p>EL NUEVO DIARIO, SANTO DOMINGO.- En el marco del D\u00eda Mundial de la Seguridad y la Salud en el Trabajo, que se conmemora cada 28 de abril para promover la prevenci\u00f3n de los accidentes laborales y las enfermedades profesionales a nivel global, la Empresa de Transmisi\u00f3n El\u00e9ctrica Dominicana (ETED) desarrolla su Semana de la Seguridad y Salud en el Trabajo 2026, reafirmando su compromiso con el bienestar integral de sus colaboradores y la confiabilidad del sistema el\u00e9ctrico nacional.<\/p>\n<p>Como parte de la cultura de gesti\u00f3n confiable del sistema el\u00e9ctrico, esta jornada institucional recuerda la importancia de priorizar la salud f\u00edsica y emocional del talento humano, como base para garantizar la excelencia operativa en todas las \u00e1reas de la organizaci\u00f3n.<\/p>\n<p>El acto inaugural estuvo encabezado por Yomayra Martin\u00f3 Soto, asesora en Sostenibilidad y Gobernanza de la ETED, quien destac\u00f3 que operar infraestructuras cr\u00edticas como la de transmisi\u00f3n el\u00e9ctrica y redes digitales amerita una gesti\u00f3n basada en los m\u00e1s altos est\u00e1ndares de seguridad y bienestar general. En ese sentido, se\u00f1al\u00f3 que desde la gesti\u00f3n humana y la gerencia de salud y seguridad se ha dise\u00f1ado un espacio integral de actividades orientadas a la sensibilizaci\u00f3n y al fortalecimiento de capacidades del personal.<\/p>\n<figure id=\"attachment_3098904\" aria-describedby=\"caption-attachment-3098904\" style=\"width: 1600px\" class=\"wp-caption alignnone\"><img loading=\"lazy\" decoding=\"async\" data-recalc-dims=\"1\" data-dominant-color=\"655757\" data-has-transparency=\"false\" style=\"--dominant-color: #655757\" class=\"size-full wp-image-3098904 not-transparent\" src=\"https:\/\/i0.wp.com\/nuevodiario-assets.s3.us-east-2.amazonaws.com\/wp-content\/uploads\/2026\/04\/Colaboradores-de-ETED-Foto-ETED.jpeg?resize=640%2C426&#038;quality=100&#038;ssl=1\" alt=\"\" width=\"640\" height=\"426\" \/><figcaption id=\"caption-attachment-3098904\" class=\"wp-caption-text\"><strong>Colaboradores de ETED (Foto: ETED)<\/strong><\/figcaption><\/figure>\n<p>Durante su intervenci\u00f3n, Martin\u00f3 Soto enfatiz\u00f3 que la seguridad y la salud ocupacional constituyen pilares claves en la estrategia de sostenibilidad de la ETED. Indic\u00f3 que, m\u00e1s all\u00e1 del cumplimiento normativo, la instituci\u00f3n asume estos temas como un compromiso permanente de mejora continua, enfocado en la protecci\u00f3n de la vida y en elevar la calidad del servicio que se ofrece a la naci\u00f3n.<\/p>\n<p>Como parte del programa acad\u00e9mico, el Dr. Jos\u00e9 Miguel Montero, psiquiatra y asesor de Salud Mental del Poder Ejecutivo, ofreci\u00f3 la conferencia magistral \u201cEl estr\u00e9s laboral y su impacto en la salud: claves gerenciales\u201d, en la que abord\u00f3 herramientas esenciales para el liderazgo efectivo y la gesti\u00f3n del bienestar emocional en los entornos laborales contempor\u00e1neos.<\/p>\n<p>La actividad cont\u00f3 adem\u00e1s con la presencia del se\u00f1or Franklin Marte, viceministro del Sistema de Inspecci\u00f3n y de Seguridad y Salud en el Trabajo del Ministerio de Trabajo, as\u00ed como representantes de la alta gerencia y mandos medios de la ETED.<\/p>\n<p>La agenda de la semana incluye jornadas odontol\u00f3gicas, donaci\u00f3n de sangre, charlas sobre salud mental y actividades de integraci\u00f3n como torneos deportivos de softbol y domin\u00f3, culminando con un zumbat\u00f3n institucional. Estas iniciativas buscan promover la calidad de vida del personal, contribuir de manera proactiva a la reducci\u00f3n de riesgos laborales y fortalecer una cultura organizacional orientada a la prevenci\u00f3n.<\/p>\n<p>Con este tipo de acciones, la ETED contin\u00faa consolidando una gesti\u00f3n basada en la seguridad, el bienestar y la responsabilidad, elementos esenciales para garantizar la continuidad y confiabilidad del sistema el\u00e9ctrico nacional.<\/p>\n<p>ADDP\/<\/p>\n<p>La entrada <a href=\"https:\/\/elnuevodiario.com.do\/eted-fortalece-cultura-de-prevencion-y-bienestar-con-semana-de-la-seguridad-y-salud-en-el-trabajo\/\">ETED fortalece cultura de prevenci\u00f3n y bienestar con Semana de la Seguridad y Salud en el Trabajo<\/a> se public\u00f3 primero en <a href=\"https:\/\/elnuevodiario.com.do\">El Nuevo Diario (Rep\u00fablica Dominicana)<\/a>.<\/p>\n","protected":false},"excerpt":{"rendered":"<p>EL NUEVO DIARIO, SANTO DOMINGO.- En el marco del D\u00eda Mundial de la Seguridad y la Salud en el Trabajo, que se conmemora cada 28 de abril para promover la prevenci\u00f3n de los accidentes laborales y las enfermedades profesionales a nivel global, la Empresa de Transmisi\u00f3n El\u00e9ctrica Dominicana (ETED) desarrolla su Semana de la Seguridad<\/p>\n","protected":false},"author":1,"featured_media":37438,"comment_status":"open","ping_status":"open","sticky":false,"template":"","format":"standard","meta":{"footnotes":""},"categories":[1],"tags":[],"class_list":["post-37437","post","type-post","status-publish","format-standard","has-post-thumbnail","hentry","category-nacionales"],"_links":{"self":[{"href":"https:\/\/acronoticias.com\/index.php\/wp-json\/wp\/v2\/posts\/37437","targetHints":{"allow":["GET"]}}],"collection":[{"href":"https:\/\/acronoticias.com\/index.php\/wp-json\/wp\/v2\/posts"}],"about":[{"href":"https:\/\/acronoticias.com\/index.php\/wp-json\/wp\/v2\/types\/post"}],"author":[{"embeddable":true,"href":"https:\/\/acronoticias.com\/index.php\/wp-json\/wp\/v2\/users\/1"}],"replies":[{"embeddable":true,"href":"https:\/\/acronoticias.com\/index.php\/wp-json\/wp\/v2\/comments?post=37437"}],"version-history":[{"count":0,"href":"https:\/\/acronoticias.com\/index.php\/wp-json\/wp\/v2\/posts\/37437\/revisions"}],"wp:featuredmedia":[{"embeddable":true,"href":"https:\/\/acronoticias.com\/index.php\/wp-json\/wp\/v2\/media\/37438"}],"wp:attachment":[{"href":"https:\/\/acronoticias.com\/index.php\/wp-json\/wp\/v2\/media?parent=37437"}],"wp:term":[{"taxonomy":"category","embeddable":true,"href":"https:\/\/acronoticias.com\/index.php\/wp-json\/wp\/v2\/categories?post=37437"},{"taxonomy":"post_tag","embeddable":true,"href":"https:\/\/acronoticias.com\/index.php\/wp-json\/wp\/v2\/tags?post=37437"}],"curies":[{"name":"wp","href":"https:\/\/api.w.org\/{rel}","templated":true}]}}