{"id":37427,"date":"2026-04-27T17:49:33","date_gmt":"2026-04-27T17:49:33","guid":{"rendered":"https:\/\/acronoticias.com\/index.php\/2026\/04\/27\/hermandad-de-veteranos-pensionados-de-las-ffaa-y-la-pn-es-finalista-en-premios-latam-digital-2026\/"},"modified":"2026-04-27T17:49:33","modified_gmt":"2026-04-27T17:49:33","slug":"hermandad-de-veteranos-pensionados-de-las-ffaa-y-la-pn-es-finalista-en-premios-latam-digital-2026","status":"publish","type":"post","link":"https:\/\/acronoticias.com\/index.php\/2026\/04\/27\/hermandad-de-veteranos-pensionados-de-las-ffaa-y-la-pn-es-finalista-en-premios-latam-digital-2026\/","title":{"rendered":"Hermandad de Veteranos Pensionados de las FFAA y la PN es finalista en Premios Latam Digital 2026"},"content":{"rendered":"<p><img loading=\"lazy\" decoding=\"async\" width=\"355\" height=\"200\" src=\"https:\/\/nuevodiario-assets.s3.us-east-2.amazonaws.com\/wp-content\/uploads\/2026\/04\/Hermandad-1-355x200.jpeg\" class=\"webfeedsFeaturedVisual not-transparent wp-post-image\" alt=\"\" style=\"--dominant-color: #a5a390;margin-bottom: 5px;clear:both;max-width: 100%\" data-has-transparency=\"false\" data-dominant-color=\"a5a390\" \/><\/p>\n<div dir=\"auto\">\n<p>EL NUEVO DIARIO, SANTO DOMINGO.-La Hermandad de Veteranos Pensionados de las Fuerzas Armadas y la Polic\u00eda Nacional de la Rep\u00fablica Dominicana fue seleccionada como nominada finalista en tres categor\u00edas de los 13.\u00ba Premios #LatamDigital 2026 by Interlat, importante reconocimiento regional que destaca proyectos, campa\u00f1as e iniciativas de alto impacto en transformaci\u00f3n digital, innovaci\u00f3n, comunicaci\u00f3n estrat\u00e9gica, uso de datos, marketing digital e impacto social en Am\u00e9rica Latina.Esta nominaci\u00f3n representa un hito significativo para la instituci\u00f3n, al posicionarla en un escenario internacional como una organizaci\u00f3n comprometida con la modernizaci\u00f3n, la inclusi\u00f3n digital, el fortalecimiento institucional y la mejora continua de los servicios dirigidos a sus miembros pensionados, veteranos y sus familiares.<\/p>\n<p>&nbsp;<\/p>\n<\/div>\n<div dir=\"auto\"><img loading=\"lazy\" decoding=\"async\" data-recalc-dims=\"1\" data-dominant-color=\"a19392\" data-has-transparency=\"false\" style=\"--dominant-color: #a19392\" class=\"alignnone wp-image-3098811 size-full not-transparent\" src=\"https:\/\/i0.wp.com\/nuevodiario-assets.s3.us-east-2.amazonaws.com\/wp-content\/uploads\/2026\/04\/Banner.jpg?resize=640%2C960&#038;quality=100&#038;ssl=1\" alt=\"\" width=\"640\" height=\"960\" \/><\/div>\n<div dir=\"auto\"><\/div>\n<div dir=\"auto\">\n<p>La Hermandad fue seleccionada como finalista en el Pilar #Transformaci\u00f3nDigital, categor\u00eda TF4-1: Estrategia Digital Integral, con la iniciativa \u201cCasa del Veterano Digital\u201d, orientada a fortalecer los procesos de comunicaci\u00f3n, acceso a servicios, digitalizaci\u00f3n institucional y cercan\u00eda con sus miembros a nivel nacional.<\/p>\n<p>Asimismo, la instituci\u00f3n qued\u00f3 nominada en el Pilar #MarketingDigital, categor\u00eda MD2: Uso Excepcional de Datos y Anal\u00edtica, con la campa\u00f1a \u201cHonor que NO se Retira\u201d, una iniciativa que resalta el valor de los datos, la segmentaci\u00f3n y la comunicaci\u00f3n estrat\u00e9gica para visibilizar el impacto social de la Hermandad y su compromiso con quienes dedicaron su vida al servicio de la patria.<\/p>\n<p>De igual forma, fue seleccionada como finalista en el Pilar #MarketingDigital, categor\u00eda MD3: Marketing de Influencia con Prop\u00f3sito, con la campa\u00f1a \u201cLos Defensores de la Patria\u201d, enfocada en proyectar historias, valores, identidad, legado y reconocimiento hacia los veteranos pensionados de las Fuerzas Armadas y la Polic\u00eda Nacional.<\/p>\n<p>Estas postulaciones no representan \u00fanicamente una participaci\u00f3n en un certamen internacional, sino una oportunidad para visibilizar ante Am\u00e9rica Latina las buenas pr\u00e1cticas institucionales que desarrolla la Hermandad en favor de sus miembros, integrando transformaci\u00f3n digital, comunicaci\u00f3n con prop\u00f3sito, uso estrat\u00e9gico de datos, fortalecimiento de servicios y reconocimiento social.<\/p>\n<p>El presidente de la Hermandad, Valerio Garc\u00eda, destac\u00f3 que estas nominaciones son el resultado de un proceso institucional orientado a modernizar la entidad, acercarla m\u00e1s a sus miembros y responder a los nuevos tiempos con herramientas digitales, comunicaci\u00f3n efectiva y soluciones m\u00e1s eficientes.<\/p>\n<p>\u201cEstas nominaciones son resultado del compromiso que hemos asumido con la transformaci\u00f3n institucional, implementando soluciones m\u00e1s eficientes para nuestros pensionados, adapt\u00e1ndonos a los nuevos tiempos y aprovechando las herramientas tecnol\u00f3gicas disponibles para lograr mayor cercan\u00eda a nivel nacional\u201d, expres\u00f3 Garc\u00eda.<\/p>\n<p>Los Premios Latam Digital 2026 tendr\u00e1n lugar los d\u00edas 4 y 5 de junio de 2026 en Bogot\u00e1, Colombia, donde se reunir\u00e1n instituciones p\u00fablicas, empresas, medios de comunicaci\u00f3n, universidades, organizaciones y proyectos de distintos pa\u00edses de la regi\u00f3n para reconocer iniciativas que generan impacto positivo, innovaci\u00f3n y transformaci\u00f3n digital.<\/p>\n<p>Con estas tres nominaciones finalistas, la Hermandad de Veteranos Pensionados de las Fuerzas Armadas y la Polic\u00eda Nacional reafirma su misi\u00f3n de continuar trabajando en favor del bienestar, la dignificaci\u00f3n y el reconocimiento de sus miembros, incorporando herramientas digitales que contribuyan a una gesti\u00f3n m\u00e1s \u00e1gil, transparente, cercana y humana.<\/p>\n<p>La Hermandad demuestra que el honor, el servicio y el compromiso con la patria tambi\u00e9n pueden proyectarse desde la innovaci\u00f3n, la tecnolog\u00eda y la transformaci\u00f3n digital con sentido social.<\/p>\n<p>&nbsp;<\/p>\n<p>&nbsp;<\/p>\n<\/div>\n<p>La entrada <a href=\"https:\/\/elnuevodiario.com.do\/hermandad-de-veteranos-pensionados-de-las-ffaa-y-la-pn-es-finalista-en-premios-latam-digital-2026\/\">Hermandad de Veteranos Pensionados de las FFAA y la PN es finalista en Premios Latam Digital 2026<\/a> se public\u00f3 primero en <a href=\"https:\/\/elnuevodiario.com.do\">El Nuevo Diario (Rep\u00fablica Dominicana)<\/a>.<\/p>\n","protected":false},"excerpt":{"rendered":"<p>EL NUEVO DIARIO, SANTO DOMINGO.-La Hermandad de Veteranos Pensionados de las Fuerzas Armadas y la Polic\u00eda Nacional de la Rep\u00fablica Dominicana fue seleccionada como nominada finalista en tres categor\u00edas de los 13.\u00ba Premios #LatamDigital 2026 by Interlat, importante reconocimiento regional que destaca proyectos, campa\u00f1as e iniciativas de alto impacto en transformaci\u00f3n digital, innovaci\u00f3n, comunicaci\u00f3n estrat\u00e9gica,<\/p>\n","protected":false},"author":1,"featured_media":37428,"comment_status":"open","ping_status":"open","sticky":false,"template":"","format":"standard","meta":{"footnotes":""},"categories":[1],"tags":[],"class_list":["post-37427","post","type-post","status-publish","format-standard","has-post-thumbnail","hentry","category-nacionales"],"_links":{"self":[{"href":"https:\/\/acronoticias.com\/index.php\/wp-json\/wp\/v2\/posts\/37427","targetHints":{"allow":["GET"]}}],"collection":[{"href":"https:\/\/acronoticias.com\/index.php\/wp-json\/wp\/v2\/posts"}],"about":[{"href":"https:\/\/acronoticias.com\/index.php\/wp-json\/wp\/v2\/types\/post"}],"author":[{"embeddable":true,"href":"https:\/\/acronoticias.com\/index.php\/wp-json\/wp\/v2\/users\/1"}],"replies":[{"embeddable":true,"href":"https:\/\/acronoticias.com\/index.php\/wp-json\/wp\/v2\/comments?post=37427"}],"version-history":[{"count":0,"href":"https:\/\/acronoticias.com\/index.php\/wp-json\/wp\/v2\/posts\/37427\/revisions"}],"wp:featuredmedia":[{"embeddable":true,"href":"https:\/\/acronoticias.com\/index.php\/wp-json\/wp\/v2\/media\/37428"}],"wp:attachment":[{"href":"https:\/\/acronoticias.com\/index.php\/wp-json\/wp\/v2\/media?parent=37427"}],"wp:term":[{"taxonomy":"category","embeddable":true,"href":"https:\/\/acronoticias.com\/index.php\/wp-json\/wp\/v2\/categories?post=37427"},{"taxonomy":"post_tag","embeddable":true,"href":"https:\/\/acronoticias.com\/index.php\/wp-json\/wp\/v2\/tags?post=37427"}],"curies":[{"name":"wp","href":"https:\/\/api.w.org\/{rel}","templated":true}]}}