{"id":37416,"date":"2026-04-27T16:43:37","date_gmt":"2026-04-27T16:43:37","guid":{"rendered":"https:\/\/acronoticias.com\/index.php\/2026\/04\/27\/comision-presenta-documental-sobre-milvio-perez-heroe-de-abril-de-1965\/"},"modified":"2026-04-27T16:43:37","modified_gmt":"2026-04-27T16:43:37","slug":"comision-presenta-documental-sobre-milvio-perez-heroe-de-abril-de-1965","status":"publish","type":"post","link":"https:\/\/acronoticias.com\/index.php\/2026\/04\/27\/comision-presenta-documental-sobre-milvio-perez-heroe-de-abril-de-1965\/","title":{"rendered":"Comisi\u00f3n presenta documental sobre Milvio P\u00e9rez h\u00e9roe de Abril de 1965"},"content":{"rendered":"<p><img decoding=\"async\" width=\"355\" height=\"200\" src=\"https:\/\/nuevodiario-assets.s3.us-east-2.amazonaws.com\/wp-content\/uploads\/2026\/04\/Presentacion-de-documental-Milvio-Perez-355x200.jpeg\" class=\"webfeedsFeaturedVisual not-transparent wp-post-image\" alt=\"\" style=\"--dominant-color: #63514f;margin-bottom: 5px;clear:both;max-width: 100%\" loading=\"lazy\" data-has-transparency=\"false\" data-dominant-color=\"63514f\" \/><\/p>\n<p>EL NUEVO DIARIO, SANTO DOMINGO.- La Comisi\u00f3n Presidencial del Museo de la Gesta de Abril present\u00f3 este lunes un documental que resalta la vida y el legado de Milvio P\u00e9rez, reconocido como uno de los valientes protagonistas de la Revoluci\u00f3n de Abril de 1965.<\/p>\n<p>Con esta producci\u00f3n audiovisual se le rindi\u00f3 un homenaje a P\u00e9rez, cuya participaci\u00f3n en los acontecimientos hist\u00f3ricos lo convirti\u00f3 en un s\u00edmbolo de lucha y compromiso por la defensa de la constitucionalidad en Rep\u00fablica Dominicana.<\/p>\n<p>El documental elaborado por su sobrino Milbert P\u00e9rez, recoge testimonios, im\u00e1genes y relatos que evidencian el papel desempe\u00f1ado por Milvio P\u00e9rez en medio del conflicto, as\u00ed como su impacto en la construcci\u00f3n de la identidad nacional.<\/p>\n<figure id=\"attachment_3098739\" aria-describedby=\"caption-attachment-3098739\" style=\"width: 1600px\" class=\"wp-caption alignnone\"><img loading=\"lazy\" decoding=\"async\" data-recalc-dims=\"1\" data-dominant-color=\"814e4f\" data-has-transparency=\"false\" style=\"--dominant-color: #814e4f\" class=\"size-full wp-image-3098739 not-transparent\" src=\"https:\/\/i0.wp.com\/nuevodiario-assets.s3.us-east-2.amazonaws.com\/wp-content\/uploads\/2026\/04\/Presentacion-documental.jpeg?resize=640%2C482&#038;quality=100&#038;ssl=1\" alt=\"\" width=\"640\" height=\"482\" \/><figcaption id=\"caption-attachment-3098739\" class=\"wp-caption-text\">Presentaci\u00f3n de documental Milvio P\u00e9rez (Foto: Lidia Pinales\/ END)<\/figcaption><\/figure>\n<p>Durante la presentaci\u00f3n, el presidente de la comisi\u00f3n Jottin Cury, destac\u00f3 la importancia de preservar la memoria hist\u00f3rica y difundir entre las nuevas generaciones el significado de la gesta de abril, considerada un momento clave en la historia democr\u00e1tica del pa\u00eds.<\/p>\n<p>Milvio P\u00e9rez a trav\u00e9s de su \u201carma\u201d que no disparaba balas, sino memoria inmortaliz\u00f3 la Revoluci\u00f3n de Abril de 1965 en medio de una lucha que se libraba en el pa\u00eds para lograr el retorno a la constitucionalidad y el restablecimiento de la Constituci\u00f3n de 1963.<\/p>\n<p>Este valiente fot\u00f3grafo arriesg\u00f3 su vida en m\u00faltiples ocasiones, adentr\u00e1ndose voluntariamente en los escenarios m\u00e1s peligrosos del conflicto, captando con su c\u00e1mara momentos decisivos de uno de los episodios m\u00e1s trascendentales de la historia nacional.<\/p>\n<p>Su trabajo no solo document\u00f3 la crudeza de la guerra, sino tambi\u00e9n la dignidad de un pueblo que enfrent\u00f3 enormes adversidades en defensa de su soberan\u00eda.<\/p>\n<figure id=\"attachment_3098741\" aria-describedby=\"caption-attachment-3098741\" style=\"width: 1280px\" class=\"wp-caption alignnone\"><img loading=\"lazy\" decoding=\"async\" data-recalc-dims=\"1\" data-dominant-color=\"695a58\" data-has-transparency=\"false\" style=\"--dominant-color: #695a58\" class=\"size-full wp-image-3098741 not-transparent\" src=\"https:\/\/i0.wp.com\/nuevodiario-assets.s3.us-east-2.amazonaws.com\/wp-content\/uploads\/2026\/04\/Milvio-Perez-durante-presentacion-de-documental.jpeg?resize=640%2C360&#038;quality=100&#038;ssl=1\" alt=\"\" width=\"640\" height=\"360\" \/><figcaption id=\"caption-attachment-3098741\" class=\"wp-caption-text\">Presentaci\u00f3n de documental Milvio P\u00e9rez (Foto: Lidia Pinales\/ END)<\/figcaption><\/figure>\n<p>Con m\u00e1s de dos mil im\u00e1genes, consideradas hoy un patrimonio visual invaluable, el fot\u00f3grafo logr\u00f3 retratar las penurias, el coraje y la esperanza de miles de dominicanos. Sus fotograf\u00edas constituyen un testimonio irremplazable que permite a las nuevas generaciones comprender la magnitud de aquella gesta patri\u00f3tica.<\/p>\n<p>Con esta iniciativa, la Comisi\u00f3n reafirma su compromiso de promover el conocimiento hist\u00f3rico y honrar a quienes contribuyeron a la lucha por la democracia y la soberan\u00eda nacional.<\/p>\n<p>En la actividad que se efectu\u00f3 en el sal\u00f3n de la Asamblea Nacional del Congreso estuvieron presentes otros constitucionalistas entre los que destacaron Rafael (Fafa) Taveras.<\/p>\n<p>Tambi\u00e9n estuvieron presentes los senadores Pedro Catrain y Dagoberto Rodr\u00edguez, as\u00ed como la coordinadora del Gabinete de Pol\u00edtica Social, Geanilda V\u00e1squez y la viceministra de Innovaci\u00f3n, Transparencia y Atenci\u00f3n Ciudadana del Ministerio Administrativo de la Presidencia (MAPRE), Xiomara Guante.<\/p>\n<p>&nbsp;<\/p>\n<p>&nbsp;<\/p>\n<p>JSB\/<\/p>\n<p>La entrada <a href=\"https:\/\/elnuevodiario.com.do\/comision-presenta-documental-sobre-milvio-perez-heroe-de-abril-de-1965\/\">Comisi\u00f3n presenta documental sobre Milvio P\u00e9rez h\u00e9roe de Abril de 1965<\/a> se public\u00f3 primero en <a href=\"https:\/\/elnuevodiario.com.do\">El Nuevo Diario (Rep\u00fablica Dominicana)<\/a>.<\/p>\n","protected":false},"excerpt":{"rendered":"<p>EL NUEVO DIARIO, SANTO DOMINGO.- La Comisi\u00f3n Presidencial del Museo de la Gesta de Abril present\u00f3 este lunes un documental que resalta la vida y el legado de Milvio P\u00e9rez, reconocido como uno de los valientes protagonistas de la Revoluci\u00f3n de Abril de 1965. Con esta producci\u00f3n audiovisual se le rindi\u00f3 un homenaje a P\u00e9rez,<\/p>\n","protected":false},"author":1,"featured_media":37417,"comment_status":"open","ping_status":"open","sticky":false,"template":"","format":"standard","meta":{"footnotes":""},"categories":[1],"tags":[],"class_list":["post-37416","post","type-post","status-publish","format-standard","has-post-thumbnail","hentry","category-nacionales"],"_links":{"self":[{"href":"https:\/\/acronoticias.com\/index.php\/wp-json\/wp\/v2\/posts\/37416","targetHints":{"allow":["GET"]}}],"collection":[{"href":"https:\/\/acronoticias.com\/index.php\/wp-json\/wp\/v2\/posts"}],"about":[{"href":"https:\/\/acronoticias.com\/index.php\/wp-json\/wp\/v2\/types\/post"}],"author":[{"embeddable":true,"href":"https:\/\/acronoticias.com\/index.php\/wp-json\/wp\/v2\/users\/1"}],"replies":[{"embeddable":true,"href":"https:\/\/acronoticias.com\/index.php\/wp-json\/wp\/v2\/comments?post=37416"}],"version-history":[{"count":0,"href":"https:\/\/acronoticias.com\/index.php\/wp-json\/wp\/v2\/posts\/37416\/revisions"}],"wp:featuredmedia":[{"embeddable":true,"href":"https:\/\/acronoticias.com\/index.php\/wp-json\/wp\/v2\/media\/37417"}],"wp:attachment":[{"href":"https:\/\/acronoticias.com\/index.php\/wp-json\/wp\/v2\/media?parent=37416"}],"wp:term":[{"taxonomy":"category","embeddable":true,"href":"https:\/\/acronoticias.com\/index.php\/wp-json\/wp\/v2\/categories?post=37416"},{"taxonomy":"post_tag","embeddable":true,"href":"https:\/\/acronoticias.com\/index.php\/wp-json\/wp\/v2\/tags?post=37416"}],"curies":[{"name":"wp","href":"https:\/\/api.w.org\/{rel}","templated":true}]}}