{"id":37414,"date":"2026-04-27T16:27:45","date_gmt":"2026-04-27T16:27:45","guid":{"rendered":"https:\/\/acronoticias.com\/index.php\/2026\/04\/27\/accidente-de-transito-deja-dos-muertos-y-un-menor-herido-en-los-miches-dajabon\/"},"modified":"2026-04-27T16:27:45","modified_gmt":"2026-04-27T16:27:45","slug":"accidente-de-transito-deja-dos-muertos-y-un-menor-herido-en-los-miches-dajabon","status":"publish","type":"post","link":"https:\/\/acronoticias.com\/index.php\/2026\/04\/27\/accidente-de-transito-deja-dos-muertos-y-un-menor-herido-en-los-miches-dajabon\/","title":{"rendered":"Accidente de tr\u00e1nsito deja dos muertos y un menor herido en Los Miches, Dajab\u00f3n"},"content":{"rendered":"<p><img loading=\"lazy\" decoding=\"async\" width=\"355\" height=\"200\" src=\"https:\/\/nuevodiario-assets.s3.us-east-2.amazonaws.com\/wp-content\/uploads\/2026\/04\/AccidenteenDajabon-355x200.jpeg\" class=\"webfeedsFeaturedVisual not-transparent wp-post-image\" alt=\"\" style=\"--dominant-color: #6d543d;margin-bottom: 5px;clear:both;max-width: 100%\" data-has-transparency=\"false\" data-dominant-color=\"6d543d\" \/><\/p>\n<section class=\"text-token-text-primary w-full focus:outline-none [--shadow-height:45px] has-data-writing-block:pointer-events-none has-data-writing-block:-mt-(--shadow-height) has-data-writing-block:pt-(--shadow-height) [&amp;:has([data-writing-block])&gt;*]:pointer-events-auto [content-visibility:auto] supports-[content-visibility:auto]:[contain-intrinsic-size:auto_100lvh] R6Vx5W_threadScrollVars scroll-mb-[calc(var(--scroll-root-safe-area-inset-bottom,0px)+var(--thread-response-height))] scroll-mt-[calc(var(--header-height)+min(200px,max(70px,20svh)))]\" dir=\"auto\" data-turn-id=\"request-WEB:e4f0bff5-0f1d-48ef-8516-86a7325f3dda-9\" data-testid=\"conversation-turn-20\" data-scroll-anchor=\"false\" data-turn=\"assistant\">\n<div class=\"text-base my-auto mx-auto pb-10 [--thread-content-margin:var(--thread-content-margin-xs,calc(var(--spacing)*4))] @w-sm\/main:[--thread-content-margin:var(--thread-content-margin-sm,calc(var(--spacing)*6))] @w-lg\/main:[--thread-content-margin:var(--thread-content-margin-lg,calc(var(--spacing)*16))] px-(--thread-content-margin)\">\n<div class=\"[--thread-content-max-width:40rem] @w-lg\/main:[--thread-content-max-width:48rem] mx-auto max-w-(--thread-content-max-width) flex-1 group\/turn-messages focus-visible:outline-hidden relative flex w-full min-w-0 flex-col agent-turn\">\n<div class=\"flex max-w-full flex-col gap-4 grow\">\n<div class=\"min-h-8 text-message relative flex w-full flex-col items-end gap-2 text-start break-words whitespace-normal outline-none keyboard-focused:focus-ring [.text-message+&amp;]:mt-1\" dir=\"auto\" data-message-author-role=\"assistant\" data-message-id=\"08fa7ad4-75f6-4eb6-bdbe-7641a71ac74e\" data-message-model-slug=\"gpt-5-3\" data-turn-start-message=\"true\">\n<div class=\"flex w-full flex-col gap-1 empty:hidden\">\n<div class=\"markdown prose dark:prose-invert w-full wrap-break-word light markdown-new-styling\">\n<p data-start=\"0\" data-end=\"261\">EL NUEVO DIARIO, DAJAB\u00d3N.- La Direcci\u00f3n General de Seguridad de Tr\u00e1nsito y Transporte Terrestre (Digesett) inform\u00f3 este lunes sobre un accidente de tr\u00e1nsito que dej\u00f3 dos fallecidos y un menor gravemente herido la noche del pasado domingo en Los Miches, Dajab\u00f3n.<\/p>\n<p data-start=\"263\" data-end=\"553\">En el hecho murieron Estephania Fern\u00e1ndez Torres, de 24 a\u00f1os, quien conduc\u00eda una motocicleta marca Tauro, modelo CG200, color negro, y un menor de dos a\u00f1os, quien viajaba como pasajero; ambos fallecieron a causa de trauma craneoencef\u00e1lico severo, seg\u00fan certific\u00f3 el m\u00e9dico legista actuante.<\/p>\n<p data-start=\"555\" data-end=\"804\">Asimismo, otro menor de tres a\u00f1os result\u00f3 con trauma craneal moderado a severo, laceraciones m\u00faltiples y trauma abdominal, el cual fue atendido en el Hospital Provincial Mat\u00edas Ram\u00f3n Mella y referido al Hospital Infantil Arturo Grull\u00f3n, en Santiago.<\/p>\n<p data-start=\"806\" data-end=\"1078\">La entidad identific\u00f3 al conductor de la camioneta involucrada como Keiri Santiago River\u00f3n Lombert, de 18 a\u00f1os, miembro del Ej\u00e9rcito de la Rep\u00fablica Dominicana, quien result\u00f3 ileso tras el impacto. Este conduc\u00eda una camioneta marca JAC, modelo Frison T9 4WD, color blanco.<\/p>\n<p data-start=\"1080\" data-end=\"1255\" data-is-last-node=\"\" data-is-only-node=\"\">De acuerdo con el informe preliminar, el accidente ocurri\u00f3 alrededor de las 8:30 de la noche, cuando ambos veh\u00edculos transitaban en direcci\u00f3n este a oeste por la referida v\u00eda.<\/p>\n<\/div>\n<\/div>\n<\/div>\n<\/div>\n<div class=\"z-0 flex min-h-[46px] justify-start\"><\/div>\n<\/div>\n<\/div>\n<\/section>\n<p>La entrada <a href=\"https:\/\/elnuevodiario.com.do\/accidente-de-transito-deja-dos-muertos-y-un-menor-herido-en-los-miche-dajabon\/\">Accidente de tr\u00e1nsito deja dos muertos y un menor herido en Los Miches, Dajab\u00f3n<\/a> se public\u00f3 primero en <a href=\"https:\/\/elnuevodiario.com.do\">El Nuevo Diario (Rep\u00fablica Dominicana)<\/a>.<\/p>\n","protected":false},"excerpt":{"rendered":"<p>EL NUEVO DIARIO, DAJAB\u00d3N.- La Direcci\u00f3n General de Seguridad de Tr\u00e1nsito y Transporte Terrestre (Digesett) inform\u00f3 este lunes sobre un accidente de tr\u00e1nsito que dej\u00f3 dos fallecidos y un menor gravemente herido la noche del pasado domingo en Los Miches, Dajab\u00f3n. En el hecho murieron Estephania Fern\u00e1ndez Torres, de 24 a\u00f1os, quien conduc\u00eda una motocicleta<\/p>\n","protected":false},"author":1,"featured_media":37415,"comment_status":"open","ping_status":"open","sticky":false,"template":"","format":"standard","meta":{"footnotes":""},"categories":[1],"tags":[],"class_list":["post-37414","post","type-post","status-publish","format-standard","has-post-thumbnail","hentry","category-nacionales"],"_links":{"self":[{"href":"https:\/\/acronoticias.com\/index.php\/wp-json\/wp\/v2\/posts\/37414","targetHints":{"allow":["GET"]}}],"collection":[{"href":"https:\/\/acronoticias.com\/index.php\/wp-json\/wp\/v2\/posts"}],"about":[{"href":"https:\/\/acronoticias.com\/index.php\/wp-json\/wp\/v2\/types\/post"}],"author":[{"embeddable":true,"href":"https:\/\/acronoticias.com\/index.php\/wp-json\/wp\/v2\/users\/1"}],"replies":[{"embeddable":true,"href":"https:\/\/acronoticias.com\/index.php\/wp-json\/wp\/v2\/comments?post=37414"}],"version-history":[{"count":0,"href":"https:\/\/acronoticias.com\/index.php\/wp-json\/wp\/v2\/posts\/37414\/revisions"}],"wp:featuredmedia":[{"embeddable":true,"href":"https:\/\/acronoticias.com\/index.php\/wp-json\/wp\/v2\/media\/37415"}],"wp:attachment":[{"href":"https:\/\/acronoticias.com\/index.php\/wp-json\/wp\/v2\/media?parent=37414"}],"wp:term":[{"taxonomy":"category","embeddable":true,"href":"https:\/\/acronoticias.com\/index.php\/wp-json\/wp\/v2\/categories?post=37414"},{"taxonomy":"post_tag","embeddable":true,"href":"https:\/\/acronoticias.com\/index.php\/wp-json\/wp\/v2\/tags?post=37414"}],"curies":[{"name":"wp","href":"https:\/\/api.w.org\/{rel}","templated":true}]}}