{"id":37411,"date":"2026-04-27T16:11:47","date_gmt":"2026-04-27T16:11:47","guid":{"rendered":"https:\/\/acronoticias.com\/index.php\/2026\/04\/27\/colisiona-vehiculo-de-avanzada-del-cusep-y-deja-tres-personas-heridas-en-maimon\/"},"modified":"2026-04-27T16:11:47","modified_gmt":"2026-04-27T16:11:47","slug":"colisiona-vehiculo-de-avanzada-del-cusep-y-deja-tres-personas-heridas-en-maimon","status":"publish","type":"post","link":"https:\/\/acronoticias.com\/index.php\/2026\/04\/27\/colisiona-vehiculo-de-avanzada-del-cusep-y-deja-tres-personas-heridas-en-maimon\/","title":{"rendered":"Colisiona veh\u00edculo de avanzada del Cusep y deja tres personas heridas en Maim\u00f3n"},"content":{"rendered":"<p><img decoding=\"async\" width=\"355\" height=\"200\" src=\"https:\/\/nuevodiario-assets.s3.us-east-2.amazonaws.com\/wp-content\/uploads\/2026\/04\/CUED-355x200.jpeg\" class=\"webfeedsFeaturedVisual not-transparent wp-post-image\" alt=\"\" style=\"--dominant-color: #535f42;margin-bottom: 5px;clear:both;max-width: 100%\" loading=\"lazy\" data-has-transparency=\"false\" data-dominant-color=\"535f42\" \/><\/p>\n<p>EL NUEVO DIARIO, PUERTO PLATA.- Tres personas resultaron heridas la ma\u00f1ana de este lunes luego de que un veh\u00edculo perteneciente a la avanzada del Cuerpo de Seguridad Presidencial (CUSEP) perdiera el control y colisionara con un autom\u00f3vil, cayendo ambos por un precipicio,\u00a0 en un hecho registrado en el distrito municipal de Maim\u00f3n, provincia Puerto Plata.<\/p>\n<p>Seg\u00fan un comunicado del Cusep, en el hecho, ocurrido a las 8:56 de la ma\u00f1ana, dos miembros de la escolta presidencial y un ciudadano civil recibieron traumas diversos.<\/p>\n<p>La instituci\u00f3n agreg\u00f3 que los afectados fueron asistidos y trasladados a centros de salud m\u00e1s cercanos, donde reciben las atenciones m\u00e9dicas correspondientes.<\/p>\n<p><img decoding=\"async\" data-recalc-dims=\"1\" data-dominant-color=\"57635a\" data-has-transparency=\"false\" style=\"--dominant-color: #57635a\" loading=\"lazy\" class=\"alignnone wp-image-3098584 size-full not-transparent\" src=\"https:\/\/i0.wp.com\/nuevodiario-assets.s3.us-east-2.amazonaws.com\/wp-content\/uploads\/2026\/04\/AccidenteCUED.jpeg?resize=640%2C473&#038;quality=100&#038;ssl=1\" alt=\"\" width=\"640\" height=\"473\" \/><\/p>\n<p>En el veh\u00edculo oficial se trasladaban Mariales Veras Abreu, primer teniente del Ej\u00e9rcito de la Rep\u00fablica Dominicana (ERD), quien fung\u00eda como copiloto, y Julio Miguel Santos, segundo teniente de la Polic\u00eda Nacional (PN), quien conduc\u00eda.<\/p>\n<p><a href=\"https:\/\/videos.files.wordpress.com\/E6a4xWqr\/vehiculos.mp4\">vehiculos-mp4<\/a><\/p>\n<p>Se precisa que el presidente Luis Abinader no se desplazaba en dicha caravana al momento del incidente.<\/p>\n<p>Autoridades acudieron al lugar para asistir a los involucrados e iniciar las investigaciones correspondientes sobre este incidente.<\/p>\n<p>&nbsp;<\/p>\n<p>La entrada <a href=\"https:\/\/elnuevodiario.com.do\/colisiona-vehiculo-de-avanzada-del-cusep-y-deja-tres-personas-heridas-en-maimon\/\">Colisiona veh\u00edculo de avanzada del Cusep y deja tres personas heridas en Maim\u00f3n<\/a> se public\u00f3 primero en <a href=\"https:\/\/elnuevodiario.com.do\">El Nuevo Diario (Rep\u00fablica Dominicana)<\/a>.<\/p>\n","protected":false},"excerpt":{"rendered":"<p>EL NUEVO DIARIO, PUERTO PLATA.- Tres personas resultaron heridas la ma\u00f1ana de este lunes luego de que un veh\u00edculo perteneciente a la avanzada del Cuerpo de Seguridad Presidencial (CUSEP) perdiera el control y colisionara con un autom\u00f3vil, cayendo ambos por un precipicio,\u00a0 en un hecho registrado en el distrito municipal de Maim\u00f3n, provincia Puerto Plata.<\/p>\n","protected":false},"author":1,"featured_media":37404,"comment_status":"open","ping_status":"open","sticky":false,"template":"","format":"standard","meta":{"footnotes":""},"categories":[1],"tags":[],"class_list":["post-37411","post","type-post","status-publish","format-standard","has-post-thumbnail","hentry","category-nacionales"],"_links":{"self":[{"href":"https:\/\/acronoticias.com\/index.php\/wp-json\/wp\/v2\/posts\/37411","targetHints":{"allow":["GET"]}}],"collection":[{"href":"https:\/\/acronoticias.com\/index.php\/wp-json\/wp\/v2\/posts"}],"about":[{"href":"https:\/\/acronoticias.com\/index.php\/wp-json\/wp\/v2\/types\/post"}],"author":[{"embeddable":true,"href":"https:\/\/acronoticias.com\/index.php\/wp-json\/wp\/v2\/users\/1"}],"replies":[{"embeddable":true,"href":"https:\/\/acronoticias.com\/index.php\/wp-json\/wp\/v2\/comments?post=37411"}],"version-history":[{"count":0,"href":"https:\/\/acronoticias.com\/index.php\/wp-json\/wp\/v2\/posts\/37411\/revisions"}],"wp:featuredmedia":[{"embeddable":true,"href":"https:\/\/acronoticias.com\/index.php\/wp-json\/wp\/v2\/media\/37404"}],"wp:attachment":[{"href":"https:\/\/acronoticias.com\/index.php\/wp-json\/wp\/v2\/media?parent=37411"}],"wp:term":[{"taxonomy":"category","embeddable":true,"href":"https:\/\/acronoticias.com\/index.php\/wp-json\/wp\/v2\/categories?post=37411"},{"taxonomy":"post_tag","embeddable":true,"href":"https:\/\/acronoticias.com\/index.php\/wp-json\/wp\/v2\/tags?post=37411"}],"curies":[{"name":"wp","href":"https:\/\/api.w.org\/{rel}","templated":true}]}}