{"id":37407,"date":"2026-04-27T15:55:40","date_gmt":"2026-04-27T15:55:40","guid":{"rendered":"https:\/\/acronoticias.com\/index.php\/2026\/04\/27\/piden-ministerio-de-trabajo-preste-atencion-a-enfermedades-y-a-miles-de-accidentes-laborales\/"},"modified":"2026-04-27T15:55:40","modified_gmt":"2026-04-27T15:55:40","slug":"piden-ministerio-de-trabajo-preste-atencion-a-enfermedades-y-a-miles-de-accidentes-laborales","status":"publish","type":"post","link":"https:\/\/acronoticias.com\/index.php\/2026\/04\/27\/piden-ministerio-de-trabajo-preste-atencion-a-enfermedades-y-a-miles-de-accidentes-laborales\/","title":{"rendered":"Piden Ministerio de Trabajo preste atenci\u00f3n a enfermedades y a miles de accidentes laborales"},"content":{"rendered":"<p><img decoding=\"async\" width=\"355\" height=\"200\" src=\"https:\/\/nuevodiario-assets.s3.us-east-2.amazonaws.com\/wp-content\/uploads\/2026\/04\/Nilton-Freitas-y-Pedro-Julio-Alcantara-al-tomar-la-palabra-junto-a-miembros-de-Fenticommc-Foto-Felix-Lara-El-Nuevo-Diario-355x200.jpeg\" class=\"webfeedsFeaturedVisual not-transparent wp-post-image\" alt=\"\" style=\"--dominant-color: #b4b1ae;margin-bottom: 5px;clear:both;max-width: 100%\" loading=\"lazy\" data-has-transparency=\"false\" data-dominant-color=\"b4b1ae\" \/><\/p>\n<p>EL NUEVO DIARIO, SANTO DOMINGO.- En el marco del D\u00eda Internacional de Salud y Seguridad en el Trabajo que se celebra cada 28 de abril, La Confederaci\u00f3n Nacional de Trabajadores de la Industria de la Construcci\u00f3n (Fenticommc) encendi\u00f3 velas este lunes para conmemorar a los trabajadores fallecidos y para pedir que el Ministerio de Trabajo preste atenci\u00f3n a los miles de accidente laborales.<\/p>\n<p>\u201cEn una forma de llamar la atenci\u00f3n al Ministerio del Trabajo\u2026 con esta acci\u00f3n le estamos haciendo un llamado a que le preste atenci\u00f3n a los accidentes que se dan en la industria de la construcci\u00f3n, ya que cada vez que fallece un compa\u00f1ero queda una familia desprotegida, queda un mal recuerdo en la industria\u201d, manifest\u00f3 el presidente de Fenticommc, Pedro Julio Alc\u00e1ntara.<\/p>\n<p>Durante una rueda de prensa, Alc\u00e1ntara especific\u00f3 que el ministerio debe de fijarse en la seguridad de los que laboran en la construcci\u00f3n de edificios altos en el pa\u00eds.<\/p>\n<p><a href=\"https:\/\/videos.files.wordpress.com\/kG5EVbEF\/pedro-julio-alcantara-video-felix-lara-el-nuevo-diario.mp4\">Pedro Julio Alc\u00e1ntara (Video: F\u00e9lix Lara\/ El Nuevo Diario)<\/a><\/p>\n<p><strong>Revelan ocurren unas 2,500 muertes por accidentes laborales anuales en RD<\/strong><\/p>\n<p>Luego de informar que en el mundo ocurren m\u00e1s de tres millones de muertes por accidente y enfermedades laborales, el representante de la Internacional de la Construcci\u00f3n y la Madera (ICM), Nilton Freitas, revel\u00f3 que en Rep\u00fablica Dominicana ocurre un aproximado de 2,500 muertes anuales.<\/p>\n<p>Tambi\u00e9n detall\u00f3 que entre los accidentes en la construcci\u00f3n, est\u00e1n los accidentes con electricidad, derrumbes, entre otros. Mientras que sobre las enfermedades, dijo que ocurren por la exposici\u00f3n a la ceniza, la s\u00edlice, al asbesto por la exposici\u00f3n a sustancias qu\u00edmicas.<\/p>\n<p><a href=\"https:\/\/videos.files.wordpress.com\/SZ2wZOvu\/nilton-freitas-video-felix-lara-el-nuevo-diario.mp4\">Nilton Freitas (Video: F\u00e9lix Lara\/ El Nuevo Diario)<\/a><\/p>\n<p>\u201cEsta es la gravedad que se ve en el mundo en t\u00e9rminos de accidentes y enfermedades. tres millones por a\u00f1o, total de 395 millones de accidentes, tres millones de muertes, un tanto m\u00e1s de millones de discapacitados. Eso tiene un impacto social, econ\u00f3mico en las familias, en las sociedades, en la industria. Para el desarrollo de un pa\u00eds, cuatro por ciento del PIB mundial se pierde a cada a\u00f1o en raz\u00f3n de estos accidentes laborales y de estas muertes\u201d, argument\u00f3.<\/p>\n<p>Para Freitas lo anteriormente dicho es un desaf\u00edo de gobiernos, de empleadores y de trabajadores, ya que seg\u00fan dijo, el tema de salud y seguridad es un tema bipartito.<\/p>\n<p><a href=\"https:\/\/videos.files.wordpress.com\/aR47GKHg\/encendido-de-velas-por-miembros-de-fenticommc-foto-felix-lara-el-nuevo-diario.mp4\">Encendido de velas por miembros de Fenticommc (Video: F\u00e9lix Lara\/ El Nuevo Diario)<\/a><\/p>\n<p>\u201cEl derecho a salud y seguridad en el trabajo es una condici\u00f3n fundamental. Desde hace dos o tres a\u00f1os, se ha reconocido como un derecho de valor. Todos los pa\u00edses, independientes o miembros de la Organizaci\u00f3n Internacional del Trabajo, firmaron, ratificaron convenios, tienen que cumplir con las normas de salud y seguridad\u201d, enfatiz\u00f3.<\/p>\n<p>El representante de la ICM reiter\u00f3 que es un desaf\u00edo para todo el pa\u00eds y que la lucha por la vida es una lucha permanente. \u201cTodos debemos estar siempre comprometidos con esto\u201d.<\/p>\n<p>ADDP\/<\/p>\n<p><a href=\"https:\/\/elnuevodiario.com.do\/piden-ministerio-de-trabajo-preste-atencion-a-enfermedades-y-miles-de-accidentes-laborales\/pedro-julio-alcantara-al-tomar-la-palabra-foto-felix-lara-el-nuevo-diario\/\"><img loading=\"lazy\" decoding=\"async\" data-recalc-dims=\"1\" width=\"640\" height=\"426\" src=\"https:\/\/i0.wp.com\/nuevodiario-assets.s3.us-east-2.amazonaws.com\/wp-content\/uploads\/2026\/04\/Pedro-Julio-Alcantara-al-tomar-la-palabra-Foto-Felix-Lara-El-Nuevo-Diario.jpeg?resize=640%2C426&#038;quality=100&#038;ssl=1\" class=\"attachment-full size-full not-transparent\" alt=\"\" data-has-transparency=\"false\" data-dominant-color=\"b8b1a8\" style=\"--dominant-color: #b8b1a8\" \/><\/a><br \/>\n<a href=\"https:\/\/elnuevodiario.com.do\/piden-ministerio-de-trabajo-preste-atencion-a-enfermedades-y-miles-de-accidentes-laborales\/nilton-freitas-al-tomar-la-palabra-foto-felix-lara-el-nuevo-diario\/\"><img loading=\"lazy\" decoding=\"async\" data-recalc-dims=\"1\" width=\"640\" height=\"426\" src=\"https:\/\/i0.wp.com\/nuevodiario-assets.s3.us-east-2.amazonaws.com\/wp-content\/uploads\/2026\/04\/Nilton-Freitas-al-tomar-la-palabra-Foto-Felix-Lara-El-Nuevo-Diario.jpeg?resize=640%2C426&#038;quality=100&#038;ssl=1\" class=\"attachment-full size-full not-transparent\" alt=\"\" data-has-transparency=\"false\" data-dominant-color=\"a39d97\" style=\"--dominant-color: #a39d97\" \/><\/a><br \/>\n<a href=\"https:\/\/elnuevodiario.com.do\/piden-ministerio-de-trabajo-preste-atencion-a-enfermedades-y-miles-de-accidentes-laborales\/fenticommc-foto-felix-lara-el-nuevo-diario\/\"><img decoding=\"async\" data-recalc-dims=\"1\" loading=\"lazy\" width=\"640\" height=\"480\" src=\"https:\/\/i0.wp.com\/nuevodiario-assets.s3.us-east-2.amazonaws.com\/wp-content\/uploads\/2026\/04\/Fenticommc-Foto-Felix-Lara-El-Nuevo-Diario.jpeg?resize=640%2C480&#038;quality=100&#038;ssl=1\" class=\"attachment-full size-full not-transparent\" alt=\"\" data-has-transparency=\"false\" data-dominant-color=\"7f7f67\" style=\"--dominant-color: #7f7f67\" \/><\/a><br \/>\n<a href=\"https:\/\/elnuevodiario.com.do\/piden-ministerio-de-trabajo-preste-atencion-a-enfermedades-y-miles-de-accidentes-laborales\/miembros-de-fenticommc-foto-felix-lara-el-nuevo-diario-2\/\"><img decoding=\"async\" data-recalc-dims=\"1\" loading=\"lazy\" width=\"640\" height=\"426\" src=\"https:\/\/i0.wp.com\/nuevodiario-assets.s3.us-east-2.amazonaws.com\/wp-content\/uploads\/2026\/04\/Miembros-de-Fenticommc-Foto-Felix-Lara-El-Nuevo-Diario-2.jpeg?resize=640%2C426&#038;quality=100&#038;ssl=1\" class=\"attachment-full size-full not-transparent\" alt=\"\" data-has-transparency=\"false\" data-dominant-color=\"8a8784\" style=\"--dominant-color: #8a8784\" \/><\/a><br \/>\n<a href=\"https:\/\/elnuevodiario.com.do\/piden-ministerio-de-trabajo-preste-atencion-a-enfermedades-y-miles-de-accidentes-laborales\/miembros-de-fenticommc-foto-felix-lara-el-nuevo-diario-1\/\"><img decoding=\"async\" data-recalc-dims=\"1\" loading=\"lazy\" width=\"640\" height=\"426\" src=\"https:\/\/i0.wp.com\/nuevodiario-assets.s3.us-east-2.amazonaws.com\/wp-content\/uploads\/2026\/04\/Miembros-de-Fenticommc-Foto-Felix-Lara-El-Nuevo-Diario-1.jpeg?resize=640%2C426&#038;quality=100&#038;ssl=1\" class=\"attachment-full size-full not-transparent\" alt=\"\" data-has-transparency=\"false\" data-dominant-color=\"949188\" style=\"--dominant-color: #949188\" \/><\/a><\/p>\n<p>La entrada <a href=\"https:\/\/elnuevodiario.com.do\/piden-ministerio-de-trabajo-preste-atencion-a-enfermedades-y-miles-de-accidentes-laborales\/\">Piden Ministerio de Trabajo preste atenci\u00f3n a enfermedades y a miles de accidentes laborales<\/a> se public\u00f3 primero en <a href=\"https:\/\/elnuevodiario.com.do\">El Nuevo Diario (Rep\u00fablica Dominicana)<\/a>.<\/p>\n","protected":false},"excerpt":{"rendered":"<p>EL NUEVO DIARIO, SANTO DOMINGO.- En el marco del D\u00eda Internacional de Salud y Seguridad en el Trabajo que se celebra cada 28 de abril, La Confederaci\u00f3n Nacional de Trabajadores de la Industria de la Construcci\u00f3n (Fenticommc) encendi\u00f3 velas este lunes para conmemorar a los trabajadores fallecidos y para pedir que el Ministerio de Trabajo<\/p>\n","protected":false},"author":1,"featured_media":37408,"comment_status":"open","ping_status":"open","sticky":false,"template":"","format":"standard","meta":{"footnotes":""},"categories":[1],"tags":[],"class_list":["post-37407","post","type-post","status-publish","format-standard","has-post-thumbnail","hentry","category-nacionales"],"_links":{"self":[{"href":"https:\/\/acronoticias.com\/index.php\/wp-json\/wp\/v2\/posts\/37407","targetHints":{"allow":["GET"]}}],"collection":[{"href":"https:\/\/acronoticias.com\/index.php\/wp-json\/wp\/v2\/posts"}],"about":[{"href":"https:\/\/acronoticias.com\/index.php\/wp-json\/wp\/v2\/types\/post"}],"author":[{"embeddable":true,"href":"https:\/\/acronoticias.com\/index.php\/wp-json\/wp\/v2\/users\/1"}],"replies":[{"embeddable":true,"href":"https:\/\/acronoticias.com\/index.php\/wp-json\/wp\/v2\/comments?post=37407"}],"version-history":[{"count":0,"href":"https:\/\/acronoticias.com\/index.php\/wp-json\/wp\/v2\/posts\/37407\/revisions"}],"wp:featuredmedia":[{"embeddable":true,"href":"https:\/\/acronoticias.com\/index.php\/wp-json\/wp\/v2\/media\/37408"}],"wp:attachment":[{"href":"https:\/\/acronoticias.com\/index.php\/wp-json\/wp\/v2\/media?parent=37407"}],"wp:term":[{"taxonomy":"category","embeddable":true,"href":"https:\/\/acronoticias.com\/index.php\/wp-json\/wp\/v2\/categories?post=37407"},{"taxonomy":"post_tag","embeddable":true,"href":"https:\/\/acronoticias.com\/index.php\/wp-json\/wp\/v2\/tags?post=37407"}],"curies":[{"name":"wp","href":"https:\/\/api.w.org\/{rel}","templated":true}]}}