{"id":37405,"date":"2026-04-27T15:39:33","date_gmt":"2026-04-27T15:39:33","guid":{"rendered":"https:\/\/acronoticias.com\/index.php\/2026\/04\/27\/escuela-ministerial-juda-anuncia-su-conferencia-corazon-de-adorador-2026\/"},"modified":"2026-04-27T15:39:33","modified_gmt":"2026-04-27T15:39:33","slug":"escuela-ministerial-juda-anuncia-su-conferencia-corazon-de-adorador-2026","status":"publish","type":"post","link":"https:\/\/acronoticias.com\/index.php\/2026\/04\/27\/escuela-ministerial-juda-anuncia-su-conferencia-corazon-de-adorador-2026\/","title":{"rendered":"Escuela Ministerial Jud\u00e1 anuncia su conferencia \u00abCoraz\u00f3n De Adorador 2026\u00bb"},"content":{"rendered":"<p><img decoding=\"async\" width=\"355\" height=\"200\" src=\"https:\/\/nuevodiario-assets.s3.us-east-2.amazonaws.com\/wp-content\/uploads\/2026\/04\/Escuela-Ministerial-Juda-anuncia-su-3ra-edicion-de-su-conferencia-Corazon-De-Adorador-2026-6-355x200.jpeg\" class=\"webfeedsFeaturedVisual not-transparent wp-post-image\" alt=\"\" style=\"--dominant-color: #302f2d;margin-bottom: 5px;clear:both;max-width: 100%\" loading=\"lazy\" data-has-transparency=\"false\" data-dominant-color=\"302f2d\" \/><\/p>\n<p>EL NUEVO DIARIO, SANTO DOMINGO.- La Escuela Ministerial Jud\u00e1 anuncia la celebraci\u00f3n de una nueva edici\u00f3n de su conferencia \u201cCoraz\u00f3n De Adorador\u201d, que tendr\u00e1 lugar el viernes 22 s\u00e1bado 23 de Mayo de 2026, en las instalaciones del Ministerio Apost\u00f3lico y Prof\u00e9tico Dios Es Amor (MAPDEA), en Santo Domingo Oeste.<\/p>\n<p>Con m\u00e1s de 20 a\u00f1os de trayectoria, formando y capacitando a miles de ministros del altar, la Escuela Ministerial Jud\u00e1 contin\u00faa fortaleciendo su compromiso con la excelencia ministerial, convocando al pueblo de Dios a ser parte de este movimiento que busca reafirmar el verdadero significado de la adoraci\u00f3n y el servicio a Dios.<\/p>\n<p>La invitaci\u00f3n est\u00e1 dirigida a ministros cristianos: instrumentistas, cantores, pastores, l\u00edderes y estudiantes de m\u00fasica, quienes podr\u00e1n participar de un espacio dise\u00f1ado para la formaci\u00f3n integral, el crecimiento espiritual y la renovaci\u00f3n ministerial.<\/p>\n<figure id=\"attachment_3098499\" aria-describedby=\"caption-attachment-3098499\" style=\"width: 2560px\" class=\"wp-caption alignnone\"><img decoding=\"async\" data-recalc-dims=\"1\" data-dominant-color=\"282b2e\" data-has-transparency=\"false\" style=\"--dominant-color: #282b2e\" loading=\"lazy\" class=\"size-full wp-image-3098499 not-transparent\" src=\"https:\/\/i0.wp.com\/nuevodiario-assets.s3.us-east-2.amazonaws.com\/wp-content\/uploads\/2026\/04\/Escuela-Ministerial-Juda-anuncia-su-3ra-edicion-de-su-conferencia-Corazon-De-Adorador-2026-4-scaled.jpeg?resize=640%2C427&#038;quality=100&#038;ssl=1\" alt=\"\" width=\"640\" height=\"427\" \/><figcaption id=\"caption-attachment-3098499\" class=\"wp-caption-text\"><em><strong>(Foto: Organizadores del evento)<\/strong><\/em><\/figcaption><\/figure>\n<p>Seg\u00fan un comunicado, la actividad contar\u00e1 con conferencias, plenarias y una variada oferta de talleres enfocados en elevar el nivel de excelencia en el servicio, abordando tanto el \u00e1mbito espiritual como la teor\u00eda y t\u00e9cnica musical. La directiva de la Escuela inform\u00f3 que, en esta tercera edici\u00f3n, el programa incluir\u00e1 la participaci\u00f3n de un coro de 100 voces.<\/p>\n<figure id=\"attachment_3098497\" aria-describedby=\"caption-attachment-3098497\" style=\"width: 2170px\" class=\"wp-caption alignnone\"><img decoding=\"async\" data-recalc-dims=\"1\" data-dominant-color=\"556772\" data-has-transparency=\"false\" style=\"--dominant-color: #556772\" loading=\"lazy\" class=\"size-full wp-image-3098497 not-transparent\" src=\"https:\/\/i0.wp.com\/nuevodiario-assets.s3.us-east-2.amazonaws.com\/wp-content\/uploads\/2026\/04\/Escuela-Ministerial-Juda-anuncia-su-3ra-edicion-de-su-conferencia-Corazon-De-Adorador-2026-3-scaled.jpeg?resize=640%2C755&#038;quality=100&#038;ssl=1\" alt=\"\" width=\"640\" height=\"755\" \/><figcaption id=\"caption-attachment-3098497\" class=\"wp-caption-text\"><em><strong>(Foto: Organizadores del evento)<\/strong><\/em><\/figcaption><\/figure>\n<p>Los interesados en participar pueden acceder al sitio web oficial www.corazondeadorador.com, donde encontrar\u00e1n el programa completo de actividades y podr\u00e1n registrarse en los talleres. Estos contar\u00e1n con certificado de participaci\u00f3n, y tanto los talleres como la entrada general ser\u00e1n impartidos sin costo alguno.<\/p>\n<p>La entrada <a href=\"https:\/\/elnuevodiario.com.do\/escuela-ministerial-juda-anuncia-su-conferencia-corazon-de-adorador-2026\/\">Escuela Ministerial Jud\u00e1 anuncia su conferencia \u00abCoraz\u00f3n De Adorador 2026\u00bb<\/a> se public\u00f3 primero en <a href=\"https:\/\/elnuevodiario.com.do\">El Nuevo Diario (Rep\u00fablica Dominicana)<\/a>.<\/p>\n","protected":false},"excerpt":{"rendered":"<p>EL NUEVO DIARIO, SANTO DOMINGO.- La Escuela Ministerial Jud\u00e1 anuncia la celebraci\u00f3n de una nueva edici\u00f3n de su conferencia \u201cCoraz\u00f3n De Adorador\u201d, que tendr\u00e1 lugar el viernes 22 s\u00e1bado 23 de Mayo de 2026, en las instalaciones del Ministerio Apost\u00f3lico y Prof\u00e9tico Dios Es Amor (MAPDEA), en Santo Domingo Oeste. Con m\u00e1s de 20 a\u00f1os<\/p>\n","protected":false},"author":1,"featured_media":37406,"comment_status":"open","ping_status":"open","sticky":false,"template":"","format":"standard","meta":{"footnotes":""},"categories":[1],"tags":[],"class_list":["post-37405","post","type-post","status-publish","format-standard","has-post-thumbnail","hentry","category-nacionales"],"_links":{"self":[{"href":"https:\/\/acronoticias.com\/index.php\/wp-json\/wp\/v2\/posts\/37405","targetHints":{"allow":["GET"]}}],"collection":[{"href":"https:\/\/acronoticias.com\/index.php\/wp-json\/wp\/v2\/posts"}],"about":[{"href":"https:\/\/acronoticias.com\/index.php\/wp-json\/wp\/v2\/types\/post"}],"author":[{"embeddable":true,"href":"https:\/\/acronoticias.com\/index.php\/wp-json\/wp\/v2\/users\/1"}],"replies":[{"embeddable":true,"href":"https:\/\/acronoticias.com\/index.php\/wp-json\/wp\/v2\/comments?post=37405"}],"version-history":[{"count":0,"href":"https:\/\/acronoticias.com\/index.php\/wp-json\/wp\/v2\/posts\/37405\/revisions"}],"wp:featuredmedia":[{"embeddable":true,"href":"https:\/\/acronoticias.com\/index.php\/wp-json\/wp\/v2\/media\/37406"}],"wp:attachment":[{"href":"https:\/\/acronoticias.com\/index.php\/wp-json\/wp\/v2\/media?parent=37405"}],"wp:term":[{"taxonomy":"category","embeddable":true,"href":"https:\/\/acronoticias.com\/index.php\/wp-json\/wp\/v2\/categories?post=37405"},{"taxonomy":"post_tag","embeddable":true,"href":"https:\/\/acronoticias.com\/index.php\/wp-json\/wp\/v2\/tags?post=37405"}],"curies":[{"name":"wp","href":"https:\/\/api.w.org\/{rel}","templated":true}]}}