{"id":37403,"date":"2026-04-27T15:23:53","date_gmt":"2026-04-27T15:23:53","guid":{"rendered":"https:\/\/acronoticias.com\/index.php\/2026\/04\/27\/colisiona-vehiculo-de-avanzada-del-cusep-en-maimon-el-presidente-no-se-encontraba\/"},"modified":"2026-04-27T15:23:53","modified_gmt":"2026-04-27T15:23:53","slug":"colisiona-vehiculo-de-avanzada-del-cusep-en-maimon-el-presidente-no-se-encontraba","status":"publish","type":"post","link":"https:\/\/acronoticias.com\/index.php\/2026\/04\/27\/colisiona-vehiculo-de-avanzada-del-cusep-en-maimon-el-presidente-no-se-encontraba\/","title":{"rendered":"Colisiona veh\u00edculo de avanzada del CUSEP en Maim\u00f3n; el presidente no se encontraba"},"content":{"rendered":"<p><img loading=\"lazy\" decoding=\"async\" width=\"355\" height=\"200\" src=\"https:\/\/nuevodiario-assets.s3.us-east-2.amazonaws.com\/wp-content\/uploads\/2026\/04\/CUED-355x200.jpeg\" class=\"webfeedsFeaturedVisual not-transparent wp-post-image\" alt=\"\" style=\"--dominant-color: #535f42;margin-bottom: 5px;clear:both;max-width: 100%\" data-has-transparency=\"false\" data-dominant-color=\"535f42\" \/><\/p>\n<p><em>Por: Luiyi Peralta<\/em><\/p>\n<p>EL NUEVO DIARIO, PUERTO PLATA.- La ma\u00f1ana de este lunes se registr\u00f3 un accidente de tr\u00e1nsito en el distrito de Maim\u00f3n, Puerto Plata, cuando un veh\u00edculo perteneciente a la avanzada del Cuerpo de Seguridad Presidencial (CUSEP) colision\u00f3 con un autom\u00f3vil marca Hyundai Sonata.<\/p>\n<p>Seg\u00fan un comunicado del CUSEP, el hecho ocurri\u00f3 a las 8:56 de la ma\u00f1ana, mientras personal de la avanzada presidencial se trasladaba hacia una actividad oficial en la provincia de Puerto Plata.<\/p>\n<p>En el hecho estuvieron involucrados dos veh\u00edculos: una unidad oficial asignada a la escolta presidencial y un veh\u00edculo civil, como resultado del accidente, dos miembros de la escolta presidencial y un ciudadano civil presentaron traumas diversos.<\/p>\n<p><img loading=\"lazy\" decoding=\"async\" data-recalc-dims=\"1\" data-dominant-color=\"57635a\" data-has-transparency=\"false\" style=\"--dominant-color: #57635a\" class=\"alignnone wp-image-3098584 size-full not-transparent\" src=\"https:\/\/i0.wp.com\/nuevodiario-assets.s3.us-east-2.amazonaws.com\/wp-content\/uploads\/2026\/04\/AccidenteCUED.jpeg?resize=640%2C473&#038;quality=100&#038;ssl=1\" alt=\"\" width=\"640\" height=\"473\" \/><\/p>\n<p>Los afectados fueron asistidos de inmediato y trasladados a los centros de salud m\u00e1s cercanos, donde reciben las atenciones m\u00e9dicas correspondientes.<\/p>\n<p>Se precisa que el presidente Luis Abinader no se desplazaba en dicha caravana al momento del incidente.<\/p>\n<p>En el veh\u00edculo oficial se trasladaban Mariales Veras Abreu, primer teniente del Ej\u00e9rcito de la Rep\u00fablica Dominicana (ERD), quien fung\u00eda como copiloto, y Julio Miguel Santos, segundo teniente de la Polic\u00eda Nacional (PN), quien conduc\u00eda.<\/p>\n<p>Autoridades acudieron al lugar para asistir a los involucrados e iniciar las investigaciones correspondientes sobre este incidente.<\/p>\n<p>&nbsp;<\/p>\n<p>La entrada <a href=\"https:\/\/elnuevodiario.com.do\/colisiona-vehiculo-de-avanzada-del-cusep-en-maimon-conductor-habria-perdido-el-conocimiento\/\">Colisiona veh\u00edculo de avanzada del CUSEP en Maim\u00f3n; el presidente no se encontraba<\/a> se public\u00f3 primero en <a href=\"https:\/\/elnuevodiario.com.do\">El Nuevo Diario (Rep\u00fablica Dominicana)<\/a>.<\/p>\n","protected":false},"excerpt":{"rendered":"<p>Por: Luiyi Peralta EL NUEVO DIARIO, PUERTO PLATA.- La ma\u00f1ana de este lunes se registr\u00f3 un accidente de tr\u00e1nsito en el distrito de Maim\u00f3n, Puerto Plata, cuando un veh\u00edculo perteneciente a la avanzada del Cuerpo de Seguridad Presidencial (CUSEP) colision\u00f3 con un autom\u00f3vil marca Hyundai Sonata. Seg\u00fan un comunicado del CUSEP, el hecho ocurri\u00f3 a<\/p>\n","protected":false},"author":1,"featured_media":37404,"comment_status":"open","ping_status":"open","sticky":false,"template":"","format":"standard","meta":{"footnotes":""},"categories":[1],"tags":[],"class_list":["post-37403","post","type-post","status-publish","format-standard","has-post-thumbnail","hentry","category-nacionales"],"_links":{"self":[{"href":"https:\/\/acronoticias.com\/index.php\/wp-json\/wp\/v2\/posts\/37403","targetHints":{"allow":["GET"]}}],"collection":[{"href":"https:\/\/acronoticias.com\/index.php\/wp-json\/wp\/v2\/posts"}],"about":[{"href":"https:\/\/acronoticias.com\/index.php\/wp-json\/wp\/v2\/types\/post"}],"author":[{"embeddable":true,"href":"https:\/\/acronoticias.com\/index.php\/wp-json\/wp\/v2\/users\/1"}],"replies":[{"embeddable":true,"href":"https:\/\/acronoticias.com\/index.php\/wp-json\/wp\/v2\/comments?post=37403"}],"version-history":[{"count":0,"href":"https:\/\/acronoticias.com\/index.php\/wp-json\/wp\/v2\/posts\/37403\/revisions"}],"wp:featuredmedia":[{"embeddable":true,"href":"https:\/\/acronoticias.com\/index.php\/wp-json\/wp\/v2\/media\/37404"}],"wp:attachment":[{"href":"https:\/\/acronoticias.com\/index.php\/wp-json\/wp\/v2\/media?parent=37403"}],"wp:term":[{"taxonomy":"category","embeddable":true,"href":"https:\/\/acronoticias.com\/index.php\/wp-json\/wp\/v2\/categories?post=37403"},{"taxonomy":"post_tag","embeddable":true,"href":"https:\/\/acronoticias.com\/index.php\/wp-json\/wp\/v2\/tags?post=37403"}],"curies":[{"name":"wp","href":"https:\/\/api.w.org\/{rel}","templated":true}]}}