{"id":37397,"date":"2026-04-27T14:51:55","date_gmt":"2026-04-27T14:51:55","guid":{"rendered":"https:\/\/acronoticias.com\/index.php\/2026\/04\/27\/piden-mayor-apoyo-para-familias-neurodivergentes-y-educacion-inclusiva-de-calidad-en-rd\/"},"modified":"2026-04-27T14:51:55","modified_gmt":"2026-04-27T14:51:55","slug":"piden-mayor-apoyo-para-familias-neurodivergentes-y-educacion-inclusiva-de-calidad-en-rd","status":"publish","type":"post","link":"https:\/\/acronoticias.com\/index.php\/2026\/04\/27\/piden-mayor-apoyo-para-familias-neurodivergentes-y-educacion-inclusiva-de-calidad-en-rd\/","title":{"rendered":"Piden mayor apoyo para familias neurodivergentes y educaci\u00f3n inclusiva de calidad en RD"},"content":{"rendered":"<p><img decoding=\"async\" width=\"355\" height=\"200\" src=\"https:\/\/nuevodiario-assets.s3.us-east-2.amazonaws.com\/wp-content\/uploads\/2023\/08\/25161721\/WhatsApp-Image-2023-08-25-at-8.16.45-PM.jpeg\" class=\"webfeedsFeaturedVisual wp-post-image\" alt=\"Nere Moreta, comunicadora. (Foto: El Nuevo Diario)\" style=\"margin-bottom: 5px;clear:both;max-width: 100%\" loading=\"lazy\" \/><\/p>\n<p>EL NUEVO DIARIO,SANTO DOMINGO.-La comunicadora Nere Moreta hizo un llamado a la uni\u00f3n y al apoyo mutuo entre las familias neurodivergentes, destacando la importancia de acompa\u00f1ar a las personas con autismo durante todas las etapas de su vida.<\/p>\n<p>Moreta explic\u00f3 que el autismo es una condici\u00f3n permanente y que los distintos niveles de apoyo no deben interpretarse como ausencia de necesidades. Se\u00f1al\u00f3 que una persona con nivel de apoyo uno, aunque sea considerada dentro de un grado leve, tambi\u00e9n requiere acompa\u00f1amiento para su desarrollo personal, social y laboral.<\/p>\n<p>Indic\u00f3 que, en muchos casos, quienes se encuentran en niveles de apoyo m\u00e1s altos suelen contar con mayor respaldo familiar, mientras que a las personas con nivel de apoyo uno se les exige adaptarse a competencias neurot\u00edpicas sin recibir la ayuda necesaria.<\/p>\n<p>La comunicadora hizo esas declaraciones durante su participaci\u00f3n en el programa \u00abLa Embajada\u00bb transmitido por la plataforma digital El Nuevo Diario TV.<\/p>\n<p>(Ver programa)<\/p>\n<p><a href=\"https:\/\/elnuevodiario.com.do\/tv\/la-embajada-cierre-del-mes-del-autismo\/\">La Embajada \u2013 Cierre del Mes del Autismo \u2013 El Nuevo Diario (Rep\u00fablica Dominicana)<\/a><\/p>\n<p>Asimismo, valor\u00f3 los avances que ha tenido Rep\u00fablica Dominicana en materia de inclusi\u00f3n. Record\u00f3 que, cuando surgi\u00f3 la Fundaci\u00f3n Dominicana de Autismo, era pr\u00e1cticamente la \u00fanica instituci\u00f3n dedicada al tema, mientras que hoy existen m\u00e1s espacios de apoyo y ya se habla de colegios inclusivos en el pa\u00eds.<\/p>\n<p>Sin embargo, advirti\u00f3 que todav\u00eda falta mucho por hacer, especialmente en el sistema educativo. Compar\u00f3 la realidad dominicana con la de Estados Unidos, donde los ni\u00f1os diagnosticados reciben un Plan de Educaci\u00f3n Individualizada, un documento con validez legal que garantiza metas concretas de aprendizaje y una educaci\u00f3n gratuita, individualizada y apropiada.<\/p>\n<p>Explic\u00f3 que una educaci\u00f3n apropiada no significa necesariamente asistir a la mejor escuela, sino contar con una metodolog\u00eda adecuada a las necesidades espec\u00edficas de cada estudiante, permitiendo su verdadero avance acad\u00e9mico y personal.<\/p>\n<p>En ese sentido, hizo un llamado a las autoridades dominicanas para aprovechar los recursos destinados a la educaci\u00f3n y desarrollar programas de atenci\u00f3n individualizada, incluyendo espacios especializados para ni\u00f1os que requieren mayores niveles de apoyo.<\/p>\n<p>Moreta subray\u00f3 que no todos los ni\u00f1os necesitan una maestra sombra, ya que algunos requieren otro tipo de intervenci\u00f3n m\u00e1s especializada, por lo que insisti\u00f3 en la necesidad de dise\u00f1ar respuestas adaptadas a cada caso.<\/p>\n<p>La comunicadora invit\u00f3 a las familias a participar en la capacitaci\u00f3n gratuita que ofrece la Fundaci\u00f3n Dominicana de Autismo junto al licenciado Heisenberg Grullart, un programa de tres meses enfocado en estrategias de intervenci\u00f3n, manejo de conductas complejas y formaci\u00f3n de padres como co-terapeutas.<\/p>\n<p>Destac\u00f3 que esta iniciativa permite a muchas familias continuar apoyando a sus hijos, incluso cuando no tienen acceso directo a terapias especializadas.<\/p>\n<p>En ese sentido, indic\u00f3 que las personas interesadas pueden comunicarse con la Fundaci\u00f3n Dominicana de Autismo y solicitar informaci\u00f3n sobre esta capacitaci\u00f3n, la cual representa una valiosa oportunidad de aprendizaje, orientaci\u00f3n y acompa\u00f1amiento para las familias neurodivergentes.<\/p>\n<p>La entrada <a href=\"https:\/\/elnuevodiario.com.do\/piden-mayor-apoyo-para-familias-neurodivergentes-y-educacion-inclusiva-de-calidad-en-rd\/\">Piden mayor apoyo para familias neurodivergentes y educaci\u00f3n inclusiva de calidad en RD<\/a> se public\u00f3 primero en <a href=\"https:\/\/elnuevodiario.com.do\">El Nuevo Diario (Rep\u00fablica Dominicana)<\/a>.<\/p>\n","protected":false},"excerpt":{"rendered":"<p>EL NUEVO DIARIO,SANTO DOMINGO.-La comunicadora Nere Moreta hizo un llamado a la uni\u00f3n y al apoyo mutuo entre las familias neurodivergentes, destacando la importancia de acompa\u00f1ar a las personas con autismo durante todas las etapas de su vida. Moreta explic\u00f3 que el autismo es una condici\u00f3n permanente y que los distintos niveles de apoyo no<\/p>\n","protected":false},"author":1,"featured_media":37398,"comment_status":"open","ping_status":"open","sticky":false,"template":"","format":"standard","meta":{"footnotes":""},"categories":[1],"tags":[],"class_list":["post-37397","post","type-post","status-publish","format-standard","has-post-thumbnail","hentry","category-nacionales"],"_links":{"self":[{"href":"https:\/\/acronoticias.com\/index.php\/wp-json\/wp\/v2\/posts\/37397","targetHints":{"allow":["GET"]}}],"collection":[{"href":"https:\/\/acronoticias.com\/index.php\/wp-json\/wp\/v2\/posts"}],"about":[{"href":"https:\/\/acronoticias.com\/index.php\/wp-json\/wp\/v2\/types\/post"}],"author":[{"embeddable":true,"href":"https:\/\/acronoticias.com\/index.php\/wp-json\/wp\/v2\/users\/1"}],"replies":[{"embeddable":true,"href":"https:\/\/acronoticias.com\/index.php\/wp-json\/wp\/v2\/comments?post=37397"}],"version-history":[{"count":0,"href":"https:\/\/acronoticias.com\/index.php\/wp-json\/wp\/v2\/posts\/37397\/revisions"}],"wp:featuredmedia":[{"embeddable":true,"href":"https:\/\/acronoticias.com\/index.php\/wp-json\/wp\/v2\/media\/37398"}],"wp:attachment":[{"href":"https:\/\/acronoticias.com\/index.php\/wp-json\/wp\/v2\/media?parent=37397"}],"wp:term":[{"taxonomy":"category","embeddable":true,"href":"https:\/\/acronoticias.com\/index.php\/wp-json\/wp\/v2\/categories?post=37397"},{"taxonomy":"post_tag","embeddable":true,"href":"https:\/\/acronoticias.com\/index.php\/wp-json\/wp\/v2\/tags?post=37397"}],"curies":[{"name":"wp","href":"https:\/\/api.w.org\/{rel}","templated":true}]}}