{"id":37395,"date":"2026-04-27T14:35:59","date_gmt":"2026-04-27T14:35:59","guid":{"rendered":"https:\/\/acronoticias.com\/index.php\/2026\/04\/27\/economista-propone-crear-plan-de-austeridad-por-retos-economicos-y-politicos\/"},"modified":"2026-04-27T14:35:59","modified_gmt":"2026-04-27T14:35:59","slug":"economista-propone-crear-plan-de-austeridad-por-retos-economicos-y-politicos","status":"publish","type":"post","link":"https:\/\/acronoticias.com\/index.php\/2026\/04\/27\/economista-propone-crear-plan-de-austeridad-por-retos-economicos-y-politicos\/","title":{"rendered":"Economista propone crear plan de austeridad por retos econ\u00f3micos y pol\u00edticos"},"content":{"rendered":"<p><img loading=\"lazy\" decoding=\"async\" width=\"355\" height=\"200\" src=\"https:\/\/nuevodiario-assets.s3.us-east-2.amazonaws.com\/wp-content\/uploads\/2026\/04\/WhatsApp-Image-2026-04-27-at-9.30.41-AM-355x200.jpeg\" class=\"webfeedsFeaturedVisual not-transparent wp-post-image\" alt=\"El economista y miembro del Comit\u00e9 Pol\u00edtico del PLD, Luis Reyes. (Foto: Wandel Almonte)\" style=\"--dominant-color: #867173;margin-bottom: 5px;clear:both;max-width: 100%\" data-has-transparency=\"false\" data-dominant-color=\"867173\" \/><\/p>\n<p><span style=\"font-weight: 400\">Por: Carolina Alvarez<\/span><\/p>\n<p><span style=\"font-weight: 400\">EL NUEVO DIARIO, SANTO DOMINGO.- El economista y miembro del Comit\u00e9 Pol\u00edtico del Partido de la Liberaci\u00f3n Dominicana, Luis Reyes Santos, afirm\u00f3 que la Rep\u00fablica Dominicana necesitar\u00e1 aplicar un plan de austeridad y mejorar la calidad del gasto p\u00fablico para enfrentar los desaf\u00edos econ\u00f3micos derivados de la incertidumbre internacional y los desequilibrios fiscales internos.<\/span><\/p>\n<p><span style=\"font-weight: 400\">Reyes advirti\u00f3 que tras los choques externos como la pandemia y la crisis energ\u00e9tica, el gobierno debi\u00f3 desmontar progresivamente las medidas extraordinarias de gasto, especialmente en programas sociales. \u201cEl presupuesto destinado a los programas sociales ha pasado de unos 14 mil o 15 mil millones de pesos en 2019 a m\u00e1s de 44 mil millones en la actualidad, lo que representa m\u00e1s que la duplicaci\u00f3n real del gasto, pese a que el gobierno indica que los niveles de pobreza han disminuido\u201d, advirti\u00f3.<\/span><\/p>\n<p><span style=\"font-weight: 400\">\u201cAh\u00ed hay una contradicci\u00f3n evidente, se gasta m\u00e1s en t\u00e9rminos reales, pero hay menos pobres seg\u00fan las propias cifras oficiales\u201d, sostuvo.<\/span><\/p>\n<p><span style=\"font-weight: 400\">El ex viceministro de Hacienda y de Director General de Presupuesto consider\u00f3 que el pa\u00eds enfrenta un entorno de alta incertidumbre global, marcado por tensiones geopol\u00edticas, volatilidad en los precios de los combustibles y posibles efectos indirectos como desaceleraci\u00f3n del comercio internacional o aumento de tasas de inter\u00e9s en econom\u00edas como Estados Unidos.<\/span><\/p>\n<p><span style=\"font-weight: 400\">Ante ese panorama, plante\u00f3 que la principal medida inmediata debe ser un plan de austeridad que permita fortalecer la credibilidad del pa\u00eds tanto a nivel interno como ante organismos internacionales y mercados financieros. \u201cUn plan de austeridad le da al gobierno autoridad moral para tomar decisiones dif\u00edciles si las circunstancias lo exigen\u201d, explic\u00f3 <a href=\"https:\/\/luisreyessantos.com\/\">Reyes<\/a>.<\/span><\/p>\n<p><strong>VER PROGRAMA:<\/strong><\/p>\n<div class=\"jetpack-video-wrapper\"><\/div>\n<p><span style=\"font-weight: 400\">En cuanto a una eventual reforma fiscal, reiter\u00f3 que no debe centrarse \u00fanicamente en figuras impositivas espec\u00edficas, como la ampliaci\u00f3n del ITBIS, sino en un enfoque integral que garantice equidad y subray\u00f3 que, si los sectores de mayores ingresos no contribuyen de manera proporcional, \u201cser\u00e1 dif\u00edcil lograr aceptaci\u00f3n social\u201d.<\/span><\/p>\n<p><span style=\"font-weight: 400\">Al ser entrevistado en el espacio El Nuevo Diario AM, transmitido por la plataforma digital El Nuevo Diario TV y conducido por Enrique \u201cTuto\u201d Mota, Nadia Andujar y Julio Clemente, el pol\u00edtico abord\u00f3 la situaci\u00f3n interna del PLD, se\u00f1alando que la organizaci\u00f3n debe concentrarse en su fortalecimiento institucional de cara a las pr\u00f3ximas elecciones e indic\u00f3 que las principales figuras con mayores posibilidades de candidatura son Francisco Javier Garc\u00eda y Gonzalo Castillo, resaltando que ambos deben mantener una relaci\u00f3n de respeto y colaboraci\u00f3n para evitar divisiones internas. \u201cLo mejor que le puede pasar al partido es que haya entendimiento y voluntad de servir\u201d, concluy\u00f3.<\/span><\/p>\n<p>&nbsp;<\/p>\n<p>La entrada <a href=\"https:\/\/elnuevodiario.com.do\/economista-propone-crear-plan\/\">Economista propone crear plan de austeridad por retos econ\u00f3micos y pol\u00edticos<\/a> se public\u00f3 primero en <a href=\"https:\/\/elnuevodiario.com.do\">El Nuevo Diario (Rep\u00fablica Dominicana)<\/a>.<\/p>\n","protected":false},"excerpt":{"rendered":"<p>Por: Carolina Alvarez EL NUEVO DIARIO, SANTO DOMINGO.- El economista y miembro del Comit\u00e9 Pol\u00edtico del Partido de la Liberaci\u00f3n Dominicana, Luis Reyes Santos, afirm\u00f3 que la Rep\u00fablica Dominicana necesitar\u00e1 aplicar un plan de austeridad y mejorar la calidad del gasto p\u00fablico para enfrentar los desaf\u00edos econ\u00f3micos derivados de la incertidumbre internacional y los desequilibrios<\/p>\n","protected":false},"author":1,"featured_media":37396,"comment_status":"open","ping_status":"open","sticky":false,"template":"","format":"standard","meta":{"footnotes":""},"categories":[1],"tags":[],"class_list":["post-37395","post","type-post","status-publish","format-standard","has-post-thumbnail","hentry","category-nacionales"],"_links":{"self":[{"href":"https:\/\/acronoticias.com\/index.php\/wp-json\/wp\/v2\/posts\/37395","targetHints":{"allow":["GET"]}}],"collection":[{"href":"https:\/\/acronoticias.com\/index.php\/wp-json\/wp\/v2\/posts"}],"about":[{"href":"https:\/\/acronoticias.com\/index.php\/wp-json\/wp\/v2\/types\/post"}],"author":[{"embeddable":true,"href":"https:\/\/acronoticias.com\/index.php\/wp-json\/wp\/v2\/users\/1"}],"replies":[{"embeddable":true,"href":"https:\/\/acronoticias.com\/index.php\/wp-json\/wp\/v2\/comments?post=37395"}],"version-history":[{"count":0,"href":"https:\/\/acronoticias.com\/index.php\/wp-json\/wp\/v2\/posts\/37395\/revisions"}],"wp:featuredmedia":[{"embeddable":true,"href":"https:\/\/acronoticias.com\/index.php\/wp-json\/wp\/v2\/media\/37396"}],"wp:attachment":[{"href":"https:\/\/acronoticias.com\/index.php\/wp-json\/wp\/v2\/media?parent=37395"}],"wp:term":[{"taxonomy":"category","embeddable":true,"href":"https:\/\/acronoticias.com\/index.php\/wp-json\/wp\/v2\/categories?post=37395"},{"taxonomy":"post_tag","embeddable":true,"href":"https:\/\/acronoticias.com\/index.php\/wp-json\/wp\/v2\/tags?post=37395"}],"curies":[{"name":"wp","href":"https:\/\/api.w.org\/{rel}","templated":true}]}}