{"id":37388,"date":"2026-04-27T14:02:39","date_gmt":"2026-04-27T14:02:39","guid":{"rendered":"https:\/\/acronoticias.com\/index.php\/2026\/04\/27\/fucimdres-se-consolida-como-fuerza-de-los-medios-digitales-con-iii-congreso-que-reconoce-a-miguel-franjul\/"},"modified":"2026-04-27T14:02:39","modified_gmt":"2026-04-27T14:02:39","slug":"fucimdres-se-consolida-como-fuerza-de-los-medios-digitales-con-iii-congreso-que-reconoce-a-miguel-franjul","status":"publish","type":"post","link":"https:\/\/acronoticias.com\/index.php\/2026\/04\/27\/fucimdres-se-consolida-como-fuerza-de-los-medios-digitales-con-iii-congreso-que-reconoce-a-miguel-franjul\/","title":{"rendered":"Fucimdres se consolida como fuerza de los medios digitales con III Congreso que reconoce a Miguel Franjul"},"content":{"rendered":"<p><img loading=\"lazy\" decoding=\"async\" width=\"355\" height=\"200\" src=\"https:\/\/nuevodiario-assets.s3.us-east-2.amazonaws.com\/wp-content\/uploads\/2026\/04\/Miguel-Franjul-355x200.jpeg\" class=\"webfeedsFeaturedVisual not-transparent wp-post-image\" alt=\"\" style=\"--dominant-color: #4f6776;margin-bottom: 5px;clear:both;max-width: 100%\" data-has-transparency=\"false\" data-dominant-color=\"4f6776\" \/><\/p>\n<p>EL NUEVO DIARIO, SANTO DOMINGO.- La Fundaci\u00f3n del C\u00edrculo de Medios Digitales y Redes Sociales (FUCIMDRES) se posiciona como una de las principales plataformas de fortalecimiento, capacitaci\u00f3n e impulso de los medios digitales del pa\u00eds con la celebraci\u00f3n del III Congreso de Medios Digitales y Redes Sociales, donde se reconoci\u00f3 los 55 a\u00f1os de trayectoria period\u00edstica de Miguel Franjul.<\/p>\n<p>El evento se realiz\u00f3 el viernes 17 de abril de 2026 en el Sal\u00f3n Lina del Hotel Barcel\u00f3 Santo Domingo, bajo el lema \u201cTransformando la narrativa informativa con Inteligencia Artificial\u201d, donde reuni\u00f3 m\u00e1s de 100 periodistas, comunicadores, creadores de contenido y expertos tecnol\u00f3gicos para debatir el presente y futuro de la comunicaci\u00f3n digital.<\/p>\n<p>El presidente de FUCIMDRES, Kelvin Fa\u00f1a, destac\u00f3 que el congreso reafirma el compromiso de la instituci\u00f3n con la profesionalizaci\u00f3n del sector y el crecimiento de los medios digitales dominicanos.<\/p>\n<p>\u201cCon este reconocimiento valoramos la trayectoria, el compromiso con la verdad y el legado de un periodista que ha marcado generaciones en el ejercicio de la comunicaci\u00f3n en nuestro pa\u00eds\u201d, expres\u00f3 Fa\u00f1a sobre el homenaje a Miguel Franjul.<\/p>\n<p>Durante la jornada, Franjul particip\u00f3 como expositor con la conferencia \u201cInteligencia Artificial y los periodistas robots: \u00bfAliados o reemplazados?\u201d, donde abord\u00f3 los retos y oportunidades que plantea la IA para el periodismo moderno.<\/p>\n<p>El congreso present\u00f3 adem\u00e1s un programa de alto nivel con figuras del \u00e1mbito medi\u00e1tico y tecnol\u00f3gico. Entre ellas, Edgar Batista, director de la Oficina Gubernamental de Tecnolog\u00edas de la Informaci\u00f3n y Comunicaci\u00f3n (OGTIC), quien desarroll\u00f3 la conferencia \u201cTransformaci\u00f3n digital del Estado: Innovaci\u00f3n, conectividad y gobierno inteligente\u201d.<\/p>\n<p>Tambi\u00e9n intervino Brea Frank con la charla \u201cDe presentador a creador digital: el reto de comunicar en m\u00faltiples plataformas\u201d, mientras que V\u00edctor Bautista expuso sobre comunicaci\u00f3n estrat\u00e9gica y medios digitales.<\/p>\n<p>La periodista Millizen Uribe particip\u00f3 con la conferencia \u201cPeriodismo sin fronteras\u201d, centrada en la visibilizaci\u00f3n de la realidad migratoria en televisi\u00f3n y plataformas digitales.<\/p>\n<p>El evento tambi\u00e9n integr\u00f3 el panel \u201cTrending topics y poder p\u00fablico: periodismo joven que marca agenda\u201d, con la participaci\u00f3n de Cristian Cabrera, Shaddai Eves y Gilbert Guzm\u00e1n.<\/p>\n<p>Asimismo, se desarroll\u00f3 el di\u00e1logo sobre la \u201cLey 53-07: lo que lo medios digitales deben saber antes de publicar\u201d, a cargo del periodista y abogado, Kelvin Fa\u00f1a.<\/p>\n<p>Durante la actividad, FUCIMDRES entreg\u00f3 reconocimientos especiales a Julissa Montilla, N\u00e9stor Est\u00e9vez y Danylsa Vargas, por sus aportes al periodismo nacional.<\/p>\n<p>El congreso inici\u00f3 a las 8:30 de la ma\u00f1ana y ofreci\u00f3 certificados, materiales de apoyo, caf\u00e9 permanente, bocadillos y almuerzo, adem\u00e1s de rifas de televisores donados por la diputada, Selin\u00e9e M\u00e9ndez, estad\u00edas hoteleras, equipos electr\u00f3nicos, electrodom\u00e9sticos donados por la Direcci\u00f3n General de Proyectos Estrat\u00e9gicos y Especiales (PROPEEP)c descuentos en boletos a\u00e9reos para seminarios internacionales y un viaje a Colombia.<\/p>\n<p>Con esta tercera edici\u00f3n, FUCIMDRES fortalece su liderazgo como entidad representativa de los medios digitales, impulsando la innovaci\u00f3n, la credibilidad y la transformaci\u00f3n comunicacional en la Rep\u00fablica Dominicana.<\/p>\n<p>&nbsp;<\/p>\n<p>La entrada <a href=\"https:\/\/elnuevodiario.com.do\/fucimdres-se-consolida-como-fuerza-de-los-medios-digitales-con-iii-congreso-que-reconoce-a-miguel-franjul\/\">Fucimdres se consolida como fuerza de los medios digitales con III Congreso que reconoce a Miguel Franjul<\/a> se public\u00f3 primero en <a href=\"https:\/\/elnuevodiario.com.do\">El Nuevo Diario (Rep\u00fablica Dominicana)<\/a>.<\/p>\n","protected":false},"excerpt":{"rendered":"<p>EL NUEVO DIARIO, SANTO DOMINGO.- La Fundaci\u00f3n del C\u00edrculo de Medios Digitales y Redes Sociales (FUCIMDRES) se posiciona como una de las principales plataformas de fortalecimiento, capacitaci\u00f3n e impulso de los medios digitales del pa\u00eds con la celebraci\u00f3n del III Congreso de Medios Digitales y Redes Sociales, donde se reconoci\u00f3 los 55 a\u00f1os de trayectoria<\/p>\n","protected":false},"author":1,"featured_media":37389,"comment_status":"open","ping_status":"open","sticky":false,"template":"","format":"standard","meta":{"footnotes":""},"categories":[1],"tags":[],"class_list":["post-37388","post","type-post","status-publish","format-standard","has-post-thumbnail","hentry","category-nacionales"],"_links":{"self":[{"href":"https:\/\/acronoticias.com\/index.php\/wp-json\/wp\/v2\/posts\/37388","targetHints":{"allow":["GET"]}}],"collection":[{"href":"https:\/\/acronoticias.com\/index.php\/wp-json\/wp\/v2\/posts"}],"about":[{"href":"https:\/\/acronoticias.com\/index.php\/wp-json\/wp\/v2\/types\/post"}],"author":[{"embeddable":true,"href":"https:\/\/acronoticias.com\/index.php\/wp-json\/wp\/v2\/users\/1"}],"replies":[{"embeddable":true,"href":"https:\/\/acronoticias.com\/index.php\/wp-json\/wp\/v2\/comments?post=37388"}],"version-history":[{"count":0,"href":"https:\/\/acronoticias.com\/index.php\/wp-json\/wp\/v2\/posts\/37388\/revisions"}],"wp:featuredmedia":[{"embeddable":true,"href":"https:\/\/acronoticias.com\/index.php\/wp-json\/wp\/v2\/media\/37389"}],"wp:attachment":[{"href":"https:\/\/acronoticias.com\/index.php\/wp-json\/wp\/v2\/media?parent=37388"}],"wp:term":[{"taxonomy":"category","embeddable":true,"href":"https:\/\/acronoticias.com\/index.php\/wp-json\/wp\/v2\/categories?post=37388"},{"taxonomy":"post_tag","embeddable":true,"href":"https:\/\/acronoticias.com\/index.php\/wp-json\/wp\/v2\/tags?post=37388"}],"curies":[{"name":"wp","href":"https:\/\/api.w.org\/{rel}","templated":true}]}}